{"id":30520,"date":"2024-12-13T17:21:12","date_gmt":"2024-12-13T20:21:12","guid":{"rendered":"https:\/\/novasdodia.com.br\/index.php\/2024\/12\/13\/ses-apresenta-plano-de-regionalizacao-em-visita-ao-hospital-regional-de-coxim-agencia-de-noticias-do-governo-de-mato-grosso-do-sul\/"},"modified":"2024-12-13T17:21:12","modified_gmt":"2024-12-13T20:21:12","slug":"ses-apresenta-plano-de-regionalizacao-em-visita-ao-hospital-regional-de-coxim-agencia-de-noticias-do-governo-de-mato-grosso-do-sul","status":"publish","type":"post","link":"https:\/\/novasdodia.com.br\/index.php\/2024\/12\/13\/ses-apresenta-plano-de-regionalizacao-em-visita-ao-hospital-regional-de-coxim-agencia-de-noticias-do-governo-de-mato-grosso-do-sul\/","title":{"rendered":"SES apresenta plano de regionaliza\u00e7\u00e3o em visita ao Hospital Regional de Coxim \u2013 Ag\u00eancia de Noticias do Governo de Mato Grosso do Sul"},"content":{"rendered":"<p><\/p>\n<div>\n<p style=\"text-align: center;\"><em>Estrat\u00e9gia busca descentralizar atendimentos de m\u00e9dia e alta complexidade, ampliando servi\u00e7os no interior de Mato Grosso do Sul<\/em><\/p>\n<p>O Hospital Regional Dr. \u00c1lvaro Fontoura Silva, em Coxim, foi o mais recente a receber a equipe da SES (Secretaria de Estado de Sa\u00fade), com visita do secret\u00e1rio estadual de Sa\u00fade, Maur\u00edcio Sim\u00f5es Corr\u00eaa, da Superintendente de Gest\u00e3o Estrat\u00e9gica, Maria Ang\u00e9lica Benetasso, e do titular da Assessoria T\u00e9cnica M\u00e9dica da SES, Dr. Jo\u00e3o Ricardo Tognini, na \u00faltima quinta-feira (12).<\/p>\n<p>A visita faz parte da s\u00e9rie de encontros para apresentar o Plano de Regionaliza\u00e7\u00e3o Hospitalar, uma iniciativa do Governo do Estado para ampliar o acesso a procedimentos e atendimentos de m\u00e9dia e alta complexidade no interior de Mato Grosso do Sul.<\/p>\n<p>Acompanhados por gestores municipais e profissionais de sa\u00fade, a equipe da SES destacou o papel estrat\u00e9gico de Coxim como sede de uma das regi\u00f5es de sa\u00fade do Estado, integrada ao plano de regionaliza\u00e7\u00e3o que prev\u00ea a cria\u00e7\u00e3o de \u201ccintur\u00f5es de sa\u00fade\u201d. O objetivo \u00e9 descentralizar o atendimento em blocos, como cirurgia geral, ortopedia, urologia e oftalmologia, garantindo que os pacientes sejam tratados em suas regi\u00f5es sempre que poss\u00edvel.<\/p>\n<p>\u201cEstamos mapeando as principais demandas e identificando onde o Estado pode apoiar com recursos financeiros e t\u00e9cnicos. Coxim \u00e9 uma cidade-chave, e o Hospital Regional tem potencial para oferecer uma gama maior de servi\u00e7os, desafogando os grandes centros e beneficiando diretamente a popula\u00e7\u00e3o local e de munic\u00edpios vizinhos\u201d, afirmou Maria Ang\u00e9lica.<\/p>\n<p><strong>Avan\u00e7os em Coxim e o impacto regional<\/strong><\/p>\n<p>O Hospital Regional de Coxim j\u00e1 se destaca como refer\u00eancia para atendimentos da regi\u00e3o norte do Estado. A inclus\u00e3o no Plano de Regionaliza\u00e7\u00e3o Hospitalar visa fortalecer a capacidade da unidade, ampliando a estrutura para realizar procedimentos mais complexos. Al\u00e9m disso, a SES est\u00e1 ouvindo as demandas espec\u00edficas de cada unidade hospitalar visitada.<\/p>\n<figure id=\"attachment_498969\" aria-describedby=\"caption-attachment-498969\" style=\"width: 1280px\" class=\"wp-caption alignleft\"><figcaption id=\"caption-attachment-498969\" class=\"wp-caption-text\">Acompanhados por gestores municipais e profissionais de sa\u00fade, a equipe da SES destacou o papel estrat\u00e9gico de Coxim como sede de uma das regi\u00f5es de sa\u00fade do Estado.<\/figcaption><\/figure>\n<p><strong>Relembrando as a\u00e7\u00f5es do plano<\/strong><\/p>\n<p>Antes de Coxim, a SES j\u00e1 apresentou o Plano de Regionaliza\u00e7\u00e3o Hospitalar em cidades como Nova Andradina, Parana\u00edba e Cassil\u00e2ndia. Em Nova Andradina, a iniciativa come\u00e7ou no Hospital Regional Francisco Dantas Mani\u00e7oba, enquanto em Parana\u00edba e Cassil\u00e2ndia, o foco esteve na Santa Casa e hospitais locais, sempre com o objetivo de criar um sistema hierarquizado e integrado, que funcione como uma grande rede de sa\u00fade estadual.<\/p>\n<p>O projeto busca criar um modelo de gest\u00e3o hospitalar regionalizado que garanta agilidade, efici\u00eancia e mais proximidade entre pacientes e os servi\u00e7os de sa\u00fade. \u201cEstamos construindo uma nova realidade para a sa\u00fade p\u00fablica em Mato Grosso do Sul. Nosso objetivo \u00e9 que o paciente possa ser atendido na sua regi\u00e3o, com qualidade, sem precisar se deslocar para os grandes centros, salvo em casos de alta complexidade. \u00c9 uma estrat\u00e9gia que impacta positivamente n\u00e3o s\u00f3 a sa\u00fade, mas a vida de todos\u201d, destacou o Secret\u00e1rio de Estado de de Sa\u00fade, Maur\u00edcio Sim\u00f5es.<\/p>\n<p><em>Dan\u00fabia Burema<\/em><br \/><em>Comunica\u00e7\u00e3o SES<\/em><\/p>\n<\/div>\n","protected":false},"excerpt":{"rendered":"<p>Estrat\u00e9gia busca descentralizar atendimentos de m\u00e9dia e alta complexidade, ampliando servi\u00e7os no interior de Mato Grosso do Sul O Hospital Regional Dr. \u00c1lvaro Fontoura Silva, em Coxim, foi o mais recente a receber a equipe da SES (Secretaria de Estado de Sa\u00fade), com visita do secret\u00e1rio estadual de Sa\u00fade, Maur\u00edcio Sim\u00f5es Corr\u00eaa, da Superintendente de [&hellip;]<\/p>\n","protected":false},"author":1,"featured_media":0,"comment_status":"","ping_status":"","sticky":false,"template":"","format":"standard","meta":{"footnotes":""},"categories":[],"tags":[],"class_list":["post-30520","post","type-post","status-publish","format-standard","hentry"],"amp_enabled":true,"_links":{"self":[{"href":"https:\/\/novasdodia.com.br\/index.php\/wp-json\/wp\/v2\/posts\/30520","targetHints":{"allow":["GET"]}}],"collection":[{"href":"https:\/\/novasdodia.com.br\/index.php\/wp-json\/wp\/v2\/posts"}],"about":[{"href":"https:\/\/novasdodia.com.br\/index.php\/wp-json\/wp\/v2\/types\/post"}],"author":[{"embeddable":true,"href":"https:\/\/novasdodia.com.br\/index.php\/wp-json\/wp\/v2\/users\/1"}],"replies":[{"embeddable":true,"href":"https:\/\/novasdodia.com.br\/index.php\/wp-json\/wp\/v2\/comments?post=30520"}],"version-history":[{"count":0,"href":"https:\/\/novasdodia.com.br\/index.php\/wp-json\/wp\/v2\/posts\/30520\/revisions"}],"wp:attachment":[{"href":"https:\/\/novasdodia.com.br\/index.php\/wp-json\/wp\/v2\/media?parent=30520"}],"wp:term":[{"taxonomy":"category","embeddable":true,"href":"https:\/\/novasdodia.com.br\/index.php\/wp-json\/wp\/v2\/categories?post=30520"},{"taxonomy":"post_tag","embeddable":true,"href":"https:\/\/novasdodia.com.br\/index.php\/wp-json\/wp\/v2\/tags?post=30520"}],"curies":[{"name":"wp","href":"https:\/\/api.w.org\/{rel}","templated":true}]}}