{"id":30637,"date":"2024-12-16T13:26:06","date_gmt":"2024-12-16T16:26:06","guid":{"rendered":"https:\/\/novasdodia.com.br\/index.php\/2024\/12\/16\/temporada-de-floracao-dos-ipes-amarelos-transforma-paisagem-de-joao-pessoa\/"},"modified":"2024-12-16T13:26:06","modified_gmt":"2024-12-16T16:26:06","slug":"temporada-de-floracao-dos-ipes-amarelos-transforma-paisagem-de-joao-pessoa","status":"publish","type":"post","link":"https:\/\/novasdodia.com.br\/index.php\/2024\/12\/16\/temporada-de-floracao-dos-ipes-amarelos-transforma-paisagem-de-joao-pessoa\/","title":{"rendered":"Temporada de flora\u00e7\u00e3o dos ip\u00eas amarelos transforma paisagem de Jo\u00e3o Pessoa"},"content":{"rendered":"<p><\/p>\n<div>\n<p>Quem passa pelas ruas de Jo\u00e3o Pessoa, especialmente pela Avenida Beira Rio e sua continua\u00e7\u00e3o, a Avenida Get\u00falio Vargas e Parque Solon de Lucena, tem o prazer de admirar a flora\u00e7\u00e3o dos ip\u00eas amarelos, nessa semana de 15 a 21 de dezembro. Este ano os t\u00e9cnicos da Secretaria de Meio Ambiente (Semam) da Prefeitura de Jo\u00e3o Pessoa trataram as \u00e1rvores para que uma grande parte delas pudesse florescer praticamente no mesmo per\u00edodo, promovendo um momento raro de beleza.<\/p>\n<figure class=\"wp-block-gallery has-nested-images columns-default is-cropped wp-block-gallery-1 is-layout-flex wp-block-gallery-is-layout-flex\">\n<figure class=\"wp-block-image size-large\"><\/figure>\n<figure class=\"wp-block-image size-large\"><\/figure>\n<figure class=\"wp-block-image size-large\"><\/figure>\n<figure class=\"wp-block-image size-large\"><\/figure>\n<\/figure>\n<p>A Semam tem cadastrados aproximadamente 1.400 ip\u00eas amarelos, localizados em \u00e1reas p\u00fablicas como pra\u00e7as, parques urbanos, cal\u00e7adas, jardins p\u00fablicos e privados, canteiros centrais de ruas e avenidas e \u00e1reas verdes. Entre a Avenida Beira Rio e o Parque Solon de Luceba, s\u00e3o 90 ip\u00eas amarelos.<\/p>\n<p>Este ano os t\u00e9cnicos da Semam fizeram um manejo especial junto aos ip\u00eas amarelos. Foram feitas podas de assepsia menos agressivas, retirando as ervas de passarinho, que s\u00e3o ervas que se alimentam dos nutrientes das \u00e1rvores, deixando-as mais fr\u00e1geis. Tamb\u00e9m foi feito um tratamento contra cupins e formigas.<\/p>\n<p>O diretor de Controle Ambiental da Semam, engenheiro agr\u00f4nomo Anderson Fontes, destacou que a flora\u00e7\u00e3o deve durar entre dez e 20 dias. \u201cOs ip\u00eas amarelos s\u00e3o considerados uma das \u00e1rvores mais emblem\u00e1ticas do Brasil. A flora\u00e7\u00e3o \u00e9 sempre exuberante e para n\u00f3s, que cuidamos do patrim\u00f4nio ambiental de Jo\u00e3o Pessoa, \u00e9 uma alegria imensa quando ocorre essa flora\u00e7\u00e3o simult\u00e2nea\u201d, destacou.<\/p>\n<p>O ip\u00ea amarelo tem origem nas florestas tropicais e savanas da Am\u00e9rica do Sul, principalmente no territ\u00f3rio brasileiro. Pertence ao g\u00eanero <em>Handroanthus<\/em>, anteriormente classificado como <em>Tabebuia<\/em>. As flores s\u00e3o de um colorido vibrante, formando verdadeiros \u201ctapetes\u201d quando caem, ao redor das ra\u00edzes. As \u00e1rvores s\u00e3o nativas de biomas como Cerrado, Mata Atl\u00e2ntica e Amaz\u00f4nia, adaptando-se a diferentes condi\u00e7\u00f5es clim\u00e1ticas e de solo. Os ip\u00eas possuem grande import\u00e2ncia ecol\u00f3gica, servindo de alimento para abelhas e outros polinizadores. \u00c9 uma \u00e1rvore s\u00edmbolo da diversidade da flora brasileira.<\/p>\n<\/p><\/div>\n","protected":false},"excerpt":{"rendered":"<p>Quem passa pelas ruas de Jo\u00e3o Pessoa, especialmente pela Avenida Beira Rio e sua continua\u00e7\u00e3o, a Avenida Get\u00falio Vargas e Parque Solon de Lucena, tem o prazer de admirar a flora\u00e7\u00e3o dos ip\u00eas amarelos, nessa semana de 15 a 21 de dezembro. Este ano os t\u00e9cnicos da Secretaria de Meio Ambiente (Semam) da Prefeitura de [&hellip;]<\/p>\n","protected":false},"author":1,"featured_media":0,"comment_status":"","ping_status":"","sticky":false,"template":"","format":"standard","meta":{"footnotes":""},"categories":[1],"tags":[],"class_list":["post-30637","post","type-post","status-publish","format-standard","hentry","category-noticias"],"amp_enabled":true,"_links":{"self":[{"href":"https:\/\/novasdodia.com.br\/index.php\/wp-json\/wp\/v2\/posts\/30637","targetHints":{"allow":["GET"]}}],"collection":[{"href":"https:\/\/novasdodia.com.br\/index.php\/wp-json\/wp\/v2\/posts"}],"about":[{"href":"https:\/\/novasdodia.com.br\/index.php\/wp-json\/wp\/v2\/types\/post"}],"author":[{"embeddable":true,"href":"https:\/\/novasdodia.com.br\/index.php\/wp-json\/wp\/v2\/users\/1"}],"replies":[{"embeddable":true,"href":"https:\/\/novasdodia.com.br\/index.php\/wp-json\/wp\/v2\/comments?post=30637"}],"version-history":[{"count":0,"href":"https:\/\/novasdodia.com.br\/index.php\/wp-json\/wp\/v2\/posts\/30637\/revisions"}],"wp:attachment":[{"href":"https:\/\/novasdodia.com.br\/index.php\/wp-json\/wp\/v2\/media?parent=30637"}],"wp:term":[{"taxonomy":"category","embeddable":true,"href":"https:\/\/novasdodia.com.br\/index.php\/wp-json\/wp\/v2\/categories?post=30637"},{"taxonomy":"post_tag","embeddable":true,"href":"https:\/\/novasdodia.com.br\/index.php\/wp-json\/wp\/v2\/tags?post=30637"}],"curies":[{"name":"wp","href":"https:\/\/api.w.org\/{rel}","templated":true}]}}