{"id":30739,"date":"2024-12-18T13:03:03","date_gmt":"2024-12-18T16:03:03","guid":{"rendered":"https:\/\/novasdodia.com.br\/index.php\/2024\/12\/18\/parcerias-fortalecem-programacao-diversificada-e-gratuita-para-a-populacao-cgnoticias\/"},"modified":"2024-12-18T13:03:03","modified_gmt":"2024-12-18T16:03:03","slug":"parcerias-fortalecem-programacao-diversificada-e-gratuita-para-a-populacao-cgnoticias","status":"publish","type":"post","link":"https:\/\/novasdodia.com.br\/index.php\/2024\/12\/18\/parcerias-fortalecem-programacao-diversificada-e-gratuita-para-a-populacao-cgnoticias\/","title":{"rendered":"Parcerias fortalecem programa\u00e7\u00e3o diversificada e gratuita para a popula\u00e7\u00e3o \u2013 CGNot\u00edcias"},"content":{"rendered":"<p><\/p>\n<div>\n<p>A Prefeitura de Campo Grande realiza mais uma edi\u00e7\u00e3o de sucesso da Cidade do Natal, proporcionando momentos de lazer, cultura e entretenimento para toda a popula\u00e7\u00e3o. O evento, que j\u00e1 se tornou parte do calend\u00e1rio da cidade, oferece uma ampla programa\u00e7\u00e3o, gra\u00e7as ao apoio de empresas e entidades parceiras, refor\u00e7ando o compromisso da gest\u00e3o municipal em promover iniciativas que fomentam o bem-estar e a uni\u00e3o da comunidade.<\/p>\n<\/p>\n<p>A realiza\u00e7\u00e3o da Cidade do Natal conta com a parceria de diversas institui\u00e7\u00f5es que apoiam a iniciativa. Entre os principais colaboradores est\u00e3o \u00c1guas Guariroba, o Governo do Estado de Mato Grosso do Sul, a Federa\u00e7\u00e3o da Agricultura e Pecu\u00e1ria de Mato Grosso do Sul e o Senar\/MS. O evento tamb\u00e9m recebe patroc\u00ednio de empresas como Anbelo Engenharia, Dale Sorvetes, Energisa, MRV, O Botic\u00e1rio e Velutex, al\u00e9m do apoio de Comper, Forte<br \/>Atacadista, Vuon Card e Trudys Restaurante.<\/p>\n<\/p>\n<p>A programa\u00e7\u00e3o oferece uma experi\u00eancia completa para os visitantes. Na Casa do Papai Noel, \u00e9 poss\u00edvel vivenciar o encanto natalino, e a tradicional Parada Natalina, com a presen\u00e7a da Fam\u00edlia Rena, j\u00e1 se consolidou como uma das principais atra\u00e7\u00f5es. Al\u00e9m disso, a Cidade do Natal conta com shows musicais, garantindo divers\u00e3o e entretenimento para p\u00fablicos de todas as idades.<\/p>\n<\/p>\n<p>Para as crian\u00e7as, a divers\u00e3o \u00e9 garantida na \u00c1rea Kids, que inclui escorregador, brinquedos infl\u00e1veis, piscina de bolinhas, ve\u00edculos el\u00e9tricos para passeio e espa\u00e7os para atividades art\u00edsticas, como desenho e pintura. O carrossel, uma atra\u00e7\u00e3o em parceria com O Botic\u00e1rio, \u00e9 um destaque especial, proporcionando momentos inesquec\u00edveis para os pequenos e suas fam\u00edlias.<\/p>\n<\/p>\n<p>Quem visitar a Cidade do Natal, nos altos da Avenida Afonso Pena, poder\u00e1 conferir a parceria entre a Prefeitura de Campo Grande e a Energisa MS, que trouxe a Unidade M\u00f3vel Educacional como parte do Programa de Efici\u00eancia Energ\u00e9tica. O p\u00fablico tem acesso gratuito a uma sala de aula interativa, com experimentos sobre energia el\u00e9trica, distribui\u00e7\u00e3o de gibis para as crian\u00e7as e folders para os adultos com dicas de economia de energia e seguran\u00e7a. <\/p>\n<p>Al\u00e9m disso, outras regi\u00f5es da cidade tamb\u00e9m contam com atendimento da Energisa MS, dentro da programa\u00e7\u00e3o do \u201cNatal nos Bairros\u201d, onde s\u00e3o realizadas atividades como a troca de l\u00e2mpadas convencionais por modelos de LED, cadastro de clientes na Tarifa Social de Energia El\u00e9trica e distribui\u00e7\u00e3o de pipoca e algod\u00e3o doce para as crian\u00e7as. O Bairro Tarsila do Amaral foi o primeiro a receber as atividades no dia 11 de dezembro.<\/p>\n<figure class=\"wp-block-image size-large\"><\/figure>\n<p>A Cidade do Natal tamb\u00e9m valoriza a cultura local, com a presen\u00e7a de artes\u00e3os que exp\u00f5em seus trabalhos tem\u00e1ticos e uma pra\u00e7a de alimenta\u00e7\u00e3o rica em op\u00e7\u00f5es gastron\u00f4micas, que explora os sabores de Campo Grande. O pres\u00e9pio montado no espa\u00e7o resgata a tradi\u00e7\u00e3o do Natal, proporcionando um ambiente de reflex\u00e3o e celebra\u00e7\u00e3o familiar.<\/p>\n<figure class=\"wp-block-image size-large\"><\/figure>\n<p>Com entrada gratuita, o evento est\u00e1 aberto diariamente, a partir das 17h30, at\u00e9 o dia 31 de dezembro, oferecendo uma oportunidade \u00fanica para que a popula\u00e7\u00e3o celebre o esp\u00edrito natalino em um ambiente seguro e repleto de atra\u00e7\u00f5es para todas as idades.\u200b\u200b<\/p>\n<p><strong>Confira a programa\u00e7\u00e3o cultural na Cidade do Natal:<\/strong><\/p>\n<p>18\/12 (quarta-feira):\u00a0Edenis Music Inspiration e Ot\u00e1vio Neto \u2013 19h30<\/p>\n<p><strong>19\/12 (quinta-feira):<\/strong>\u00a0Coral e Orquestra Adora\u00e7\u00e3o (IEADMS) \u2013 19h<\/p>\n<p><strong>20\/12 (sexta-feira):<\/strong>\u00a0Haywana \u2013 19h30<\/p>\n<p><strong>21\/12 (s\u00e1bado):<\/strong>\u00a0Dany Cristinne \u2013 19h30<\/p>\n<p><strong>22\/12 (domingo):<\/strong>\u00a0VozMec\u00ea \u2013 19h30<\/p>\n<p><strong>23\/12 (segunda-feira):<\/strong> Coro 2\u00aa Igreja Batista \u2013 19h<\/p>\n<p><strong>25\/12 (quarta-feira):<\/strong>\u00a0Erik Esp\u00edndola \u2013 19h30<\/p>\n<p><strong>27\/12 (sexta-feira):<\/strong>\u00a0Max Henrique \u2013 19h30<\/p>\n<p><strong>28\/12 (s\u00e1bado):<\/strong>\u00a0Sampri \u2013 19h30<\/p>\n<p><strong>29\/12 (domingo):<\/strong>\u00a0Frequ\u00eancia Zero \u2013 19h30<\/p>\n<p><strong>31\/12 (ter\u00e7a-feira):<\/strong>\u00a0Daran Junior \u2013 20h30 \/ DJ BWM \u2013 22h30<\/p>\n<p><strong>Servi\u00e7o:<\/strong><\/p>\n<p><strong>Cidade do Natal<\/strong><br \/>Data: at\u00e9 31 de dezembro de 2024<br \/>Hor\u00e1rio: 17h30 \u00e0s 22h30 (exce\u00e7\u00e3o nos dias 24 e 31) <br \/>Local: Espa\u00e7o Municipal de Cultura Vila Morena<br \/>Endere\u00e7o: Altos da Afonso Pena (ao lado do Bioparque Pantanal)<\/p>\n<p><em><br \/><strong>#PraTodosVerem:<\/strong>  Imagem da capa mostra m\u00e3e e filha sorrindo  em um carrossel; a segunda imagem mostra a movimenta\u00e7\u00e3o de visitantes, na regi\u00e3o da pra\u00e7a de alimenta\u00e7\u00e3o da Cidade do Natal; a terceira foto mostra um menino com idade aproxima de dez anos, na Casa do Papai Noel, de m\u00e3os dadas com o \u201cbom velhinho\u201d e sorrindo; a quarta imagem registra tr\u00eas crian\u00e7as (duas meninas e um menino) na \u00e1rea de desenho e pintura do Espa\u00e7o Kids, ao lado do pai e sorrindo; a quinta fotografia mostra a \u00e1rea interna do espa\u00e7o kids, sob a tenda que protege o carrossel, em destaque; a sexta foto mostra a parte externa da Unidade M\u00f3vel Educacional da Energisa MS, estacionada ao lado do palco principal, na Cidade do Natal.<\/em><\/p>\n<\/div>\n<p><script async defer async defer src=\"https:\/\/connect.facebook.net\/en_US\/sdk.js?ver=1#xfbml=1&amp;version=v3.2\" id=\"prefeitura-campogrande-script-facebook-sdk-js\"><\/script><\/p>\n","protected":false},"excerpt":{"rendered":"<p>A Prefeitura de Campo Grande realiza mais uma edi\u00e7\u00e3o de sucesso da Cidade do Natal, proporcionando momentos de lazer, cultura e entretenimento para toda a popula\u00e7\u00e3o. O evento, que j\u00e1 se tornou parte do calend\u00e1rio da cidade, oferece uma ampla programa\u00e7\u00e3o, gra\u00e7as ao apoio de empresas e entidades parceiras, refor\u00e7ando o compromisso da gest\u00e3o municipal [&hellip;]<\/p>\n","protected":false},"author":1,"featured_media":0,"comment_status":"","ping_status":"","sticky":false,"template":"","format":"standard","meta":{"footnotes":""},"categories":[],"tags":[],"class_list":["post-30739","post","type-post","status-publish","format-standard","hentry"],"amp_enabled":true,"_links":{"self":[{"href":"https:\/\/novasdodia.com.br\/index.php\/wp-json\/wp\/v2\/posts\/30739","targetHints":{"allow":["GET"]}}],"collection":[{"href":"https:\/\/novasdodia.com.br\/index.php\/wp-json\/wp\/v2\/posts"}],"about":[{"href":"https:\/\/novasdodia.com.br\/index.php\/wp-json\/wp\/v2\/types\/post"}],"author":[{"embeddable":true,"href":"https:\/\/novasdodia.com.br\/index.php\/wp-json\/wp\/v2\/users\/1"}],"replies":[{"embeddable":true,"href":"https:\/\/novasdodia.com.br\/index.php\/wp-json\/wp\/v2\/comments?post=30739"}],"version-history":[{"count":0,"href":"https:\/\/novasdodia.com.br\/index.php\/wp-json\/wp\/v2\/posts\/30739\/revisions"}],"wp:attachment":[{"href":"https:\/\/novasdodia.com.br\/index.php\/wp-json\/wp\/v2\/media?parent=30739"}],"wp:term":[{"taxonomy":"category","embeddable":true,"href":"https:\/\/novasdodia.com.br\/index.php\/wp-json\/wp\/v2\/categories?post=30739"},{"taxonomy":"post_tag","embeddable":true,"href":"https:\/\/novasdodia.com.br\/index.php\/wp-json\/wp\/v2\/tags?post=30739"}],"curies":[{"name":"wp","href":"https:\/\/api.w.org\/{rel}","templated":true}]}}