{"id":30955,"date":"2024-12-23T12:10:57","date_gmt":"2024-12-23T15:10:57","guid":{"rendered":"https:\/\/novasdodia.com.br\/index.php\/2024\/12\/23\/fundacao-de-cultura-abre-edital-para-selecao-de-projetos-de-artes-cenicas-com-recursos-da-lei-aldir-blanc\/"},"modified":"2024-12-23T12:10:57","modified_gmt":"2024-12-23T15:10:57","slug":"fundacao-de-cultura-abre-edital-para-selecao-de-projetos-de-artes-cenicas-com-recursos-da-lei-aldir-blanc","status":"publish","type":"post","link":"https:\/\/novasdodia.com.br\/index.php\/2024\/12\/23\/fundacao-de-cultura-abre-edital-para-selecao-de-projetos-de-artes-cenicas-com-recursos-da-lei-aldir-blanc\/","title":{"rendered":"Funda\u00e7\u00e3o de Cultura abre edital para sele\u00e7\u00e3o de projetos de Artes C\u00eanicas com recursos da Lei Aldir Blanc"},"content":{"rendered":"<p><\/p>\n<div>\n<p>A FCMS (Funda\u00e7\u00e3o de Cultura de Mato Grosso do Sul anunciou, por meio do Di\u00e1rio Oficial do Estado desta segunda-feira (23), a publica\u00e7\u00e3o do Edital de Chamamento P\u00fablico n\u00ba 26\/2024 <em>(<strong>clique aqui para acessar<\/strong>)<\/em>. A iniciativa faz parte da PNAB (Pol\u00edtica Nacional Aldir Blanc de Fomento \u00e0 Cultura) e tem como objetivo selecionar projetos de Artes C\u00eanicas \u2013 abrangendo Circo, Dan\u00e7a e Teatro \u2013 para receber apoio financeiro. A a\u00e7\u00e3o busca promover a diversidade e a democratiza\u00e7\u00e3o do acesso \u00e0s manifesta\u00e7\u00f5es culturais no estado.<\/p>\n<p>Ser\u00e3o contemplados 18 projetos distribu\u00eddos em duas categorias:<\/p>\n<ol>\n<li><strong>Montagem e circula\u00e7\u00e3o de espet\u00e1culos in\u00e9ditos<\/strong>: dispon\u00edveis 12 vagas, sendo 4 para cada \u00e1rea (Circo, Dan\u00e7a e Teatro). Cada projeto selecionado poder\u00e1 receber at\u00e9 R$ 100 mil.<\/li>\n<li><strong>Circula\u00e7\u00e3o de espet\u00e1culos consolidados<\/strong>: dispon\u00edveis 6 vagas, divididas igualmente entre as \u00e1reas mencionadas. Nessa categoria, cada projeto poder\u00e1 receber at\u00e9 R$ 50 mil.<\/li>\n<\/ol>\n<p><strong>Crit\u00e9rios e prazos de inscri\u00e7\u00e3o<\/strong><\/p>\n<p>As inscri\u00e7\u00f5es estar\u00e3o abertas das 8h do dia 26 de dezembro de 2024 at\u00e9 as 17h do dia 27 de janeiro de 2025. Os interessados dever\u00e3o submeter suas propostas exclusivamente por meio da plataforma Prosas, acess\u00edvel em editaisms.prosas.com.br. O edital exige que os proponentes apresentem um portf\u00f3lio que comprove, no m\u00ednimo, dois anos de atua\u00e7\u00e3o cultural no Mato Grosso do Sul, al\u00e9m de documentos espec\u00edficos de acordo com a categoria selecionada.<\/p>\n<p>Podem se inscrever agentes culturais \u2013 pessoas f\u00edsicas, microempreendedores individuais (MEIs), pessoas jur\u00eddicas com ou sem fins lucrativos, e grupos ou coletivos representados por pessoa f\u00edsica \u2013 que comprovem resid\u00eancia e atua\u00e7\u00e3o no estado h\u00e1 pelo menos dois anos.<\/p>\n<p>O total dispon\u00edvel para financiamento \u00e9 de R$ 1,5 milh\u00e3o. Os recursos s\u00e3o provenientes da Lei Aldir Blanc (Lei n\u00ba 14.399\/2022), que promove o fomento cont\u00ednuo \u00e0 cultura em parceria com estados e munic\u00edpios. Os projetos devem ser executados em at\u00e9 um ano, respeitando as diretrizes de democratiza\u00e7\u00e3o e acessibilidade.<\/p>\n<p>Tamb\u00e9m est\u00e3o previstas cotas: 25% para pessoas negras (pretas e pardas), 10% para ind\u00edgenas e 5% para pessoas com defici\u00eancia. Para concorrer, os interessados dever\u00e3o preencher declara\u00e7\u00f5es espec\u00edficas e, se necess\u00e1rio, apresentar documentos comprobat\u00f3rios.<\/p>\n<p>No edital ainda est\u00e1 detalhado o cronograma com todas as etapas do processo, desde a publica\u00e7\u00e3o inicial at\u00e9 a assinatura dos termos de fomento cultural, prevista para abril de 2025.<\/p>\n<p><em>Karina Lima, Comunica\u00e7\u00e3o Setesc<\/em><br \/><em>Foto: Marith\u00ea do C\u00e9u<\/em><\/p>\n<\/div>\n","protected":false},"excerpt":{"rendered":"<p>A FCMS (Funda\u00e7\u00e3o de Cultura de Mato Grosso do Sul anunciou, por meio do Di\u00e1rio Oficial do Estado desta segunda-feira (23), a publica\u00e7\u00e3o do Edital de Chamamento P\u00fablico n\u00ba 26\/2024 (clique aqui para acessar). A iniciativa faz parte da PNAB (Pol\u00edtica Nacional Aldir Blanc de Fomento \u00e0 Cultura) e tem como objetivo selecionar projetos de [&hellip;]<\/p>\n","protected":false},"author":1,"featured_media":0,"comment_status":"","ping_status":"","sticky":false,"template":"","format":"standard","meta":{"footnotes":""},"categories":[],"tags":[],"class_list":["post-30955","post","type-post","status-publish","format-standard","hentry"],"amp_enabled":true,"_links":{"self":[{"href":"https:\/\/novasdodia.com.br\/index.php\/wp-json\/wp\/v2\/posts\/30955","targetHints":{"allow":["GET"]}}],"collection":[{"href":"https:\/\/novasdodia.com.br\/index.php\/wp-json\/wp\/v2\/posts"}],"about":[{"href":"https:\/\/novasdodia.com.br\/index.php\/wp-json\/wp\/v2\/types\/post"}],"author":[{"embeddable":true,"href":"https:\/\/novasdodia.com.br\/index.php\/wp-json\/wp\/v2\/users\/1"}],"replies":[{"embeddable":true,"href":"https:\/\/novasdodia.com.br\/index.php\/wp-json\/wp\/v2\/comments?post=30955"}],"version-history":[{"count":0,"href":"https:\/\/novasdodia.com.br\/index.php\/wp-json\/wp\/v2\/posts\/30955\/revisions"}],"wp:attachment":[{"href":"https:\/\/novasdodia.com.br\/index.php\/wp-json\/wp\/v2\/media?parent=30955"}],"wp:term":[{"taxonomy":"category","embeddable":true,"href":"https:\/\/novasdodia.com.br\/index.php\/wp-json\/wp\/v2\/categories?post=30955"},{"taxonomy":"post_tag","embeddable":true,"href":"https:\/\/novasdodia.com.br\/index.php\/wp-json\/wp\/v2\/tags?post=30955"}],"curies":[{"name":"wp","href":"https:\/\/api.w.org\/{rel}","templated":true}]}}