{"id":31142,"date":"2024-12-29T07:40:07","date_gmt":"2024-12-29T10:40:07","guid":{"rendered":"https:\/\/novasdodia.com.br\/index.php\/2024\/12\/29\/casa-da-saude-nao-tera-expediente-agencia-de-noticias-do-governo-de-mato-grosso-do-sul\/"},"modified":"2024-12-29T07:40:07","modified_gmt":"2024-12-29T10:40:07","slug":"casa-da-saude-nao-tera-expediente-agencia-de-noticias-do-governo-de-mato-grosso-do-sul","status":"publish","type":"post","link":"https:\/\/novasdodia.com.br\/index.php\/2024\/12\/29\/casa-da-saude-nao-tera-expediente-agencia-de-noticias-do-governo-de-mato-grosso-do-sul\/","title":{"rendered":"Casa da Sa\u00fade n\u00e3o ter\u00e1 expediente \u2013 Ag\u00eancia de Noticias do Governo de Mato Grosso do Sul"},"content":{"rendered":"<p><\/p>\n<div id=\"post-500099\">\n<div class=\"text-center\"><\/div>\n<div class=\"entry\">\n<p>A SES (Secretaria de Estado de Sa\u00fade) informa que a Casa da Sa\u00fade\u00a0<em>Carlos Alberto Jurgielewicz<\/em>\u00a0n\u00e3o ter\u00e1 atendimento ao p\u00fablico na ter\u00e7a-feira (31) e quarta-feira (1\u00ba) devido ao ponto facultativo de v\u00e9spera e feriado de Ano Novo.<\/p>\n<p>A Casa da Sa\u00fade\u00a0<em>Carlos Alberto Jurgielewicz<\/em>\u00a0fornece medicamentos disponibilizados pelo SUS (Sistema \u00danico de Sa\u00fade).<\/p>\n<p>Para renova\u00e7\u00e3o das solicita\u00e7\u00f5es, dispensa\u00e7\u00e3o de medicamentos e atendimento de protocolo \u2013 primeiro cadastro \u2013 o hor\u00e1rio de atendimento ser\u00e1 das 7 horas \u00e0s 16 horas, com distribui\u00e7\u00e3o de senhas das 7 horas \u00e0s 15h30.<\/p>\n<p>Assim, a SES orienta a popula\u00e7\u00e3o a fazer a retirada de medicamento at\u00e9 segunda-feira (30). O feriado foi estabelecido pelo Governo do Estado por meio de decreto.<\/p>\n<p>A Casa da Sa\u00fade\u00a0<em>Carlos Alberto Jurgielewicz<\/em>\u00a0retorna com o atendimento normal na quinta-feira (2).<\/p>\n<p><strong>Servi\u00e7o<\/strong><\/p>\n<p>A Casa da Sa\u00fade\u00a0<em>Carlos Alberto Jurgielewicz<\/em>\u00a0est\u00e1 atendendo em sua nova sede, localizada a rua Dom Aquino, 1.789 \u2013 Centro, em Campo Grande.<\/p>\n<p><em>Kamilla Ratier, Comunica\u00e7\u00e3o SES<\/em><em><br \/>Foto: Saul Schramm<\/em><\/p>\n<\/div><\/div>\n","protected":false},"excerpt":{"rendered":"<p>A SES (Secretaria de Estado de Sa\u00fade) informa que a Casa da Sa\u00fade\u00a0Carlos Alberto Jurgielewicz\u00a0n\u00e3o ter\u00e1 atendimento ao p\u00fablico na ter\u00e7a-feira (31) e quarta-feira (1\u00ba) devido ao ponto facultativo de v\u00e9spera e feriado de Ano Novo. A Casa da Sa\u00fade\u00a0Carlos Alberto Jurgielewicz\u00a0fornece medicamentos disponibilizados pelo SUS (Sistema \u00danico de Sa\u00fade). Para renova\u00e7\u00e3o das solicita\u00e7\u00f5es, dispensa\u00e7\u00e3o [&hellip;]<\/p>\n","protected":false},"author":1,"featured_media":0,"comment_status":"","ping_status":"","sticky":false,"template":"","format":"standard","meta":{"footnotes":""},"categories":[],"tags":[],"class_list":["post-31142","post","type-post","status-publish","format-standard","hentry"],"amp_enabled":true,"_links":{"self":[{"href":"https:\/\/novasdodia.com.br\/index.php\/wp-json\/wp\/v2\/posts\/31142","targetHints":{"allow":["GET"]}}],"collection":[{"href":"https:\/\/novasdodia.com.br\/index.php\/wp-json\/wp\/v2\/posts"}],"about":[{"href":"https:\/\/novasdodia.com.br\/index.php\/wp-json\/wp\/v2\/types\/post"}],"author":[{"embeddable":true,"href":"https:\/\/novasdodia.com.br\/index.php\/wp-json\/wp\/v2\/users\/1"}],"replies":[{"embeddable":true,"href":"https:\/\/novasdodia.com.br\/index.php\/wp-json\/wp\/v2\/comments?post=31142"}],"version-history":[{"count":0,"href":"https:\/\/novasdodia.com.br\/index.php\/wp-json\/wp\/v2\/posts\/31142\/revisions"}],"wp:attachment":[{"href":"https:\/\/novasdodia.com.br\/index.php\/wp-json\/wp\/v2\/media?parent=31142"}],"wp:term":[{"taxonomy":"category","embeddable":true,"href":"https:\/\/novasdodia.com.br\/index.php\/wp-json\/wp\/v2\/categories?post=31142"},{"taxonomy":"post_tag","embeddable":true,"href":"https:\/\/novasdodia.com.br\/index.php\/wp-json\/wp\/v2\/tags?post=31142"}],"curies":[{"name":"wp","href":"https:\/\/api.w.org\/{rel}","templated":true}]}}