{"id":31203,"date":"2024-12-31T08:02:05","date_gmt":"2024-12-31T11:02:05","guid":{"rendered":"https:\/\/novasdodia.com.br\/index.php\/2024\/12\/31\/projetos-inovadores-transformam-realidade-de-indigenas-privados-de-liberdade-em-ms-agencia-de-noticias-do-governo-de-mato-grosso-do-sul\/"},"modified":"2024-12-31T08:02:05","modified_gmt":"2024-12-31T11:02:05","slug":"projetos-inovadores-transformam-realidade-de-indigenas-privados-de-liberdade-em-ms-agencia-de-noticias-do-governo-de-mato-grosso-do-sul","status":"publish","type":"post","link":"https:\/\/novasdodia.com.br\/index.php\/2024\/12\/31\/projetos-inovadores-transformam-realidade-de-indigenas-privados-de-liberdade-em-ms-agencia-de-noticias-do-governo-de-mato-grosso-do-sul\/","title":{"rendered":"Projetos inovadores transformam realidade de ind\u00edgenas privados de liberdade em MS \u2013 Ag\u00eancia de Noticias do Governo de Mato Grosso do Sul"},"content":{"rendered":"<p><\/p>\n<div>\n<p>Nascida e crescida na Aldeia Jaguapiru, em Dourados, D. N. R., 28 anos, hoje cumpre pena no Estabelecimento Penal Feminino \u201cLuiz Pereira da Silva\u201d, unidade de regime fechado da cidade de Jate\u00ed. Ela \u00e9 uma das 12 ind\u00edgenas que est\u00e3o no local, onde o respeito \u00e0 cultura dos povos origin\u00e1rios \u00e9 presente na rotina di\u00e1ria, com manifesta\u00e7\u00f5es culturais e capacita\u00e7\u00f5es voltadas \u00e0 realidade deste p\u00fablico.<\/p>\n<p>\u00a0\u201cMe sinto acolhida aqui, nunca me senti discriminada; nas festividades a gente pode mostrar um pouco da nossa cultura, canta, dan\u00e7a, se pinta e usa o cocar. Posso mostrar meu orgulho por pertencer ao povo ind\u00edgena\u201d, afirma a reeducanda de etnia Terena, que cumpre pena desde 2018 no local, j\u00e1 tendo participado de diversos cursos, entre eles, a fabrica\u00e7\u00e3o de artes em resina com temas da fauna sul-mato-grossense.<\/p>\n<figure id=\"attachment_498610\" aria-describedby=\"caption-attachment-498610\" style=\"width: 1024px\" class=\"wp-caption aligncenter\"><figcaption id=\"caption-attachment-498610\" class=\"wp-caption-text\">\u00a0Manifesta\u00e7\u00f5es culturais e capacita\u00e7\u00f5es s\u00e3o desenvolvidas com ind\u00edgenas custodiadas em Jate\u00ed.<\/figcaption><\/figure>\n<p>Assim como no caso de Diana, Mato Grosso do Sul tem se dedicado \u00e0 implementa\u00e7\u00e3o de pol\u00edticas inovadoras e inclusivas voltadas aos internos ind\u00edgenas. A Agepen desenvolve a\u00e7\u00f5es significativas para garantir a valoriza\u00e7\u00e3o e o respeito \u00e0 identidade dos povos origin\u00e1rios custodiados pelo Estado.<\/p>\n<p>Com um total de 431 ind\u00edgenas em cust\u00f3dia em MS, conforme dados do Mapa Carcer\u00e1rio de setembro de 2024, 211 est\u00e3o na cidade de Dourados, localiza\u00e7\u00e3o estrat\u00e9gica no desenvolvimento de pol\u00edticas voltadas a este tema. Dessa forma, este ano a Agepen, em parceria com a Coordena\u00e7\u00e3o Regional da Funai (Funda\u00e7\u00e3o Nacional dos Povos Ind\u00edgenas) de Dourados, realizou um Ciclo de Palestras sobre \u201cPromo\u00e7\u00e3o do Respeito \u00e0 Cultura Ind\u00edgena no Sistema Penitenci\u00e1rio\u201d voltado a servidores da regi\u00e3o.<\/p>\n<figure id=\"attachment_498611\" aria-describedby=\"caption-attachment-498611\" style=\"width: 300px\" class=\"wp-caption alignright\"><figcaption id=\"caption-attachment-498611\" class=\"wp-caption-text\">Inclus\u00e3o \u00e9 prioridade na Penitenci\u00e1ria de Dourados, com alfabetiza\u00e7\u00e3o e ensino na l\u00edngua materna.<\/figcaption><\/figure>\n<p>De acordo com a Senappen (Secretaria Nacional de Pol\u00edticas Penais), a PED (Penitenci\u00e1ria Estadual de Dourados) \u00e9 a unidade prisional que concentra o maior n\u00famero de ind\u00edgenas no pa\u00eds. Conforme o Mapa Carcer\u00e1rio da Agepen, s\u00e3o 205 custodiados desse p\u00fablico espec\u00edfico na penitenci\u00e1ria, fazendo da inclus\u00e3o no local uma prioridade para a institui\u00e7\u00e3o.<\/p>\n<p>Na unidade, s\u00e3o alojados em celas com seus pares, respeitando suas cren\u00e7as, costumes e idiomas. Eles t\u00eam acesso a documentos b\u00e1sicos, como Certid\u00e3o de Nascimento e CPF, e muitos participam de atividades produtivas e educacionais.<\/p>\n<p>Na Penitenci\u00e1ria de Dourados tamb\u00e9m foram implantadas, em agosto de 2024, da alfabetiza\u00e7\u00e3o ao quinto ano, as aulas na l\u00edngua materna aos povos origin\u00e1rios, com professora ensinando em Portugu\u00eas e Guarani, a 27 internos que estudam. Tamb\u00e9m s\u00e3o realizadas aulas de arte e educa\u00e7\u00e3o f\u00edsica nesse formato.<\/p>\n<p>Placas informativas distribu\u00eddas no pres\u00eddio tamb\u00e9m est\u00e3o na l\u00edngua Guarani para os visitantes ind\u00edgenas que v\u00e3o at\u00e9 o local. Al\u00e9m disso, o projeto \u201cConhecimento para Combater o Preconceito\u201d promove discuss\u00f5es sobre a diversidade \u00e9tnica e cultural.<\/p>\n<figure id=\"attachment_498613\" aria-describedby=\"caption-attachment-498613\" style=\"width: 300px\" class=\"wp-caption alignleft\"><figcaption id=\"caption-attachment-498613\" class=\"wp-caption-text\">Projetos buscam valoriza\u00e7\u00e3o cultural e respeito \u00e0s ra\u00edzes dos povos origin\u00e1rios.<\/figcaption><\/figure>\n<p>Em Amambai, onde 16% dos internos s\u00e3o ind\u00edgenas, a ag\u00eancia penitenci\u00e1ria lan\u00e7ou o projeto \u201cPy\u2019a Mbarete\u201d \u2013 ou \u201cCora\u00e7\u00e3o Valente\u201d, que busca fortalecer a cultura dos reclusos ind\u00edgenas e promover a cidadania atrav\u00e9s de atividades como oficinas de artesanato e m\u00fasica, palestras sobre sa\u00fade e temas pertinentes \u00e0 realidade dos participantes. A iniciativa conta com a colabora\u00e7\u00e3o de parceiros como a Secretaria Municipal de Educa\u00e7\u00e3o e a Funai.<\/p>\n<p>O projeto \u201cTembiapor\u00e3: Che A\u00f1ekambia\u201d na Penitenci\u00e1ria de Seguran\u00e7a M\u00e1xima de Navira\u00ed atende internos ind\u00edgenas, com foco no fortalecimento da identidade cultural e reinser\u00e7\u00e3o. A iniciativa inclui a produ\u00e7\u00e3o de artesanato tradicional e o ensino da L\u00edngua Guarani Kaiow\u00e1, contando com parceria da Prefeitura de Navira\u00ed e entidades locais.<\/p>\n<p><em>Comunica\u00e7\u00e3o Agepen<\/em><\/p>\n<\/div>\n","protected":false},"excerpt":{"rendered":"<p>Nascida e crescida na Aldeia Jaguapiru, em Dourados, D. N. R., 28 anos, hoje cumpre pena no Estabelecimento Penal Feminino \u201cLuiz Pereira da Silva\u201d, unidade de regime fechado da cidade de Jate\u00ed. Ela \u00e9 uma das 12 ind\u00edgenas que est\u00e3o no local, onde o respeito \u00e0 cultura dos povos origin\u00e1rios \u00e9 presente na rotina di\u00e1ria, [&hellip;]<\/p>\n","protected":false},"author":1,"featured_media":0,"comment_status":"","ping_status":"","sticky":false,"template":"","format":"standard","meta":{"footnotes":""},"categories":[],"tags":[],"class_list":["post-31203","post","type-post","status-publish","format-standard","hentry"],"amp_enabled":true,"_links":{"self":[{"href":"https:\/\/novasdodia.com.br\/index.php\/wp-json\/wp\/v2\/posts\/31203","targetHints":{"allow":["GET"]}}],"collection":[{"href":"https:\/\/novasdodia.com.br\/index.php\/wp-json\/wp\/v2\/posts"}],"about":[{"href":"https:\/\/novasdodia.com.br\/index.php\/wp-json\/wp\/v2\/types\/post"}],"author":[{"embeddable":true,"href":"https:\/\/novasdodia.com.br\/index.php\/wp-json\/wp\/v2\/users\/1"}],"replies":[{"embeddable":true,"href":"https:\/\/novasdodia.com.br\/index.php\/wp-json\/wp\/v2\/comments?post=31203"}],"version-history":[{"count":0,"href":"https:\/\/novasdodia.com.br\/index.php\/wp-json\/wp\/v2\/posts\/31203\/revisions"}],"wp:attachment":[{"href":"https:\/\/novasdodia.com.br\/index.php\/wp-json\/wp\/v2\/media?parent=31203"}],"wp:term":[{"taxonomy":"category","embeddable":true,"href":"https:\/\/novasdodia.com.br\/index.php\/wp-json\/wp\/v2\/categories?post=31203"},{"taxonomy":"post_tag","embeddable":true,"href":"https:\/\/novasdodia.com.br\/index.php\/wp-json\/wp\/v2\/tags?post=31203"}],"curies":[{"name":"wp","href":"https:\/\/api.w.org\/{rel}","templated":true}]}}