{"id":31343,"date":"2025-01-06T15:31:24","date_gmt":"2025-01-06T18:31:24","guid":{"rendered":"https:\/\/novasdodia.com.br\/index.php\/2025\/01\/06\/folia-de-reis-emociona-frequentadores-da-casa-do-idoso\/"},"modified":"2025-01-06T15:31:24","modified_gmt":"2025-01-06T18:31:24","slug":"folia-de-reis-emociona-frequentadores-da-casa-do-idoso","status":"publish","type":"post","link":"https:\/\/novasdodia.com.br\/index.php\/2025\/01\/06\/folia-de-reis-emociona-frequentadores-da-casa-do-idoso\/","title":{"rendered":"Folia de Reis emociona frequentadores da Casa do Idoso"},"content":{"rendered":"<p><\/p>\n<div>\n<p><b>Cl\u00e1udio Souza<\/b><br \/>&#13;<br \/>\n&#13;<br \/>\n                <span style=\"font-weight: bold;\">Secretaria de Apoio Social ao Cidad\u00e3o<\/span><\/p>\n<p>Angolano, Juv\u00eanio N\u00f3brega, de 84 anos, veio para o Brasil em 1975, quando eclodiu a Guerra Civil em seu pa\u00eds ap\u00f3s tornar-se independente de Portugal.<\/p>\n<p>Em S\u00e3o Jos\u00e9 dos Campos, ele j\u00e1 mora h\u00e1 48 anos, per\u00edodo em que viveu muitas emo\u00e7\u00f5es, como a que sentiu nesta segunda-feira (6), no Dia de Reis.<\/p>\n<p>A Prefeitura promoveu, na Casa do Idoso Centro, uma apresenta\u00e7\u00e3o de Folia de Reis, uma das festas culturais mais ricas do folclore brasileiro e que celebra a visita dos tr\u00eas reis magos ao menino Jesus, com violeiros, cantos e fantasias festivas.<\/p>\n<p>A tradi\u00e7\u00e3o teria sido trazida de Portugal ainda no per\u00edodo colonial e marca o encerramento do Ciclo Natalino.<\/p>\n<p>&#8220;Lembrei da minha inf\u00e2ncia e de quando era jovem em Angola, onde a Folia de Reis \u00e9 uma grande tradi\u00e7\u00e3o. Foi muito bonito e emocionante poder acompanhar mais uma Folia de Reis na Casa do Idoso&#8221;, afirmou N\u00f3brega.<\/p>\n<p>L\u00facido e muito comunicativo, ele deu uma aula de hist\u00f3ria.<\/p>\n<p>&#8220;L\u00e1 em Angola, durante a Folia de Reis colocam um anel dentro do bolo, que \u00e9 servido ao p\u00fablico. A tradi\u00e7\u00e3o \u00e9 de que quem pegar o peda\u00e7o de bolo com o anel est\u00e1 com sorte e vai se casar ainda naquele ano&#8221;, disse o aposentado, ressaltando que nunca encontrou o anel.<\/p>\n<\/p>\n<p><em><sup>Intera\u00e7\u00e3o. Os idosos se emocionaram, cantaram e dan\u00e7aram \/Foto: Cl\u00e1udio Vieira\/PMSJC<\/sup><\/em><\/p>\n<p><span class=\"intertitulo\">Mem\u00f3ria afetiva<\/span><\/p>\n<p>A Folia de Reis desta segunda-feira na Casa do Idoso Centro tamb\u00e9m evocou boas mem\u00f3rias afetivas da aposentada Z\u00e9lia Lemes Lata, de 74 anos.<\/p>\n<p>&#8220;Fiquei muito emocionada e chorei bastante durante a apresenta\u00e7\u00e3o. Remeteu \u00e0 minha inf\u00e2ncia, quando eu e minha irm\u00e3 \u00e9ramos pequenas e particip\u00e1vamos carregando as bandeiras durante a Folia de Reis na rua Siqueira Campos&#8221;, afirmou Z\u00e9lia.<\/p>\n<p>&#8220;Que bom que a Prefeitura de S\u00e3o Jos\u00e9 dos Campos est\u00e1 sempre valorizando a cultura e as Casas do Idoso&#8221;, completou a aposentada.<\/p>\n<\/p>\n<p><em><sup>Tradi\u00e7\u00e3o. A Folia de Reis integra a programa\u00e7\u00e3o de f\u00e9rias \/Foto: Cl\u00e1udio Vieira\/PMSJC<\/sup><\/em><\/p>\n<p><span class=\"intertitulo\">Tradi\u00e7\u00e3o preservada<\/span><\/p>\n<p>A apresenta\u00e7\u00e3o cultural foi realizada por 25 integrantes do Grupo de Folia de Reis Estrela de Bel\u00e9m, um dos mais tradicionais de S\u00e3o Jos\u00e9 e que foi fundado em 1970 no Jardim Telespark, na regi\u00e3o central.<\/p>\n<p>O grupo, que leva a tradi\u00e7\u00e3o para igrejas cat\u00f3licas, asilos e outros locais da cidade, j\u00e1 se apresentou nas quatro Casas do Idoso (Centro, Sul, Leste e Norte).<\/p>\n<p>&#8220;\u00c9 sempre muito bonito e emocionante quando nos apresentamos nas Casas do Idoso. Os frequentadores interagem muito, cantam junto conosco e se divertem bastante. S\u00e3o momentos de muita alegria para todos&#8221;, afirmou o mestre Roberto de Souza, 55 anos, que lidera o grupo.<\/p>\n<p>&#13;<br \/>\n                        <strong>MAIS NOT\u00cdCIAS<\/strong><br \/>&#13;<br \/>\n                        Secretaria de Apoio Social ao Cidad\u00e3o&#13;\n                    <\/p>\n<\/p><\/div>\n","protected":false},"excerpt":{"rendered":"<p>Cl\u00e1udio Souza&#13; &#13; Secretaria de Apoio Social ao Cidad\u00e3o Angolano, Juv\u00eanio N\u00f3brega, de 84 anos, veio para o Brasil em 1975, quando eclodiu a Guerra Civil em seu pa\u00eds ap\u00f3s tornar-se independente de Portugal. Em S\u00e3o Jos\u00e9 dos Campos, ele j\u00e1 mora h\u00e1 48 anos, per\u00edodo em que viveu muitas emo\u00e7\u00f5es, como a que sentiu [&hellip;]<\/p>\n","protected":false},"author":1,"featured_media":0,"comment_status":"","ping_status":"","sticky":false,"template":"","format":"standard","meta":{"footnotes":""},"categories":[1],"tags":[],"class_list":["post-31343","post","type-post","status-publish","format-standard","hentry","category-noticias"],"amp_enabled":true,"_links":{"self":[{"href":"https:\/\/novasdodia.com.br\/index.php\/wp-json\/wp\/v2\/posts\/31343","targetHints":{"allow":["GET"]}}],"collection":[{"href":"https:\/\/novasdodia.com.br\/index.php\/wp-json\/wp\/v2\/posts"}],"about":[{"href":"https:\/\/novasdodia.com.br\/index.php\/wp-json\/wp\/v2\/types\/post"}],"author":[{"embeddable":true,"href":"https:\/\/novasdodia.com.br\/index.php\/wp-json\/wp\/v2\/users\/1"}],"replies":[{"embeddable":true,"href":"https:\/\/novasdodia.com.br\/index.php\/wp-json\/wp\/v2\/comments?post=31343"}],"version-history":[{"count":0,"href":"https:\/\/novasdodia.com.br\/index.php\/wp-json\/wp\/v2\/posts\/31343\/revisions"}],"wp:attachment":[{"href":"https:\/\/novasdodia.com.br\/index.php\/wp-json\/wp\/v2\/media?parent=31343"}],"wp:term":[{"taxonomy":"category","embeddable":true,"href":"https:\/\/novasdodia.com.br\/index.php\/wp-json\/wp\/v2\/categories?post=31343"},{"taxonomy":"post_tag","embeddable":true,"href":"https:\/\/novasdodia.com.br\/index.php\/wp-json\/wp\/v2\/tags?post=31343"}],"curies":[{"name":"wp","href":"https:\/\/api.w.org\/{rel}","templated":true}]}}