{"id":31527,"date":"2025-01-11T14:00:03","date_gmt":"2025-01-11T17:00:03","guid":{"rendered":"https:\/\/novasdodia.com.br\/index.php\/2025\/01\/11\/semam-reforca-acoes-de-preservacao-e-fiscalizacao-das-areas-de-restinga-do-litoral\/"},"modified":"2025-01-11T14:00:03","modified_gmt":"2025-01-11T17:00:03","slug":"semam-reforca-acoes-de-preservacao-e-fiscalizacao-das-areas-de-restinga-do-litoral","status":"publish","type":"post","link":"https:\/\/novasdodia.com.br\/index.php\/2025\/01\/11\/semam-reforca-acoes-de-preservacao-e-fiscalizacao-das-areas-de-restinga-do-litoral\/","title":{"rendered":"Semam refor\u00e7a a\u00e7\u00f5es de preserva\u00e7\u00e3o e fiscaliza\u00e7\u00e3o das \u00e1reas de restinga do Litoral"},"content":{"rendered":"<p><\/p>\n<div>\n<p>A Secretaria de Meio Ambiente (Semam) da Prefeitura de Jo\u00e3o Pessoa intensificou as a\u00e7\u00f5es de preserva\u00e7\u00e3o, recupera\u00e7\u00e3o e fiscaliza\u00e7\u00e3o das \u00e1reas de restinga ao longo dos 24 quil\u00f4metros de praia da cidade. A vegeta\u00e7\u00e3o de restinga \u00e9 considerada de extrema import\u00e2ncia ambiental, protegida por legisla\u00e7\u00e3o espec\u00edfica, como a Lei da Mata Atl\u00e2ntica (Lei Federal n\u00ba 11.428\/2006) e o C\u00f3digo Florestal (Lei n\u00ba 12.651\/2012), que reconhecem a como \u00c1rea de Preserva\u00e7\u00e3o Permanente (APP).<\/p>\n<figure class=\"wp-block-gallery has-nested-images columns-default is-cropped wp-block-gallery-1 is-layout-flex wp-block-gallery-is-layout-flex\">\n<figure class=\"wp-block-image size-large\"><\/figure>\n<figure class=\"wp-block-image size-large\"><\/figure>\n<figure class=\"wp-block-image size-large\"><\/figure>\n<figure class=\"wp-block-image size-large\"><\/figure>\n<figure class=\"wp-block-image size-large\"><\/figure>\n<\/figure>\n<p>A vegeta\u00e7\u00e3o de restinga, tamb\u00e9m conhecida como vegeta\u00e7\u00e3o fixadora de duna, \u00e9 essencial para a manuten\u00e7\u00e3o do equil\u00edbrio ecol\u00f3gico, desempenhando fun\u00e7\u00f5es como estabiliza\u00e7\u00e3o das dunas, prote\u00e7\u00e3o contra a eros\u00e3o costeira, manuten\u00e7\u00e3o da biodiversidade local e regula\u00e7\u00e3o do microclima. Al\u00e9m disso, essa vegeta\u00e7\u00e3o atua como barreira natural contra a a\u00e7\u00e3o de ventos fortes e tempestades, protegendo as comunidades costeiras e garantindo a qualidade ambiental das praias, que s\u00e3o patrim\u00f4nio natural e cultural. Nas \u00e1reas de restinga, a vegeta\u00e7\u00e3o deve ser preservada e \u00e9 proibido retir\u00e1-la, bem como construir ou montar barracas ou qualquer outra a\u00e7\u00e3o que danifique as plantas.<\/p>\n<p>Entre as a\u00e7\u00f5es desenvolvidas pela Semam est\u00e3o a identifica\u00e7\u00e3o e mapeamento das \u00e1reas de restinga, a recupera\u00e7\u00e3o de \u00e1reas degradadas por meio de reflorestamento com esp\u00e9cies nativas, e campanhas de conscientiza\u00e7\u00e3o ambiental junto \u00e0 popula\u00e7\u00e3o e aos turistas. A fiscaliza\u00e7\u00e3o tem sido intensificada para coibir ocupa\u00e7\u00f5es irregulares, cortes ilegais de vegeta\u00e7\u00e3o e despejo inadequado de res\u00edduos nessas \u00e1reas protegidas.<\/p>\n<p>O secret\u00e1rio de Meio Ambiente, Welison Silveira, destacou que a prote\u00e7\u00e3o das \u00e1reas de restinga n\u00e3o \u00e9 apenas uma obriga\u00e7\u00e3o legal. \u201c\u00c9 antes de qualquer coisa o compromisso da Prefeitura e da gest\u00e3o ambiental com as gera\u00e7\u00f5es futuras. Essas \u00e1reas s\u00e3o fundamentais para a nossa seguran\u00e7a costeira, qualidade de vida da popula\u00e7\u00e3o e a preserva\u00e7\u00e3o da biodiversidade\u201d, explicou.<\/p>\n<p><strong>Den\u00fancias<\/strong> \u2013 A conserva\u00e7\u00e3o ambiental conta ainda com o apoio da popula\u00e7\u00e3o, que pode denunciar irregularidades por meio do Ac\u00e1cia Chatbot, que recebe mensagens por WhatsApp no n\u00famero (83) 3218-9208, onde as pessoas podem enviar v\u00eddeos e fotos com registros das infra\u00e7\u00f5es. Tamb\u00e9m \u00e9 poss\u00edvel apresentar den\u00fancias por meio do aplicativo Jo\u00e3o Pessoa na Palma da M\u00e3o. Todas as den\u00fancias s\u00e3o verificadas pelas equipes da Divis\u00e3o de Fiscaliza\u00e7\u00e3o da Semam.<\/p>\n<\/p><\/div>\n","protected":false},"excerpt":{"rendered":"<p>A Secretaria de Meio Ambiente (Semam) da Prefeitura de Jo\u00e3o Pessoa intensificou as a\u00e7\u00f5es de preserva\u00e7\u00e3o, recupera\u00e7\u00e3o e fiscaliza\u00e7\u00e3o das \u00e1reas de restinga ao longo dos 24 quil\u00f4metros de praia da cidade. A vegeta\u00e7\u00e3o de restinga \u00e9 considerada de extrema import\u00e2ncia ambiental, protegida por legisla\u00e7\u00e3o espec\u00edfica, como a Lei da Mata Atl\u00e2ntica (Lei Federal n\u00ba [&hellip;]<\/p>\n","protected":false},"author":1,"featured_media":0,"comment_status":"","ping_status":"","sticky":false,"template":"","format":"standard","meta":{"footnotes":""},"categories":[1],"tags":[],"class_list":["post-31527","post","type-post","status-publish","format-standard","hentry","category-noticias"],"amp_enabled":true,"_links":{"self":[{"href":"https:\/\/novasdodia.com.br\/index.php\/wp-json\/wp\/v2\/posts\/31527","targetHints":{"allow":["GET"]}}],"collection":[{"href":"https:\/\/novasdodia.com.br\/index.php\/wp-json\/wp\/v2\/posts"}],"about":[{"href":"https:\/\/novasdodia.com.br\/index.php\/wp-json\/wp\/v2\/types\/post"}],"author":[{"embeddable":true,"href":"https:\/\/novasdodia.com.br\/index.php\/wp-json\/wp\/v2\/users\/1"}],"replies":[{"embeddable":true,"href":"https:\/\/novasdodia.com.br\/index.php\/wp-json\/wp\/v2\/comments?post=31527"}],"version-history":[{"count":0,"href":"https:\/\/novasdodia.com.br\/index.php\/wp-json\/wp\/v2\/posts\/31527\/revisions"}],"wp:attachment":[{"href":"https:\/\/novasdodia.com.br\/index.php\/wp-json\/wp\/v2\/media?parent=31527"}],"wp:term":[{"taxonomy":"category","embeddable":true,"href":"https:\/\/novasdodia.com.br\/index.php\/wp-json\/wp\/v2\/categories?post=31527"},{"taxonomy":"post_tag","embeddable":true,"href":"https:\/\/novasdodia.com.br\/index.php\/wp-json\/wp\/v2\/tags?post=31527"}],"curies":[{"name":"wp","href":"https:\/\/api.w.org\/{rel}","templated":true}]}}