{"id":31841,"date":"2025-01-21T02:31:06","date_gmt":"2025-01-21T05:31:06","guid":{"rendered":"https:\/\/novasdodia.com.br\/index.php\/2025\/01\/21\/secretaria-municipal-de-saude-reune-profissionais-e-promove-eventos-alusivos-ao-dia-do-farmaceutico\/"},"modified":"2025-01-21T02:31:06","modified_gmt":"2025-01-21T05:31:06","slug":"secretaria-municipal-de-saude-reune-profissionais-e-promove-eventos-alusivos-ao-dia-do-farmaceutico","status":"publish","type":"post","link":"https:\/\/novasdodia.com.br\/index.php\/2025\/01\/21\/secretaria-municipal-de-saude-reune-profissionais-e-promove-eventos-alusivos-ao-dia-do-farmaceutico\/","title":{"rendered":"Secretaria Municipal de Sa\u00fade re\u00fane profissionais e promove eventos alusivos ao Dia do Farmac\u00eautico"},"content":{"rendered":"<p><\/p>\n<div>\n<p>A Prefeitura de Jo\u00e3o Pessoa, por meio da Secretaria Municipal de Sa\u00fade (SMS), promoveu, na tarde desta segunda-feira (20), no audit\u00f3rio da Policl\u00ednica Municipal de Jaguaribe, um evento alusivo ao Dia do Farmac\u00eautico. A data tamb\u00e9m foi celebrada pelo Instituto C\u00e2ndida Vargas (ICV), que refor\u00e7a a import\u00e2ncia desses profissionais no cuidado \u00e0 sa\u00fade materno-infantil. No ICV, os farmac\u00eauticos desempenham um papel indispens\u00e1vel no atendimento \u00e0s gestantes, pu\u00e9rperas e aos rec\u00e9m-nascidos, garantindo tratamentos eficazes e seguros para essas m\u00e3es e seus beb\u00eas.<\/p>\n<p>A equipe de farm\u00e1cia do ICV \u00e9 essencial no manejo de medicamentos utilizados em tratamentos de gestantes de alto risco e na UTI Neonatal, onde est\u00e3o internados os rec\u00e9m-nascidos que necessitam de cuidados intensivos. Al\u00e9m disso, esses profissionais orientam as m\u00e3es sobre o uso correto de medica\u00e7\u00f5es no p\u00f3s-parto e no cuidado dos beb\u00eas, contribuindo diretamente para a recupera\u00e7\u00e3o.<\/p>\n<figure class=\"wp-block-gallery has-nested-images columns-default is-cropped wp-block-gallery-1 is-layout-flex wp-block-gallery-is-layout-flex\">\n<figure class=\"wp-block-image size-large\"><\/figure>\n<figure class=\"wp-block-image size-large\"><\/figure>\n<figure class=\"wp-block-image size-large\"><\/figure>\n<\/figure>\n<p>O diretor-geral do ICV, Quintino R\u00e9gis, destacou o impacto dos farmac\u00eauticos no atendimento materno-infantil. \u201cOs farmac\u00eauticos s\u00e3o fundamentais no cuidado \u00e0s gestantes, pu\u00e9rperas e rec\u00e9m-nascidos, garantindo a seguran\u00e7a e efic\u00e1cia nos tratamentos. Eles atuam lado a lado com a equipe multidisciplinar para oferecer um atendimento humanizado e de excel\u00eancia. Celebrar o Dia do Farmac\u00eautico \u00e9 reconhecer o papel indispens\u00e1vel desses profissionais na sa\u00fade p\u00fablica\u201d, afirmou.<\/p>\n<p>Para \u00cdtalo Assis Bezerra, coordenador do setor de farm\u00e1cia do ICV, a data visa valorizar e reconhecer o trabalho essencial desse profissional na promo\u00e7\u00e3o da sa\u00fade dos pacientes. \u201cNo ICV, os farmac\u00eauticos desempenham um papel fundamental no cuidado centrado no paciente atrav\u00e9s do servi\u00e7o de farm\u00e1cia cl\u00ednica e de sua participa\u00e7\u00e3o em todo o ciclo da assist\u00eancia farmac\u00eautica, a fim de garantir um manejo cl\u00ednico seguro e eficaz aos pacientes assistidos na institui\u00e7\u00e3o\u201d, contou.<\/p>\n<p><strong>Policl\u00ednica de Jaguaribe<\/strong> \u2013 O evento, organizado pela Ger\u00eancia de Pol\u00edticas de Medicamentos e Assist\u00eancia Farmac\u00eautica (Gemaf), reuniu profissionais dos mais variados servi\u00e7os de sa\u00fade, a exemplo da aten\u00e7\u00e3o b\u00e1sica, hospitais, Centros de Aten\u00e7\u00e3o Psicossociais (Caps), policl\u00ednicas municipais, unidades de pronto atendimento (UPAs), Vigil\u00e2ncia Sanit\u00e1ria e aten\u00e7\u00e3o especializada.<\/p>\n<figure class=\"wp-block-gallery has-nested-images columns-default is-cropped wp-block-gallery-2 is-layout-flex wp-block-gallery-is-layout-flex\">\n<figure class=\"wp-block-image size-large\"><\/figure>\n<figure class=\"wp-block-image size-large\"><\/figure>\n<\/figure>\n<p>\u201cO profissional farmac\u00eautico \u00e9 de grande import\u00e2ncia no cuidado da assist\u00eancia da popula\u00e7\u00e3o, por estar inclu\u00eddo nas diversas \u00e1reas da Sa\u00fade, levando orienta\u00e7\u00f5es \u00e0 popula\u00e7\u00e3o, voltadas a uma melhora do quadro cl\u00ednico atrav\u00e9s dos medicamentos. Neste 20 de janeiro, Dia do Farmac\u00eautico, pudemos ter a chance de contempl\u00e1-los, fazendo uma an\u00e1lise da assist\u00eancia farmac\u00eautica da nossa Capital\u201d, destacou Gilc\u00e9lia Menezes, chefe da Assist\u00eancia Farmac\u00eautica da SMS-JP.<\/p>\n<p><strong>Programa Rem\u00e9dio em Casa <\/strong>\u2013 Os farmac\u00eauticos da Rede Municipal de Sa\u00fade de Jo\u00e3o Pessoa t\u00eam o papel de orientar e monitorar os pacientes nos tratamentos medicamentosos, pois eles est\u00e3o diretamente inseridos no Programa Rem\u00e9dio em Casa. A a\u00e7\u00e3o beneficia milhares de pacientes hipertensos e diab\u00e9ticos a partir dos 50 anos, ou ainda os acamados de qualquer idade. No programa, a entrega dos medicamentos \u00e9 feita a cada dois meses, garantindo o acesso ao tratamento sem sair de casa.<\/p>\n<p>Para ter acesso ao \u2018Rem\u00e9dio em Casa\u2019, o cadastro pode ser feito na USF mais pr\u00f3xima de casa, atrav\u00e9s do aplicativo \u2018Jo\u00e3o Pessoa na Palma da M\u00e3o\u2019, ou ainda na Farm\u00e1cia Cont\u00eainer.<\/p>\n<p><strong>Farm\u00e1cia Cont\u00eainer \u2013 <\/strong>A Farm\u00e1cia Cont\u00eainer, situada na principal avenida do bairro Banc\u00e1rios, promove atendimento farmac\u00eautico integral com uma equipe capacitada. O servi\u00e7o dispensa medicamentos de aten\u00e7\u00e3o b\u00e1sica e psicotr\u00f3picos, mediante receitu\u00e1rio do SUS.<\/p>\n<figure class=\"wp-block-gallery has-nested-images columns-default is-cropped wp-block-gallery-3 is-layout-flex wp-block-gallery-is-layout-flex\">\n<figure class=\"wp-block-image\"><\/figure>\n<figure class=\"wp-block-image\"><\/figure>\n<\/figure>\n<p>Na Farm\u00e1cia Cont\u00eainer, que funciona de segunda a sexta-feira em hor\u00e1rio ampliado das 8h \u00e0s 20h, est\u00e3o dispon\u00edveis mais de 100 medicamentos para retirada mensal, facilitando e agilizando a vida de quem trabalha durante o dia e necessita buscar os medicamentos na rede p\u00fablica.<\/p>\n<p><strong>Dia do Farmac\u00eautico \u2013 <\/strong>A data \u00e9 celebrada em 20 de janeiro. O dia \u00e9 uma homenagem aos profissionais respons\u00e1veis por desenvolver, manipular e orientar o uso de medicamentos, al\u00e9m de desempenhar um papel essencial na promo\u00e7\u00e3o da sa\u00fade e bem-estar da popula\u00e7\u00e3o. A escolha dessa data est\u00e1 relacionada \u00e0 cria\u00e7\u00e3o da Associa\u00e7\u00e3o Brasileira de Farmac\u00eauticos (ABF), em 1916, um marco importante para a profiss\u00e3o no Pa\u00eds.<\/p>\n<\/p><\/div>\n","protected":false},"excerpt":{"rendered":"<p>A Prefeitura de Jo\u00e3o Pessoa, por meio da Secretaria Municipal de Sa\u00fade (SMS), promoveu, na tarde desta segunda-feira (20), no audit\u00f3rio da Policl\u00ednica Municipal de Jaguaribe, um evento alusivo ao Dia do Farmac\u00eautico. A data tamb\u00e9m foi celebrada pelo Instituto C\u00e2ndida Vargas (ICV), que refor\u00e7a a import\u00e2ncia desses profissionais no cuidado \u00e0 sa\u00fade materno-infantil. No [&hellip;]<\/p>\n","protected":false},"author":1,"featured_media":0,"comment_status":"","ping_status":"","sticky":false,"template":"","format":"standard","meta":{"footnotes":""},"categories":[1],"tags":[],"class_list":["post-31841","post","type-post","status-publish","format-standard","hentry","category-noticias"],"amp_enabled":true,"_links":{"self":[{"href":"https:\/\/novasdodia.com.br\/index.php\/wp-json\/wp\/v2\/posts\/31841","targetHints":{"allow":["GET"]}}],"collection":[{"href":"https:\/\/novasdodia.com.br\/index.php\/wp-json\/wp\/v2\/posts"}],"about":[{"href":"https:\/\/novasdodia.com.br\/index.php\/wp-json\/wp\/v2\/types\/post"}],"author":[{"embeddable":true,"href":"https:\/\/novasdodia.com.br\/index.php\/wp-json\/wp\/v2\/users\/1"}],"replies":[{"embeddable":true,"href":"https:\/\/novasdodia.com.br\/index.php\/wp-json\/wp\/v2\/comments?post=31841"}],"version-history":[{"count":0,"href":"https:\/\/novasdodia.com.br\/index.php\/wp-json\/wp\/v2\/posts\/31841\/revisions"}],"wp:attachment":[{"href":"https:\/\/novasdodia.com.br\/index.php\/wp-json\/wp\/v2\/media?parent=31841"}],"wp:term":[{"taxonomy":"category","embeddable":true,"href":"https:\/\/novasdodia.com.br\/index.php\/wp-json\/wp\/v2\/categories?post=31841"},{"taxonomy":"post_tag","embeddable":true,"href":"https:\/\/novasdodia.com.br\/index.php\/wp-json\/wp\/v2\/tags?post=31841"}],"curies":[{"name":"wp","href":"https:\/\/api.w.org\/{rel}","templated":true}]}}