{"id":31864,"date":"2025-01-21T13:01:05","date_gmt":"2025-01-21T16:01:05","guid":{"rendered":"https:\/\/novasdodia.com.br\/index.php\/2025\/01\/21\/prefeitura-comeca-campanha-de-participacao-popular-no-plano-estrategico-da-cidade-prefeitura-da-cidade-do-rio-de-janeiro\/"},"modified":"2025-01-21T13:01:05","modified_gmt":"2025-01-21T16:01:05","slug":"prefeitura-comeca-campanha-de-participacao-popular-no-plano-estrategico-da-cidade-prefeitura-da-cidade-do-rio-de-janeiro","status":"publish","type":"post","link":"https:\/\/novasdodia.com.br\/index.php\/2025\/01\/21\/prefeitura-comeca-campanha-de-participacao-popular-no-plano-estrategico-da-cidade-prefeitura-da-cidade-do-rio-de-janeiro\/","title":{"rendered":"Prefeitura come\u00e7a campanha de participa\u00e7\u00e3o popular no Plano Estrat\u00e9gico da cidade &#8211; Prefeitura da Cidade do Rio de Janeiro"},"content":{"rendered":"<p><\/p>\n<div id=\"main\">\n<div class=\"wrapper-breadcrumbs\" wp_automatic_readability=\"49.847657372808\">\n<div class=\"image-post\" wp_automatic_readability=\"33\">\n                     O Terminal Gentileza \u00e9 um dos dez pontos onde funcion\u00e1rios da Prefeitura v\u00e3o incentivar os cariocas a participarem da enquete &#8211; Rafael Catarcione\/Prefeitura do Rio                  <\/div>\n<p>A Prefeitura do Rio iniciou, nesta ter\u00e7a-feira (21\/1), a campanha de participa\u00e7\u00e3o da popula\u00e7\u00e3o na elabora\u00e7\u00e3o do Plano Estrat\u00e9gico 2025-2028. Os cariocas poder\u00e3o contribuir com a formula\u00e7\u00e3o do planejamento do munic\u00edpio por meio de uma pesquisa, na internet, que pode ser acessada pelo site Participa.Rio. A enquete abrange compromissos do prefeito, tanto durante quanto ap\u00f3s a campanha, e outras propostas para a popula\u00e7\u00e3o opinar. Os temas s\u00e3o: Zeladoria e Conserva\u00e7\u00e3o do Espa\u00e7o P\u00fablico; Transporte; Sa\u00fade, Seguran\u00e7a e Ordem P\u00fablica; Educa\u00e7\u00e3o; Pol\u00edtica para Mulheres; Trabalho e Renda; Assist\u00eancia Social; Habita\u00e7\u00e3o, Favelas e Comunidades; Meio Ambiente; Turismo e Eventos; Cultura e Esportes; Prote\u00e7\u00e3o e Defesa dos Animais; e Pra\u00e7as e Parques.<\/p>\n<blockquote wp_automatic_readability=\"12\">\n<p>\u2013 A gente tem de ter em mente que governos que planejam t\u00eam rumo e sabem aonde querem chegar, mudam mais a vida das pessoas. Ent\u00e3o, esta enquete do Participa.Rio \u00e9 um convite para que os cariocas participem do planejamento estrat\u00e9gico da cidade \u2013 declarou o prefeito em exerc\u00edcio do Rio, Eduardo Cavaliere, ao dar in\u00edcio \u00e0 campanha de participa\u00e7\u00e3o popular no Terminal Intermodal Gentileza.<\/p>\n<\/blockquote>\n<p>Em dez pontos de grande circula\u00e7\u00e3o da cidade, durante toda a semana, funcion\u00e1rios da Prefeitura estar\u00e3o dispon\u00edveis para incentivar e auxiliar os cariocas a participarem da enquete. Por meio de tablets e celulares, eles ajudar\u00e3o o p\u00fablico a acessar o Participa.Rio nos seguintes locais: Terminal Gentileza, Terminal Alvorada, Terminal de Santa Cruz, Terminal Mato Alto, esta\u00e7\u00e3o de BRT do Mercad\u00e3o de Madureira, esta\u00e7\u00e3o de BRT da Taquara, esta\u00e7\u00e3o de BRT da Penha, Parque Realengo, Hospital de Acari e Cl\u00ednica da Fam\u00edlia da Tijuca.<\/p>\n<p>A enquete ficar\u00e1 dispon\u00edvel no site Participa.Rio at\u00e9 o fim de mar\u00e7o. As respostas ser\u00e3o analisadas pela equipe da Subsecretaria de Planejamento e Acompanhamento de Resultados (Subpar), da Secretaria Municipal da Casa Civil, para que possam ser aproveitadas no Plano Estrat\u00e9gico. Tamb\u00e9m participam do processo decis\u00f3rio os integrantes do Conselho da Cidade. Formado por mais de 300 pessoas que possuem destaque no munic\u00edpio por sua atua\u00e7\u00e3o pessoal ou profissional, o Conselho da Cidade \u00e9 um espa\u00e7o de reflex\u00e3o sobre os desafios do munic\u00edpio.<\/p>\n<p>O Plano Estrat\u00e9gico \u00e9 um dos pilares para a efici\u00eancia da gest\u00e3o do munic\u00edpio. A Prefeitura do Rio definiu cinco eixos tem\u00e1ticos, que norteiam a administra\u00e7\u00e3o: Equil\u00edbrio Fiscal, Boa Gest\u00e3o e Governan\u00e7a; Civilidade e Seguran\u00e7a; Futuro, Economia e Felicidade; Longevidade, Equidade e Humanidades; Infraestrutura, Preven\u00e7\u00e3o a Desastres e Resili\u00eancia.<\/p>\n<p>             <!-- Compartilhe ---><\/p>\n<p>\t\t\t <!-- TAGS --><\/p>\n<section class=\"category-tags\">\n<div class=\"marcacao-category\">\n<article class=\"category-post\">\n<p>Categoria: <\/p>\n<\/article>\n<li>21 de janeiro de 2025<\/li><\/div>\n<article class=\"tags\">\n\t\t\t\t\tMarca\u00e7\u00f5es: campanha participa.rio participa\u00e7\u00e3o popular Plano Estrat\u00e9gico 2025-2028 Prefeitura do Rio<br \/><\/article>\n<\/section>\n<p>            <!-- Mais Not&iacute;cias --><\/p>\n<p>\t\t<!-- Conte&uacute;do SIDEBAR --><\/p><\/div>\n<\/p><\/div>\n","protected":false},"excerpt":{"rendered":"<p>O Terminal Gentileza \u00e9 um dos dez pontos onde funcion\u00e1rios da Prefeitura v\u00e3o incentivar os cariocas a participarem da enquete &#8211; Rafael Catarcione\/Prefeitura do Rio A Prefeitura do Rio iniciou, nesta ter\u00e7a-feira (21\/1), a campanha de participa\u00e7\u00e3o da popula\u00e7\u00e3o na elabora\u00e7\u00e3o do Plano Estrat\u00e9gico 2025-2028. Os cariocas poder\u00e3o contribuir com a formula\u00e7\u00e3o do planejamento do [&hellip;]<\/p>\n","protected":false},"author":1,"featured_media":0,"comment_status":"","ping_status":"","sticky":false,"template":"","format":"standard","meta":{"footnotes":""},"categories":[1],"tags":[],"class_list":["post-31864","post","type-post","status-publish","format-standard","hentry","category-noticias"],"amp_enabled":true,"_links":{"self":[{"href":"https:\/\/novasdodia.com.br\/index.php\/wp-json\/wp\/v2\/posts\/31864","targetHints":{"allow":["GET"]}}],"collection":[{"href":"https:\/\/novasdodia.com.br\/index.php\/wp-json\/wp\/v2\/posts"}],"about":[{"href":"https:\/\/novasdodia.com.br\/index.php\/wp-json\/wp\/v2\/types\/post"}],"author":[{"embeddable":true,"href":"https:\/\/novasdodia.com.br\/index.php\/wp-json\/wp\/v2\/users\/1"}],"replies":[{"embeddable":true,"href":"https:\/\/novasdodia.com.br\/index.php\/wp-json\/wp\/v2\/comments?post=31864"}],"version-history":[{"count":0,"href":"https:\/\/novasdodia.com.br\/index.php\/wp-json\/wp\/v2\/posts\/31864\/revisions"}],"wp:attachment":[{"href":"https:\/\/novasdodia.com.br\/index.php\/wp-json\/wp\/v2\/media?parent=31864"}],"wp:term":[{"taxonomy":"category","embeddable":true,"href":"https:\/\/novasdodia.com.br\/index.php\/wp-json\/wp\/v2\/categories?post=31864"},{"taxonomy":"post_tag","embeddable":true,"href":"https:\/\/novasdodia.com.br\/index.php\/wp-json\/wp\/v2\/tags?post=31864"}],"curies":[{"name":"wp","href":"https:\/\/api.w.org\/{rel}","templated":true}]}}