{"id":31865,"date":"2025-01-21T13:37:07","date_gmt":"2025-01-21T16:37:07","guid":{"rendered":"https:\/\/novasdodia.com.br\/index.php\/2025\/01\/21\/governo-federal-determina-visita-social-para-atualizacao-do-cadastro-unico-para-beneficiarios-que-residam-sozinhos-prefeitura-municipal-de-bonito\/"},"modified":"2025-01-21T13:37:07","modified_gmt":"2025-01-21T16:37:07","slug":"governo-federal-determina-visita-social-para-atualizacao-do-cadastro-unico-para-beneficiarios-que-residam-sozinhos-prefeitura-municipal-de-bonito","status":"publish","type":"post","link":"https:\/\/novasdodia.com.br\/index.php\/2025\/01\/21\/governo-federal-determina-visita-social-para-atualizacao-do-cadastro-unico-para-beneficiarios-que-residam-sozinhos-prefeitura-municipal-de-bonito\/","title":{"rendered":"Governo Federal determina visita social para atualiza\u00e7\u00e3o do cadastro \u00fanico para benefici\u00e1rios que residam sozinhos &#8211; Prefeitura Municipal de Bonito"},"content":{"rendered":"<p><\/p>\n<div>\n<div class=\"td-post-featured-image\"><\/div>\n<p>A partir de 27 de dezembro de 2024, altera\u00e7\u00e3o na lei federal 15.077 prev\u00ea visitas sociais para atualiza\u00e7\u00e3o ou cadastramento de\u00a0fam\u00edlias unipessoais no Cadastro \u00danico, ou seja, pessoas que residam sozinha e tenham ou queiram ter acesso a benef\u00edcios sociais do Governo Federal, como o Bolsa Fam\u00edlia, por exemplo. <\/p>\n<p>A medida, segundo anunciado pelo Governo Federal, tem como objetivo evitar pagamentos irregulares e identificar poss\u00edveis fraudes ao programa. <\/p>\n<p>A coordenadora do Cad\u00danico no munic\u00edpio, Fabiany Cavalheiro, visitou o prefeito Josmail Rodrigues, acompanhada da primeira-dama e secret\u00e1ria de Assist\u00eancia Social, Leila Aivi, para explicar as mudan\u00e7as na lei e informar que a partir deste m\u00eas, deve iniciar as visitas domiciliares para atualiza\u00e7\u00e3o do cadastro.<\/p>\n<\/p><\/div>\n","protected":false},"excerpt":{"rendered":"<p>A partir de 27 de dezembro de 2024, altera\u00e7\u00e3o na lei federal 15.077 prev\u00ea visitas sociais para atualiza\u00e7\u00e3o ou cadastramento de\u00a0fam\u00edlias unipessoais no Cadastro \u00danico, ou seja, pessoas que residam sozinha e tenham ou queiram ter acesso a benef\u00edcios sociais do Governo Federal, como o Bolsa Fam\u00edlia, por exemplo. A medida, segundo anunciado pelo Governo [&hellip;]<\/p>\n","protected":false},"author":1,"featured_media":0,"comment_status":"","ping_status":"","sticky":false,"template":"","format":"standard","meta":{"footnotes":""},"categories":[],"tags":[],"class_list":["post-31865","post","type-post","status-publish","format-standard","hentry"],"amp_enabled":true,"_links":{"self":[{"href":"https:\/\/novasdodia.com.br\/index.php\/wp-json\/wp\/v2\/posts\/31865","targetHints":{"allow":["GET"]}}],"collection":[{"href":"https:\/\/novasdodia.com.br\/index.php\/wp-json\/wp\/v2\/posts"}],"about":[{"href":"https:\/\/novasdodia.com.br\/index.php\/wp-json\/wp\/v2\/types\/post"}],"author":[{"embeddable":true,"href":"https:\/\/novasdodia.com.br\/index.php\/wp-json\/wp\/v2\/users\/1"}],"replies":[{"embeddable":true,"href":"https:\/\/novasdodia.com.br\/index.php\/wp-json\/wp\/v2\/comments?post=31865"}],"version-history":[{"count":0,"href":"https:\/\/novasdodia.com.br\/index.php\/wp-json\/wp\/v2\/posts\/31865\/revisions"}],"wp:attachment":[{"href":"https:\/\/novasdodia.com.br\/index.php\/wp-json\/wp\/v2\/media?parent=31865"}],"wp:term":[{"taxonomy":"category","embeddable":true,"href":"https:\/\/novasdodia.com.br\/index.php\/wp-json\/wp\/v2\/categories?post=31865"},{"taxonomy":"post_tag","embeddable":true,"href":"https:\/\/novasdodia.com.br\/index.php\/wp-json\/wp\/v2\/tags?post=31865"}],"curies":[{"name":"wp","href":"https:\/\/api.w.org\/{rel}","templated":true}]}}