{"id":32073,"date":"2025-01-26T18:21:07","date_gmt":"2025-01-26T21:21:07","guid":{"rendered":"https:\/\/novasdodia.com.br\/index.php\/2025\/01\/26\/nova-iguacu-divulga-lista-de-contemplados-na-segunda-fase-da-pre-matricula-escolar\/"},"modified":"2025-01-26T18:21:07","modified_gmt":"2025-01-26T21:21:07","slug":"nova-iguacu-divulga-lista-de-contemplados-na-segunda-fase-da-pre-matricula-escolar","status":"publish","type":"post","link":"https:\/\/novasdodia.com.br\/index.php\/2025\/01\/26\/nova-iguacu-divulga-lista-de-contemplados-na-segunda-fase-da-pre-matricula-escolar\/","title":{"rendered":"Nova Igua\u00e7u divulga lista de contemplados na segunda fase da pr\u00e9-matr\u00edcula escolar"},"content":{"rendered":"<p><\/p>\n<div id=\"post_33438\">\n<header>\n<h2>Nova Igua\u00e7u divulga lista de contemplados na segunda fase da pr\u00e9-matr\u00edcula escolar<\/h2>\n<h4>\n                <em><br \/>\n                    <time class=\"text-muted\" datetime=\"24-01-2025\">24 de janeiro de 2025<\/time><br \/>\n                <\/em><br \/>\n            <\/h4>\n<\/header>\n<section>\n<p><span style=\"font-weight: 400;\">O resultado da segunda fase da pr\u00e9-matr\u00edcula escolar na rede municipal de Nova Igua\u00e7u j\u00e1 est\u00e1 dispon\u00edvel. Os respons\u00e1veis pelos alunos contemplados devem comparecer \u00e0 unidade escolar selecionada nos dias 29 e 30 de janeiro para efetivar a matr\u00edcula. A lista completa de nomes pode ser consultada no site da Secretaria Municipal de Educa\u00e7\u00e3o (SEMED).<\/span><\/p>\n<p><span style=\"font-weight: 400;\">Al\u00e9m das vagas regulares, a Educa\u00e7\u00e3o de Jovens e Adultos (EJA) tamb\u00e9m est\u00e1 com inscri\u00e7\u00f5es abertas. Ap\u00f3s o per\u00edodo de pr\u00e9-matr\u00edcula online, jovens e adultos interessados em retomar os estudos podem procurar as unidades escolares da rede municipal para se inscrever no programa, que oferece novas oportunidades e transforma vidas por meio da educa\u00e7\u00e3o.<\/span><\/p>\n<p><span style=\"font-weight: 400;\">Pais ou respons\u00e1veis que n\u00e3o conseguiram realizar a matr\u00edcula dentro do prazo poder\u00e3o comparecer \u00e0 escola selecionada a partir de 30 de janeiro para verificar a disponibilidade de vagas remanescentes e efetuar a matr\u00edcula, caso haja disponibilidade. Em Nova Igua\u00e7u, as aulas na rede municipal ter\u00e3o in\u00edcio no dia 10 de fevereiro.<\/span><\/p>\n<\/section><\/div>\n","protected":false},"excerpt":{"rendered":"<p>Nova Igua\u00e7u divulga lista de contemplados na segunda fase da pr\u00e9-matr\u00edcula escolar 24 de janeiro de 2025 O resultado da segunda fase da pr\u00e9-matr\u00edcula escolar na rede municipal de Nova Igua\u00e7u j\u00e1 est\u00e1 dispon\u00edvel. Os respons\u00e1veis pelos alunos contemplados devem comparecer \u00e0 unidade escolar selecionada nos dias 29 e 30 de janeiro para efetivar a [&hellip;]<\/p>\n","protected":false},"author":1,"featured_media":0,"comment_status":"","ping_status":"","sticky":false,"template":"","format":"standard","meta":{"footnotes":""},"categories":[1],"tags":[],"class_list":["post-32073","post","type-post","status-publish","format-standard","hentry","category-noticias"],"amp_enabled":true,"_links":{"self":[{"href":"https:\/\/novasdodia.com.br\/index.php\/wp-json\/wp\/v2\/posts\/32073","targetHints":{"allow":["GET"]}}],"collection":[{"href":"https:\/\/novasdodia.com.br\/index.php\/wp-json\/wp\/v2\/posts"}],"about":[{"href":"https:\/\/novasdodia.com.br\/index.php\/wp-json\/wp\/v2\/types\/post"}],"author":[{"embeddable":true,"href":"https:\/\/novasdodia.com.br\/index.php\/wp-json\/wp\/v2\/users\/1"}],"replies":[{"embeddable":true,"href":"https:\/\/novasdodia.com.br\/index.php\/wp-json\/wp\/v2\/comments?post=32073"}],"version-history":[{"count":0,"href":"https:\/\/novasdodia.com.br\/index.php\/wp-json\/wp\/v2\/posts\/32073\/revisions"}],"wp:attachment":[{"href":"https:\/\/novasdodia.com.br\/index.php\/wp-json\/wp\/v2\/media?parent=32073"}],"wp:term":[{"taxonomy":"category","embeddable":true,"href":"https:\/\/novasdodia.com.br\/index.php\/wp-json\/wp\/v2\/categories?post=32073"},{"taxonomy":"post_tag","embeddable":true,"href":"https:\/\/novasdodia.com.br\/index.php\/wp-json\/wp\/v2\/tags?post=32073"}],"curies":[{"name":"wp","href":"https:\/\/api.w.org\/{rel}","templated":true}]}}