{"id":32734,"date":"2025-02-11T11:39:06","date_gmt":"2025-02-11T14:39:06","guid":{"rendered":"https:\/\/novasdodia.com.br\/index.php\/2025\/02\/11\/em-brasilia-ms-recebe-selo-ouro-pelo-compromisso-nacional-crianca-alfabetizada-agencia-de-noticias-do-governo-de-mato-grosso-do-sul\/"},"modified":"2025-02-11T11:39:06","modified_gmt":"2025-02-11T14:39:06","slug":"em-brasilia-ms-recebe-selo-ouro-pelo-compromisso-nacional-crianca-alfabetizada-agencia-de-noticias-do-governo-de-mato-grosso-do-sul","status":"publish","type":"post","link":"https:\/\/novasdodia.com.br\/index.php\/2025\/02\/11\/em-brasilia-ms-recebe-selo-ouro-pelo-compromisso-nacional-crianca-alfabetizada-agencia-de-noticias-do-governo-de-mato-grosso-do-sul\/","title":{"rendered":"Em Bras\u00edlia, MS recebe selo ouro pelo Compromisso Nacional Crian\u00e7a Alfabetizada \u2013 Ag\u00eancia de Noticias do Governo de Mato Grosso do Sul"},"content":{"rendered":"<p><\/p>\n<div>\n<p style=\"text-align: center;\"><em>Premia\u00e7\u00e3o foi recebida pelo secret\u00e1rio de Estado de Educa\u00e7\u00e3o de Mato Grosso do Sul, H\u00e9lio Daher, ao lado de gestores estaduais, municipais e distritais de todo o Pa\u00eds.<\/em><\/p>\n<p>Mato Grosso do Sul recebeu a classifica\u00e7\u00e3o &#8220;ouro&#8221; do Selo Nacional Compromisso com a Alfabetiza\u00e7\u00e3o, em evento realizado na tarde de ontem (10), em Bras\u00edlia (DF). Institu\u00eddo pelo Decreto Presidencial n\u00ba 12.191\/2024, o selo foi lan\u00e7ado em setembro do ano passado e integra o CNCA (Compromisso Nacional Crian\u00e7a Alfabetizada).<\/p>\n<p>Representando o governador de Mato Grosso do Sul, Eduardo Riedel, o secret\u00e1rio de Estado de Educa\u00e7\u00e3o, H\u00e9lio Daher, esteve presente no evento para receber a premia\u00e7\u00e3o ao lado de gestores estaduais, municipais e distritais de todo o Pa\u00eds, al\u00e9m do presidente Luiz In\u00e1cio Lula da Silva e do ministro da Educa\u00e7\u00e3o, Camilo Santana, entre outras autoridades.<\/p>\n<p>\u201cEssa homenagem \u00e9 reflexo do nosso compromisso efetivo com a alfabetiza\u00e7\u00e3o e receber essa premia\u00e7\u00e3o \u00e9 o reconhecimento do trabalho das nossas escolas em todo o Estado. Parab\u00e9ns aos envolvidos nessa conquista e parab\u00e9ns pela dedica\u00e7\u00e3o de cada uma das nossas escolas! Seguimos trabalhando pela qualidade da Educa\u00e7\u00e3o da Rede Estadual de Ensino de Mato Grosso do Sul\u201d, destacou Daher.<\/p>\n<p>Ao todo, 27 estados e mais de 4,6 mil munic\u00edpios se inscreveram para concorrer ao selo. Deles, 13 estados, o Distrito Federal e 2.592 munic\u00edpios alcan\u00e7aram o selo &#8220;ouro&#8221;, enquanto nove estados e 1.062 munic\u00edpios alcan\u00e7aram o selo &#8220;prata&#8221;. O selo &#8220;bronze&#8221; ser\u00e1 concedido para tr\u00eas estados e 533 munic\u00edpios. O resultado final foi divulgado em dezembro de 2024.<\/p>\n<p>Al\u00e9m de Mato Grosso do Sul, foram contemplados com o selo &#8220;ouro&#8221; os estados do Cear\u00e1, Esp\u00edrito Santo, Goi\u00e1s, Mato Grosso, Minas Gerais, Par\u00e1, Paran\u00e1, Pernambuco, Piau\u00ed, Rio Grande do Norte, Rond\u00f4nia e Tocantins, al\u00e9m do Distrito Federal. O selo &#8220;prata&#8221; foi para os estados Acre, Amap\u00e1, Amazonas, Bahia, Maranh\u00e3o, Para\u00edba, Santa Catarina, S\u00e3o Paulo e Sergipe. J\u00e1 o selo &#8220;bronze&#8221; foi para Alagoas, Rio de Janeiro e Rio Grande do Sul.<\/p>\n<p>Em MS, 38 munic\u00edpios ganharam o selo &#8220;ouro&#8221;, 20 conquistaram o selo prata e tr\u00eas o bronze.<\/p>\n<\/p>\n<p><strong>Sobre o Selo<\/strong><\/p>\n<p>Premia\u00e7\u00e3o entregue aos estados, o selo busca reconhecer os esfor\u00e7os e as iniciativas exitosas de gest\u00e3o das secretarias de Educa\u00e7\u00e3o dos estados, do Distrito Federal e dos munic\u00edpios na formula\u00e7\u00e3o e implementa\u00e7\u00e3o de pol\u00edticas, programas e estrat\u00e9gias que assegurem o direito \u00e0 alfabetiza\u00e7\u00e3o das crian\u00e7as.<\/p>\n<p>Para conquistar o selo, as secretarias de Educa\u00e7\u00e3o precisaram atender uma s\u00e9rie de pr\u00e9-requisitos, apresentando documentos comprobat\u00f3rios das a\u00e7\u00f5es realizadas, de acordo com a proposta do CNCA.<\/p>\n<p>A entrega da premia\u00e7\u00e3o ser\u00e1 realizada anualmente e se tornar\u00e1 a primeira fase do reconhecimento de boas pr\u00e1ticas de estados e munic\u00edpios. Segundo o Governo Federal, neste ano de 2025, ap\u00f3s os resultados do ano letivo de 2024 serem sistematizados e divulgados, o MEC realizar\u00e1 uma segunda premia\u00e7\u00e3o, focada no reconhecimento de quem cumpriu as metas definidas para o CNCA, expressas no percentual de crian\u00e7as alfabetizadas.<\/p>\n<p><strong>Iniciativa Nacional<\/strong><\/p>\n<p>Lan\u00e7ado em junho de 2023, o\u202fCompromisso Nacional Crian\u00e7a Alfabetizada \u00e9 realizado em regime de colabora\u00e7\u00e3o entre a Uni\u00e3o e os entes federados, que foram convidados a aderir ao CNCA. Todos os estados e o Distrito Federal aderiram \u00e0 pol\u00edtica, al\u00e9m de 99,8% dos munic\u00edpios (5.558).<\/p>\n<p>O\u202fintuito\u202f\u00e9 garantir que 100% das crian\u00e7as brasileiras estejam alfabetizadas ao final do 2\u00ba ano do ensino fundamental, conforme previsto na Meta 5 do PNE. Foram estabelecidas metas anuais no CNCA (per\u00edodo 2024-2030) em n\u00edvel nacional e para cada estado, munic\u00edpio e escola. A meta nacional \u00e9 assegurar que, at\u00e9 2030, no m\u00ednimo 80% das crian\u00e7as brasileiras sejam alfabetizadas ao final do 2\u00ba ano do ensino fundamental.<\/p>\n<p>O CNCA busca, ainda,\u202fgarantir\u202fa recomposi\u00e7\u00e3o das aprendizagens. Seu foco \u00e9 a alfabetiza\u00e7\u00e3o de 100% das crian\u00e7as matriculadas no 3\u00ba, 4\u00ba e 5\u00ba ano, tendo em vista o impacto da pandemia para esse p\u00fablico.\u202fO Compromisso n\u00e3o prop\u00f5e uma resposta \u00fanica ou centralizada para todo o pa\u00eds. Cada estado, em colabora\u00e7\u00e3o com seus munic\u00edpios, ficou respons\u00e1vel pela elabora\u00e7\u00e3o da pol\u00edtica de alfabetiza\u00e7\u00e3o do territ\u00f3rio de acordo com as suas especificidades.<\/p>\n<p><em>Comunica\u00e7\u00e3o SED<\/em><br \/><em>Fotos: Divulga\u00e7\u00e3o<\/em><\/p>\n<\/div>\n","protected":false},"excerpt":{"rendered":"<p>Premia\u00e7\u00e3o foi recebida pelo secret\u00e1rio de Estado de Educa\u00e7\u00e3o de Mato Grosso do Sul, H\u00e9lio Daher, ao lado de gestores estaduais, municipais e distritais de todo o Pa\u00eds. Mato Grosso do Sul recebeu a classifica\u00e7\u00e3o &#8220;ouro&#8221; do Selo Nacional Compromisso com a Alfabetiza\u00e7\u00e3o, em evento realizado na tarde de ontem (10), em Bras\u00edlia (DF). Institu\u00eddo [&hellip;]<\/p>\n","protected":false},"author":1,"featured_media":0,"comment_status":"","ping_status":"","sticky":false,"template":"","format":"standard","meta":{"footnotes":""},"categories":[],"tags":[],"class_list":["post-32734","post","type-post","status-publish","format-standard","hentry"],"amp_enabled":true,"_links":{"self":[{"href":"https:\/\/novasdodia.com.br\/index.php\/wp-json\/wp\/v2\/posts\/32734","targetHints":{"allow":["GET"]}}],"collection":[{"href":"https:\/\/novasdodia.com.br\/index.php\/wp-json\/wp\/v2\/posts"}],"about":[{"href":"https:\/\/novasdodia.com.br\/index.php\/wp-json\/wp\/v2\/types\/post"}],"author":[{"embeddable":true,"href":"https:\/\/novasdodia.com.br\/index.php\/wp-json\/wp\/v2\/users\/1"}],"replies":[{"embeddable":true,"href":"https:\/\/novasdodia.com.br\/index.php\/wp-json\/wp\/v2\/comments?post=32734"}],"version-history":[{"count":0,"href":"https:\/\/novasdodia.com.br\/index.php\/wp-json\/wp\/v2\/posts\/32734\/revisions"}],"wp:attachment":[{"href":"https:\/\/novasdodia.com.br\/index.php\/wp-json\/wp\/v2\/media?parent=32734"}],"wp:term":[{"taxonomy":"category","embeddable":true,"href":"https:\/\/novasdodia.com.br\/index.php\/wp-json\/wp\/v2\/categories?post=32734"},{"taxonomy":"post_tag","embeddable":true,"href":"https:\/\/novasdodia.com.br\/index.php\/wp-json\/wp\/v2\/tags?post=32734"}],"curies":[{"name":"wp","href":"https:\/\/api.w.org\/{rel}","templated":true}]}}