{"id":32838,"date":"2025-02-13T16:19:03","date_gmt":"2025-02-13T19:19:03","guid":{"rendered":"https:\/\/novasdodia.com.br\/index.php\/2025\/02\/13\/s-jose-capacita-pms-da-atividade-delegada-para-fiscalizacao\/"},"modified":"2025-02-13T16:19:03","modified_gmt":"2025-02-13T19:19:03","slug":"s-jose-capacita-pms-da-atividade-delegada-para-fiscalizacao","status":"publish","type":"post","link":"https:\/\/novasdodia.com.br\/index.php\/2025\/02\/13\/s-jose-capacita-pms-da-atividade-delegada-para-fiscalizacao\/","title":{"rendered":"S. Jos\u00e9 capacita PMs da Atividade Delegada para fiscaliza\u00e7\u00e3o"},"content":{"rendered":"<p><\/p>\n<p>&#13;<br \/>\n                S. Jos\u00e9 capacita PMs da Atividade Delegada para fiscaliza\u00e7\u00e3o&#13;\n            <\/p>\n<div>\n<p><b>Paula Paz<\/b><br \/>&#13;<br \/>\n&#13;<br \/>\n                <span style=\"font-weight: bold;\">Secretaria de Prote\u00e7\u00e3o ao Cidad\u00e3o<\/span><\/p>\n<p><span style=\"font-weight: 400;\">Nesta quinta-feira (13), 299 Policiais Militares dos Batalh\u00f5es do Comando de Policiamento do Interior 1 conclu\u00edram o curso de capacita\u00e7\u00e3o ministrado pelos Fiscais de Postura da Prefeitura de S\u00e3o Jos\u00e9 dos Campos.<\/span><\/p>\n<p><span style=\"font-weight: 400;\">O treinamento, promovido pela Secretaria de Prote\u00e7\u00e3o ao Cidad\u00e3o, abordou a legisla\u00e7\u00e3o municipal e as diretrizes da nova Lei de Fiscaliza\u00e7\u00e3o de Posturas e da Lei do Sossego. Durante o curso, os policiais participaram de aulas te\u00f3ricas e exerc\u00edcios pr\u00e1ticos, tornando-se aptos a fiscalizar estabelecimentos comerciais, emitir notifica\u00e7\u00f5es e at\u00e9 mesmo realizar interdi\u00e7\u00f5es dentro das a\u00e7\u00f5es da Atividade Delegada.<\/span><\/p>\n<p><span style=\"font-weight: 400;\">Com essa capacita\u00e7\u00e3o, os policiais estar\u00e3o preparados para combater perturba\u00e7\u00f5es ao sossego p\u00fablico, coibir irregularidades no com\u00e9rcio ambulante e contribuir para a manuten\u00e7\u00e3o da ordem urbana.<\/span><\/p>\n<h3><span class=\"intertitulo\">Atividade Delegada<\/span><\/h3>\n<p><span style=\"font-weight: 400;\">A Atividade Delegada \u00e9 um conv\u00eanio entre a Prefeitura e a Secretaria de Seguran\u00e7a P\u00fablica do Estado de S\u00e3o Paulo, regulamentado pelas leis municipais 9.515\/2017 e 9.569\/2017. O programa permite que Policiais Militares atuem, durante dias de folga, em a\u00e7\u00f5es complementares de seguran\u00e7a p\u00fablica sob a gest\u00e3o do munic\u00edpio.<\/span><\/p>\n<p><span style=\"font-weight: 400;\">Dentre as principais atribui\u00e7\u00f5es est\u00e3o a fiscaliza\u00e7\u00e3o do com\u00e9rcio irregular e o combate \u00e0 perturba\u00e7\u00e3o do sossego, al\u00e9m de outras atividades de ordenamento urbano. Retomado em setembro de 2017, o programa refor\u00e7a a seguran\u00e7a e a qualidade de vida na cidade.<\/span><\/p>\n<h3><span class=\"intertitulo\">Perturba\u00e7\u00e3o do Sossego<\/span><\/h3>\n<p><span style=\"font-weight: 400;\">Para reclama\u00e7\u00f5es desse tipo, a popula\u00e7\u00e3o pode acionar as equipes pelos n\u00fameros 153 (GCM) ou 190 (Pol\u00edcia Militar).<\/span><\/p>\n<p>&#13;<br \/>\n                        <strong>MAIS NOT\u00cdCIAS<\/strong><br \/>&#13;<br \/>\n                        Secretaria de Prote\u00e7\u00e3o ao Cidad\u00e3o&#13;\n                    <\/p>\n<\/p><\/div>\n","protected":false},"excerpt":{"rendered":"<p>&#13; S. Jos\u00e9 capacita PMs da Atividade Delegada para fiscaliza\u00e7\u00e3o&#13; Paula Paz&#13; &#13; Secretaria de Prote\u00e7\u00e3o ao Cidad\u00e3o Nesta quinta-feira (13), 299 Policiais Militares dos Batalh\u00f5es do Comando de Policiamento do Interior 1 conclu\u00edram o curso de capacita\u00e7\u00e3o ministrado pelos Fiscais de Postura da Prefeitura de S\u00e3o Jos\u00e9 dos Campos. O treinamento, promovido pela Secretaria [&hellip;]<\/p>\n","protected":false},"author":1,"featured_media":0,"comment_status":"","ping_status":"","sticky":false,"template":"","format":"standard","meta":{"footnotes":""},"categories":[1],"tags":[],"class_list":["post-32838","post","type-post","status-publish","format-standard","hentry","category-noticias"],"amp_enabled":true,"_links":{"self":[{"href":"https:\/\/novasdodia.com.br\/index.php\/wp-json\/wp\/v2\/posts\/32838","targetHints":{"allow":["GET"]}}],"collection":[{"href":"https:\/\/novasdodia.com.br\/index.php\/wp-json\/wp\/v2\/posts"}],"about":[{"href":"https:\/\/novasdodia.com.br\/index.php\/wp-json\/wp\/v2\/types\/post"}],"author":[{"embeddable":true,"href":"https:\/\/novasdodia.com.br\/index.php\/wp-json\/wp\/v2\/users\/1"}],"replies":[{"embeddable":true,"href":"https:\/\/novasdodia.com.br\/index.php\/wp-json\/wp\/v2\/comments?post=32838"}],"version-history":[{"count":0,"href":"https:\/\/novasdodia.com.br\/index.php\/wp-json\/wp\/v2\/posts\/32838\/revisions"}],"wp:attachment":[{"href":"https:\/\/novasdodia.com.br\/index.php\/wp-json\/wp\/v2\/media?parent=32838"}],"wp:term":[{"taxonomy":"category","embeddable":true,"href":"https:\/\/novasdodia.com.br\/index.php\/wp-json\/wp\/v2\/categories?post=32838"},{"taxonomy":"post_tag","embeddable":true,"href":"https:\/\/novasdodia.com.br\/index.php\/wp-json\/wp\/v2\/tags?post=32838"}],"curies":[{"name":"wp","href":"https:\/\/api.w.org\/{rel}","templated":true}]}}