{"id":32908,"date":"2025-02-14T23:07:06","date_gmt":"2025-02-15T02:07:06","guid":{"rendered":"https:\/\/novasdodia.com.br\/index.php\/2025\/02\/14\/urbam-abre-concursos-para-cinco-cargos\/"},"modified":"2025-02-14T23:07:06","modified_gmt":"2025-02-15T02:07:06","slug":"urbam-abre-concursos-para-cinco-cargos","status":"publish","type":"post","link":"https:\/\/novasdodia.com.br\/index.php\/2025\/02\/14\/urbam-abre-concursos-para-cinco-cargos\/","title":{"rendered":"Urbam abre concursos para cinco cargos"},"content":{"rendered":"<p><\/p>\n<div>\n<p><b>Ana L\u00facia Abranches<\/b><br \/>&#13;<br \/>\n&#13;<br \/>\n                <span style=\"font-weight: bold;\">Urbam<\/span><\/p>\n<p>A Urbam (Urbanizadora Municipal) abrir\u00e1 inscri\u00e7\u00f5es no dia 18 de fevereiro para cadastro reserva em concursos nos cargos de eletricista de manuten\u00e7\u00e3o, t\u00e9cnico de seguran\u00e7a do trabalho, encanador, serralheiro e mec\u00e2nico de refrigera\u00e7\u00e3o.<\/p>\n<p>As inscri\u00e7\u00f5es dever\u00e3o ser efetuadas das 8h do dia 18 de fevereiro at\u00e9 \u00e0s 17h do dia 6 de mar\u00e7o no site da empresa, onde tamb\u00e9m estar\u00e3o publicados os editais.<\/p>\n<p>O candidato que n\u00e3o tiver acesso pr\u00f3prio \u00e0 internet poder\u00e1 efetivar sua inscri\u00e7\u00e3o por meio de espa\u00e7os p\u00fablicos dispon\u00edveis na cidade de S\u00e3o Jos\u00e9 dos Campos:\u00a0<\/p>\n<p><span>\u00a0<\/span>S\u00e3o requisitos gerais: a) ser de nacionalidade brasileira ou gozar das prerrogativas constantes dos Decretos de n\u00ba 70.391, de 12 de abril de 1972, n\u00ba 70.436, de 18 de abril de 1972 e na Constitui\u00e7\u00e3o da Rep\u00fablica Federativa do Brasil de 1988, artigo 12, par\u00e1grafo 1\u00ba; b) ter idade m\u00ednima de 18 (dezoito) anos, na data da convoca\u00e7\u00e3o; c) estar quite com as obriga\u00e7\u00f5es eleitorais; d) n\u00e3o ter sido funcion\u00e1rio demitido por justa causa por esta empresa; salvo quando invalidada a sua demiss\u00e3o por decis\u00e3o judicial; e) estar em dia com os deveres do Servi\u00e7o Militar, para os candidatos do sexo masculino.<\/p>\n<p><span class=\"intertitulo\"><strong>Cargos<\/strong><\/span><\/p>\n<p><strong>Eletricista de manuten\u00e7\u00e3o <\/strong><\/p>\n<p>-Ensino m\u00e9dio completo<\/p>\n<p>-Curso de Forma\u00e7\u00e3o de Eletricistas (m\u00ednimo de 40 horas) completo<\/p>\n<p>-Curso de NR 10 completo dentro do per\u00edodo de validade<\/p>\n<p>-Experi\u00eancia de no m\u00ednimo 06 (seis) meses no cargo, comprovada atrav\u00e9s de Carteira de Trabalho e Previd\u00eancia Social<\/p>\n<p>-Carteira Nacional de Habilita\u00e7\u00e3o Categoria \u201cB\u201d ou superior, dentro do per\u00edodo de validade<\/p>\n<p>Sal\u00e1rio: R$ 2.809,06<\/p>\n<p>Taxa de inscri\u00e7\u00e3o: R$ 30,00<\/p>\n<p>\u00a0<\/p>\n<p><strong>T\u00e9cnico de Seguran\u00e7a do Trabalho<\/strong><\/p>\n<p>-Ensino M\u00e9dio Completo<\/p>\n<p>-Curso T\u00e9cnico em Seguran\u00e7a do Trabalho Completo<\/p>\n<p>-Registro profissional no Minist\u00e9rio do Trabalho e Emprego<\/p>\n<p>-Experi\u00eancia de no m\u00ednimo 06 (seis) meses no cargo, comprovada atrav\u00e9s de Carteira de Trabalho e Previd\u00eancia Social<\/p>\n<p>-Carteira Nacional de Habilita\u00e7\u00e3o Categoria &#8220;B&#8221; ou superior, dentro do per\u00edodo de validade<\/p>\n<p>Sal\u00e1rio: R$ 3.126,54<\/p>\n<p>Taxa de inscri\u00e7\u00e3o: R$ 30,00<\/p>\n<p>\u00a0<\/p>\n<p><strong>Encanador<\/strong><\/p>\n<p>-Ensino fundamental completo<\/p>\n<p>-Experi\u00eancia de no m\u00ednimo 06 (seis) meses no cargo, comprovada atrav\u00e9s de Carteira de Trabalho e Previd\u00eancia Social<\/p>\n<p>-Carteira Nacional de Habilita\u00e7\u00e3o Categoria \u201cB\u201d ou superior, dentro do per\u00edodo de validade<\/p>\n<p>Sal\u00e1rio: R$ 2.281,64<\/p>\n<p>Taxa de inscri\u00e7\u00e3o: R$ 20,00<\/p>\n<p>\u00a0<\/p>\n<p><strong>\u00a0<\/strong><strong>Serralheiro<\/strong><\/p>\n<p>-Ensino fundamental completo<\/p>\n<p>-Experi\u00eancia de no m\u00ednimo 06 (seis) meses no cargo, comprovada atrav\u00e9s de Carteira de Trabalho e Previd\u00eancia Social<\/p>\n<p>-Carteira Nacional de Habilita\u00e7\u00e3o Categoria \u201cB\u201d ou superior, dentro do per\u00edodo de validade<\/p>\n<p>Sal\u00e1rio: R$ 2.281,64<\/p>\n<p>Taxa de inscri\u00e7\u00e3o: R$ 20,00<\/p>\n<p>\u00a0<\/p>\n<p><strong>Mec\u00e2nico de refrigera\u00e7\u00e3o<\/strong><\/p>\n<p>-Ensino M\u00e9dio Completo<\/p>\n<p>-Curso de Mec\u00e2nica de Refrigera\u00e7\u00e3o Completo com no m\u00ednimo 160 horas ou Curso T\u00e9cnico de Refrigera\u00e7\u00e3o<\/p>\n<p>-Experi\u00eancia de no m\u00ednimo 06 (seis) meses na \u00e1rea, comprovada atrav\u00e9s de Carteira de Trabalho e Previd\u00eancia Social<\/p>\n<p>-Carteira Nacional de Habilita\u00e7\u00e3o Categoria &#8220;B&#8221; ou superior, dentro do per\u00edodo de validade<\/p>\n<p>Sal\u00e1rio: R$ 3.126,54<\/p>\n<p>Taxa de inscri\u00e7\u00e3o: R$ 30,00<\/p>\n<p>\u00a0<\/p>\n<p>&#13;<br \/>\n                        <strong>MAIS NOT\u00cdCIAS<\/strong><br \/>&#13;<br \/>\n                        Urbam&#13;\n                    <\/p>\n<\/p><\/div>\n","protected":false},"excerpt":{"rendered":"<p>Ana L\u00facia Abranches&#13; &#13; Urbam A Urbam (Urbanizadora Municipal) abrir\u00e1 inscri\u00e7\u00f5es no dia 18 de fevereiro para cadastro reserva em concursos nos cargos de eletricista de manuten\u00e7\u00e3o, t\u00e9cnico de seguran\u00e7a do trabalho, encanador, serralheiro e mec\u00e2nico de refrigera\u00e7\u00e3o. As inscri\u00e7\u00f5es dever\u00e3o ser efetuadas das 8h do dia 18 de fevereiro at\u00e9 \u00e0s 17h do dia [&hellip;]<\/p>\n","protected":false},"author":1,"featured_media":0,"comment_status":"","ping_status":"","sticky":false,"template":"","format":"standard","meta":{"footnotes":""},"categories":[1],"tags":[],"class_list":["post-32908","post","type-post","status-publish","format-standard","hentry","category-noticias"],"amp_enabled":true,"_links":{"self":[{"href":"https:\/\/novasdodia.com.br\/index.php\/wp-json\/wp\/v2\/posts\/32908","targetHints":{"allow":["GET"]}}],"collection":[{"href":"https:\/\/novasdodia.com.br\/index.php\/wp-json\/wp\/v2\/posts"}],"about":[{"href":"https:\/\/novasdodia.com.br\/index.php\/wp-json\/wp\/v2\/types\/post"}],"author":[{"embeddable":true,"href":"https:\/\/novasdodia.com.br\/index.php\/wp-json\/wp\/v2\/users\/1"}],"replies":[{"embeddable":true,"href":"https:\/\/novasdodia.com.br\/index.php\/wp-json\/wp\/v2\/comments?post=32908"}],"version-history":[{"count":0,"href":"https:\/\/novasdodia.com.br\/index.php\/wp-json\/wp\/v2\/posts\/32908\/revisions"}],"wp:attachment":[{"href":"https:\/\/novasdodia.com.br\/index.php\/wp-json\/wp\/v2\/media?parent=32908"}],"wp:term":[{"taxonomy":"category","embeddable":true,"href":"https:\/\/novasdodia.com.br\/index.php\/wp-json\/wp\/v2\/categories?post=32908"},{"taxonomy":"post_tag","embeddable":true,"href":"https:\/\/novasdodia.com.br\/index.php\/wp-json\/wp\/v2\/tags?post=32908"}],"curies":[{"name":"wp","href":"https:\/\/api.w.org\/{rel}","templated":true}]}}