{"id":33099,"date":"2025-02-19T10:09:15","date_gmt":"2025-02-19T13:09:15","guid":{"rendered":"https:\/\/novasdodia.com.br\/index.php\/2025\/02\/19\/governo-de-ms-destaca-integracao-comercio-e-irmandade-com-os-paises-vizinhos-agencia-de-noticias-do-governo-de-mato-grosso-do-sul\/"},"modified":"2025-02-19T10:09:15","modified_gmt":"2025-02-19T13:09:15","slug":"governo-de-ms-destaca-integracao-comercio-e-irmandade-com-os-paises-vizinhos-agencia-de-noticias-do-governo-de-mato-grosso-do-sul","status":"publish","type":"post","link":"https:\/\/novasdodia.com.br\/index.php\/2025\/02\/19\/governo-de-ms-destaca-integracao-comercio-e-irmandade-com-os-paises-vizinhos-agencia-de-noticias-do-governo-de-mato-grosso-do-sul\/","title":{"rendered":"Governo de MS destaca integra\u00e7\u00e3o, com\u00e9rcio e irmandade com os pa\u00edses vizinhos \u2013 Ag\u00eancia de Noticias do Governo de Mato Grosso do Sul"},"content":{"rendered":"<p><\/p>\n<div>\n<p>Na solenidade de abertura do Semin\u00e1rio Internacional da Rota Bioce\u00e2nica, que ocorre m Campo Grande, o governador Eduardo Riedel destacou que este novo corredor vai promover integra\u00e7\u00e3o, impulsionar o com\u00e9rcio, mas acima de tudo proporcionar um sentimento de fraternidade e irmandade com os pa\u00edses vizinhos.<\/p>\n<p>\u201cO que nos une \u00e9 tirar este sonho do papel. Temos a obriga\u00e7\u00e3o de motivar a nossa gente. O sentimento de irmandade \u00e9 o principal elo da Rota Bioce\u00e2nica, muito mais do que as obras e com\u00e9rcio internacional. Estes benef\u00edcios envolvem toda popula\u00e7\u00e3o ao longo deste caminho\u201d, afirmou o governador.<\/p>\n<p>Riedel ponderou que os pa\u00edses envolvidos ter\u00e3o grandes desafios pela frente, tanto na infraestrutura f\u00edsica, como nos demais compromissos. \u201cVamos buscar a fluidez e integra\u00e7\u00e3o em todas as \u00e1reas, que vai ser um desafio para nossas diplomacias. A rota ser\u00e1 um motivo de competitividade ao setor privado. No ano que vem teremos a inaugura\u00e7\u00e3o da ponte (binacional) e as diversas estradas para viabilizar o corredor\u201d.<\/p>\n<figure id=\"attachment_503518\" aria-describedby=\"caption-attachment-503518\" style=\"width: 1024px\" class=\"wp-caption aligncenter\"><figcaption id=\"caption-attachment-503518\" class=\"wp-caption-text\"><em>Governador ao lado da ministra Simone na entrada do evento<\/em><\/figcaption><\/figure>\n<p>A ministra do Planejamento e Or\u00e7amento, Simone Tebet, participou da abertura e destacou que al\u00e9m da rota por Porto Murtinho, tem mais quatro (corredores) em andamento ligando o Brasil aos pa\u00edses da Am\u00e9rica do Sul, rumo ao Oceano Pac\u00edfico. Sobre o corredor do Mato Grosso do Sul destacou que as a\u00e7\u00f5es est\u00e3o avan\u00e7adas.<\/p>\n<p>\u201cUma alegria fazer parte deste processo. Somos um povo de paz com nossos vizinhos da Am\u00e9rica do Sul, o que nos dividem s\u00e3o meras ruas estreitas. Esta unidade nos faz ter uma riqueza \u00fanica. Hoje temos uma pol\u00edtica de Estado com cinco rotas de integra\u00e7\u00e3o Sul-Americana\u201d.<\/p>\n<p>O secret\u00e1rio Jaime Verruck da Semadesc (Secretaria de Meio Ambiente, Desenvolvimento, Ci\u00eancia, Tecnologia e Inova\u00e7\u00e3o) destacou que o corredor bioce\u00e2nico \u00e9 mais do que uma obra e sim uma integra\u00e7\u00e3o sem fronteiras na Am\u00e9rica do Sul. \u201cUm novo cap\u00edtulo da geopol\u00edtica, que vai al\u00e9m do concreto e asfalto e sim da integra\u00e7\u00e3o de pessoas, um compromisso com o futuro, que vai impactar muitas vidas, abrindo um leque de oportunidades\u201d.<\/p>\n<figure id=\"attachment_503528\" aria-describedby=\"caption-attachment-503528\" style=\"width: 1024px\" class=\"wp-caption aligncenter\"><figcaption id=\"caption-attachment-503528\" class=\"wp-caption-text\"><em>O governador de Tarapac\u00e1 (Chile), Jos\u00e9 Miguel Carvajal Gallardo<\/em><\/figcaption><\/figure>\n<p>Localizado em ponto estrat\u00e9gico no corredor bioce\u00e2nico, o porto de Iquique no Chile, \u00e9 um dos caminhos para seguir rumo ao Oceano Pac\u00edfico. O governador de Tarapac\u00e1 (Chile), Jos\u00e9 Miguel Carvajal Gallardo, regi\u00e3o onde est\u00e1 o terminal, participou da abertura e citou as oportunidades que ser\u00e3o abertas.<\/p>\n<p>\u201cVivemos um momento hist\u00f3rico, de muito orgulho. Um sonho econ\u00f4mico e social, que vai ser um projeto humanizador, que reduz a dist\u00e2ncia entre os povos. Oportunidades econ\u00f4micas em um momento significativo para Am\u00e9rica do Sul, que era um sonho de tantos e tantas\u201d.<\/p>\n<figure id=\"attachment_503534\" aria-describedby=\"caption-attachment-503534\" style=\"width: 1024px\" class=\"wp-caption aligncenter\"><figcaption id=\"caption-attachment-503534\" class=\"wp-caption-text\"><em>Abertura foi feita no Centro de Conven\u00e7\u00f5es Rubens Gil de Camillo<\/em><\/figcaption><\/figure>\n<p><strong>Evento<\/strong><\/p>\n<p>O Semin\u00e1rio Internacional da Rota Bioce\u00e2nica e o 6\u00ba Foro de los Gobiernos Subnacionales del Corredor Bioce\u00e2nico \u00e9 uma realiza\u00e7\u00e3o do Governo de Mato Grosso do Sul, por meio da Semadesc (Secretaria de Meio Ambiente, Desenvolvimento, Ci\u00eancia, Tecnologia e Inova\u00e7\u00e3o), com o apoio da Fiems e do Sebrae\/MS, tendo a colabora\u00e7\u00e3o da Energisa e \u00c1guas Guariroba.<\/p>\n<p>As atividades come\u00e7aram na ter\u00e7a-feira (18) e seguem at\u00e9 dia 20 de fevereiro. O objetivo do evento \u00e9 fomentar o desenvolvimento e a integra\u00e7\u00e3o regional entre Brasil, Paraguai, Argentina e Chile, destacando as oportunidades e desafios que ser\u00e3o gerados pelo Corredor Bioce\u00e2nico, trajeto rodovi\u00e1rio de 3.320 km que vai conectar os quatro pa\u00edses ao Oceano Pac\u00edfico rumo ao mercado asi\u00e1tico.<\/p>\n<p>A programa\u00e7\u00e3o contar\u00e1 com pain\u00e9is, reuni\u00f5es t\u00e9cnicas e culturais, envolvendo autoridades governamentais, empres\u00e1rios e especialistas de diversas \u00e1reas. Todas as atividades ocorrem no Centro de Conven\u00e7\u00f5es Arquiteto Rubens Gil de Camillo.<\/p>\n<div id=\"gallery-1\" class=\"gallery galleryid-503514 gallery-columns-2 gallery-size-large\">\n<figure class=\"gallery-item\">\n<div class=\"gallery-icon landscape\"><\/div>\n<\/figure>\n<figure class=\"gallery-item\">\n<div class=\"gallery-icon landscape\"><\/div>\n<\/figure><\/div>\n<\/p>\n<p><em>Leonardo Rocha, Comunica\u00e7\u00e3o do Governo de MS<\/em><br \/><em>Fotos: Bruno Rezende<\/em><\/p>\n<p>\u00a0<\/p>\n<\/div>\n","protected":false},"excerpt":{"rendered":"<p>Na solenidade de abertura do Semin\u00e1rio Internacional da Rota Bioce\u00e2nica, que ocorre m Campo Grande, o governador Eduardo Riedel destacou que este novo corredor vai promover integra\u00e7\u00e3o, impulsionar o com\u00e9rcio, mas acima de tudo proporcionar um sentimento de fraternidade e irmandade com os pa\u00edses vizinhos. \u201cO que nos une \u00e9 tirar este sonho do papel. [&hellip;]<\/p>\n","protected":false},"author":1,"featured_media":0,"comment_status":"","ping_status":"","sticky":false,"template":"","format":"standard","meta":{"footnotes":""},"categories":[],"tags":[],"class_list":["post-33099","post","type-post","status-publish","format-standard","hentry"],"amp_enabled":true,"_links":{"self":[{"href":"https:\/\/novasdodia.com.br\/index.php\/wp-json\/wp\/v2\/posts\/33099","targetHints":{"allow":["GET"]}}],"collection":[{"href":"https:\/\/novasdodia.com.br\/index.php\/wp-json\/wp\/v2\/posts"}],"about":[{"href":"https:\/\/novasdodia.com.br\/index.php\/wp-json\/wp\/v2\/types\/post"}],"author":[{"embeddable":true,"href":"https:\/\/novasdodia.com.br\/index.php\/wp-json\/wp\/v2\/users\/1"}],"replies":[{"embeddable":true,"href":"https:\/\/novasdodia.com.br\/index.php\/wp-json\/wp\/v2\/comments?post=33099"}],"version-history":[{"count":0,"href":"https:\/\/novasdodia.com.br\/index.php\/wp-json\/wp\/v2\/posts\/33099\/revisions"}],"wp:attachment":[{"href":"https:\/\/novasdodia.com.br\/index.php\/wp-json\/wp\/v2\/media?parent=33099"}],"wp:term":[{"taxonomy":"category","embeddable":true,"href":"https:\/\/novasdodia.com.br\/index.php\/wp-json\/wp\/v2\/categories?post=33099"},{"taxonomy":"post_tag","embeddable":true,"href":"https:\/\/novasdodia.com.br\/index.php\/wp-json\/wp\/v2\/tags?post=33099"}],"curies":[{"name":"wp","href":"https:\/\/api.w.org\/{rel}","templated":true}]}}