{"id":33101,"date":"2025-02-19T10:51:08","date_gmt":"2025-02-19T13:51:08","guid":{"rendered":"https:\/\/novasdodia.com.br\/index.php\/2025\/02\/19\/prefeitura-moradores-e-proprietarios-definem-tac-de-regularizacao-do-loteamento-palmeira-velha-prefeitura-municipal-de-bonito\/"},"modified":"2025-02-19T10:51:08","modified_gmt":"2025-02-19T13:51:08","slug":"prefeitura-moradores-e-proprietarios-definem-tac-de-regularizacao-do-loteamento-palmeira-velha-prefeitura-municipal-de-bonito","status":"publish","type":"post","link":"https:\/\/novasdodia.com.br\/index.php\/2025\/02\/19\/prefeitura-moradores-e-proprietarios-definem-tac-de-regularizacao-do-loteamento-palmeira-velha-prefeitura-municipal-de-bonito\/","title":{"rendered":"Prefeitura, moradores e propriet\u00e1rios definem TAC de regulariza\u00e7\u00e3o do loteamento\u00a0&#8216;Palmeira Velha&#8217; &#8211; Prefeitura Municipal de Bonito"},"content":{"rendered":"<p><\/p>\n<div>\n<div class=\"td-post-featured-image\"><\/div>\n<p>Audi\u00eancia p\u00fablica, realizada nesta ter\u00e7a-feira (18), na C\u00e2mara Municipal de Bonito, discutiu a Regulariza\u00e7\u00e3o Fundi\u00e1ria, Ambiental, Infraestrutura e Seguran\u00e7a P\u00fablica do N\u00facleo Urbano Informal \u201cPalmeira Velha\u201d\u00a0(regi\u00e3o do Fiinho), localizado na sa\u00edda para Aquidauna (MS-345). A reuni\u00e3o contou com a presen\u00e7a do promotor de Justi\u00e7a Alexandre Estuqui, representando o Minist\u00e9rio P\u00fablico de MS, o diretor do Demurf, Jos\u00e9 Cavalheiro e do procurador jur\u00eddico da Prefeitura, Osmar Prado, que detalharam aos moradores os termos presentes no TAC (Termo de Ajuste de Conduta), estabelecendo valor venal do metro\u00b2 dos lotes, bem como o que cada morador dever\u00e1 pagar pelo servi\u00e7o de pavimenta\u00e7\u00e3o do bairro.<\/p>\n<p>Ap\u00f3s reuni\u00e3o com o todos os moradores e propriet\u00e1rios de lotes do residencial, realizada em 10 de dezembro de 2024, ficou acordado entre o grupo que o loteador principal, Leonildo Dias Costa (Fiinha) e tr\u00eas subloteadores (pessoas que compraram uma quantidade maior de lotes e revenderam) ficar\u00e3o respons\u00e1veis por arcar com metade dos custo de infraestrutura (asfalto, drenagem superficial e instala\u00e7\u00e3o da rede de \u00e1gua e esgoto) de todo o loteamento, na devida propor\u00e7\u00e3o que lotearam e os demais moradores arcar\u00e3o com os outros 50% do valor, calculado conforme a testada (frente) de cada lote. A audi\u00eancia p\u00fablica teve como objetivo, validar o acordo por meio da assinatura da TAC.<\/p>\n<p>A empresa respons\u00e1vel pelo servi\u00e7o ser\u00e1 a Espirito Santo Ltda, que al\u00e9m da infraestrutura (asfalto, drenagem superficial e instala\u00e7\u00e3o da rede de \u00e1gua e esgoto) tamb\u00e9m far\u00e1 a instala\u00e7\u00e3o da rede el\u00e9trica e capacita\u00e7\u00e3o da rede. <\/p>\n<p>Ao Executivo Municipal ficar\u00e1 a responsabilidade de asfaltar a rua de tr\u00e1s do loteamento e de dar prosseguimento ao processo de regulariza\u00e7\u00e3o fundi\u00e1ria, at\u00e9 a emiss\u00e3o da Matr\u00edcula do im\u00f3vel. \u00c9 importante refor\u00e7ar que apenas os lotes quitados ser\u00e3o registrados no nome do atual propriet\u00e1rio. O prazo para emiss\u00e3o da CRF (Certid\u00e3o de Regulariza\u00e7\u00e3o Fundi\u00e1ria) \u00e9 de 180 dias ap\u00f3s assinatura da TAC. Tamb\u00e9m ficou acordado com os moradores que o IPTU s\u00f3 ser\u00e1 cobrado a partir de 2026.<\/p>\n<p>Ap\u00f3s assinaturas, a TAC ser\u00e1 protocolada junto ao Minist\u00e9rio P\u00fablico e adicionado ao processo de regulariza\u00e7\u00e3o do Residencial Palmeira Velha. O processo de Reurb, encaminhado pelo Demurf, solicitando a emiss\u00e3o das matr\u00edculas individualizadas, ser\u00e1 o pr\u00f3ximo passo no andamento ao termo de acordo.<\/p>\n<figure class=\"wp-block-image size-large\"><\/figure>\n<\/p><\/div>\n","protected":false},"excerpt":{"rendered":"<p>Audi\u00eancia p\u00fablica, realizada nesta ter\u00e7a-feira (18), na C\u00e2mara Municipal de Bonito, discutiu a Regulariza\u00e7\u00e3o Fundi\u00e1ria, Ambiental, Infraestrutura e Seguran\u00e7a P\u00fablica do N\u00facleo Urbano Informal \u201cPalmeira Velha\u201d\u00a0(regi\u00e3o do Fiinho), localizado na sa\u00edda para Aquidauna (MS-345). A reuni\u00e3o contou com a presen\u00e7a do promotor de Justi\u00e7a Alexandre Estuqui, representando o Minist\u00e9rio P\u00fablico de MS, o diretor do [&hellip;]<\/p>\n","protected":false},"author":1,"featured_media":0,"comment_status":"","ping_status":"","sticky":false,"template":"","format":"standard","meta":{"footnotes":""},"categories":[],"tags":[],"class_list":["post-33101","post","type-post","status-publish","format-standard","hentry"],"amp_enabled":true,"_links":{"self":[{"href":"https:\/\/novasdodia.com.br\/index.php\/wp-json\/wp\/v2\/posts\/33101","targetHints":{"allow":["GET"]}}],"collection":[{"href":"https:\/\/novasdodia.com.br\/index.php\/wp-json\/wp\/v2\/posts"}],"about":[{"href":"https:\/\/novasdodia.com.br\/index.php\/wp-json\/wp\/v2\/types\/post"}],"author":[{"embeddable":true,"href":"https:\/\/novasdodia.com.br\/index.php\/wp-json\/wp\/v2\/users\/1"}],"replies":[{"embeddable":true,"href":"https:\/\/novasdodia.com.br\/index.php\/wp-json\/wp\/v2\/comments?post=33101"}],"version-history":[{"count":0,"href":"https:\/\/novasdodia.com.br\/index.php\/wp-json\/wp\/v2\/posts\/33101\/revisions"}],"wp:attachment":[{"href":"https:\/\/novasdodia.com.br\/index.php\/wp-json\/wp\/v2\/media?parent=33101"}],"wp:term":[{"taxonomy":"category","embeddable":true,"href":"https:\/\/novasdodia.com.br\/index.php\/wp-json\/wp\/v2\/categories?post=33101"},{"taxonomy":"post_tag","embeddable":true,"href":"https:\/\/novasdodia.com.br\/index.php\/wp-json\/wp\/v2\/tags?post=33101"}],"curies":[{"name":"wp","href":"https:\/\/api.w.org\/{rel}","templated":true}]}}