{"id":33452,"date":"2025-02-26T19:57:06","date_gmt":"2025-02-26T22:57:06","guid":{"rendered":"https:\/\/novasdodia.com.br\/index.php\/2025\/02\/26\/da-maquiagem-ao-corte-autocuidado-tem-variacao-de-ate-260-em-campo-grande-agencia-de-noticias-do-governo-de-mato-grosso-do-sul\/"},"modified":"2025-02-26T19:57:06","modified_gmt":"2025-02-26T22:57:06","slug":"da-maquiagem-ao-corte-autocuidado-tem-variacao-de-ate-260-em-campo-grande-agencia-de-noticias-do-governo-de-mato-grosso-do-sul","status":"publish","type":"post","link":"https:\/\/novasdodia.com.br\/index.php\/2025\/02\/26\/da-maquiagem-ao-corte-autocuidado-tem-variacao-de-ate-260-em-campo-grande-agencia-de-noticias-do-governo-de-mato-grosso-do-sul\/","title":{"rendered":"Da maquiagem ao corte, autocuidado tem varia\u00e7\u00e3o de at\u00e9 260% em Campo Grande \u2013 Ag\u00eancia de Noticias do Governo de Mato Grosso do Sul"},"content":{"rendered":"<p><\/p>\n<div id=\"post-504299\">\n<div class=\"text-center\"><\/div>\n<div class=\"entry\">\n<p>Investir no autocuidado requer pesquisa, mas tamb\u00e9m an\u00e1lise sobre a experi\u00eancia vivenciada nas empresas que prestam servi\u00e7os de sal\u00e3o de beleza em Campo Grande. Isso porque pre\u00e7os tem varia\u00e7\u00e3o de at\u00e9 260%, conforme levantamento do Procon Mato Grosso do Sul.<\/p>\n<p>Equipe da institui\u00e7\u00e3o vinculada \u00e0 Sead (Secretaria de Estado de Assist\u00eancia Social e dos Direitos Humanos) levantou dados, entre os dias 24 a 26 de fevereiro, de nove servi\u00e7os comercializados por cinco empresas localizadas na regi\u00e3o do Centro.<\/p>\n<p>Foi observado que a maquiagem teve a menor varia\u00e7\u00e3o no per\u00edodo, de 27,39%, apresentando valores entre R$ 157 e R$ 200. J\u00e1 o corte de cabelo variou de R$ 61 a R$ 220, ou seja, 260,66% de diferen\u00e7a entre os estabelecimentos pesquisados.<\/p>\n<p>Tamb\u00e9m integram o levantamento valores referentes aos servi\u00e7os de hidrata\u00e7\u00e3o, alongamento de unhas em acr\u00edlico e gel, progressiva e escova para cabelos curtos, m\u00e9dios e longos.<\/p>\n<p>Os dados da pesquisa est\u00e3o dispon\u00edveis para consulta no site do Procon Mato Grosso do Sul e podem ter sido atualizados desde o registro dos pre\u00e7os. A tabela dos servi\u00e7os e valores ainda pode ser acessada pelo link: <span style=\"color: #0000ff;\">https:\/\/tinyurl.com\/2y8kksfr<\/span>.<\/p>\n<p><em>Kleber Clajus, Comunica\u00e7\u00e3o Procon-MS<br \/><\/em><em>Foto: Kleber Clajus\/ProconMS\/Arquivo<\/em><\/p>\n<\/div><\/div>\n","protected":false},"excerpt":{"rendered":"<p>Investir no autocuidado requer pesquisa, mas tamb\u00e9m an\u00e1lise sobre a experi\u00eancia vivenciada nas empresas que prestam servi\u00e7os de sal\u00e3o de beleza em Campo Grande. Isso porque pre\u00e7os tem varia\u00e7\u00e3o de at\u00e9 260%, conforme levantamento do Procon Mato Grosso do Sul. Equipe da institui\u00e7\u00e3o vinculada \u00e0 Sead (Secretaria de Estado de Assist\u00eancia Social e dos Direitos [&hellip;]<\/p>\n","protected":false},"author":1,"featured_media":0,"comment_status":"","ping_status":"","sticky":false,"template":"","format":"standard","meta":{"footnotes":""},"categories":[],"tags":[],"class_list":["post-33452","post","type-post","status-publish","format-standard","hentry"],"amp_enabled":true,"_links":{"self":[{"href":"https:\/\/novasdodia.com.br\/index.php\/wp-json\/wp\/v2\/posts\/33452","targetHints":{"allow":["GET"]}}],"collection":[{"href":"https:\/\/novasdodia.com.br\/index.php\/wp-json\/wp\/v2\/posts"}],"about":[{"href":"https:\/\/novasdodia.com.br\/index.php\/wp-json\/wp\/v2\/types\/post"}],"author":[{"embeddable":true,"href":"https:\/\/novasdodia.com.br\/index.php\/wp-json\/wp\/v2\/users\/1"}],"replies":[{"embeddable":true,"href":"https:\/\/novasdodia.com.br\/index.php\/wp-json\/wp\/v2\/comments?post=33452"}],"version-history":[{"count":0,"href":"https:\/\/novasdodia.com.br\/index.php\/wp-json\/wp\/v2\/posts\/33452\/revisions"}],"wp:attachment":[{"href":"https:\/\/novasdodia.com.br\/index.php\/wp-json\/wp\/v2\/media?parent=33452"}],"wp:term":[{"taxonomy":"category","embeddable":true,"href":"https:\/\/novasdodia.com.br\/index.php\/wp-json\/wp\/v2\/categories?post=33452"},{"taxonomy":"post_tag","embeddable":true,"href":"https:\/\/novasdodia.com.br\/index.php\/wp-json\/wp\/v2\/tags?post=33452"}],"curies":[{"name":"wp","href":"https:\/\/api.w.org\/{rel}","templated":true}]}}