{"id":33500,"date":"2025-02-27T17:43:07","date_gmt":"2025-02-27T20:43:07","guid":{"rendered":"https:\/\/novasdodia.com.br\/index.php\/2025\/02\/27\/governo-de-ms-discute-em-brasilia-acoes-de-prevencao-a-incencios-e-dragagem-do-rio-paraguai\/"},"modified":"2025-02-27T17:43:07","modified_gmt":"2025-02-27T20:43:07","slug":"governo-de-ms-discute-em-brasilia-acoes-de-prevencao-a-incencios-e-dragagem-do-rio-paraguai","status":"publish","type":"post","link":"https:\/\/novasdodia.com.br\/index.php\/2025\/02\/27\/governo-de-ms-discute-em-brasilia-acoes-de-prevencao-a-incencios-e-dragagem-do-rio-paraguai\/","title":{"rendered":"Governo de MS discute em Bras\u00edlia a\u00e7\u00f5es de preven\u00e7\u00e3o a inc\u00eancios e dragagem do Rio Paraguai"},"content":{"rendered":"<p><\/p>\n<div id=\"post-504421\">\n<div class=\"text-center\"><\/div>\n<div class=\"entry\">\n<p>Em reuni\u00e3o hoje (27) \u00e0 tarde, em Bras\u00edlia, com a ministra do Meio Ambiente e Mudan\u00e7a do Clima, Marina Silva, e sua equipe, o governador Eduardo Riedel discutiu um plano de trabalho para a preven\u00e7\u00e3o e combate aos inc\u00eandios no Estado, em especial, no Pantanal. Riedel destacou a import\u00e2ncia do planejamento com aloca\u00e7\u00e3o de recursos e equipamentos. &#8220;\u00c9 importante estabelecermos esta parceria, j\u00e1 prevendo qualquer incidente&#8221;, disse.<\/p>\n<p>Outro assunto tratado na reuni\u00e3o foi sobre a dragagem em pontos espec\u00edficos para manuten\u00e7\u00e3o da navega\u00e7\u00e3o no Rio Paraguai no Tramo Sul, entre Corumb\u00e1 e a Foz do Rio Apa. &#8220;Uma a\u00e7\u00e3o extremamente importante para o meio ambiente, a partir do momento que se tira muitas carretas da estrada, e que propicia mais competitividade ao Mato Grosso do Sul, prestando bons servi\u00e7os \u00e0 sua popula\u00e7\u00e3o&#8221;.<\/p>\n<p>O Paraguai \u00e9 um rio naveg\u00e1vel que movimentou mais de 9 milh\u00f5es de toneladas de mercadorias no ano passado. A \u00a0hidrovia do Rio Paraguai \u00e9 um modal mais competitivo, mais sustent\u00e1vel.\u00a0<\/p>\n<p>Mais cedo, o governador Eduardo Riedel participou do F\u00f3rum de Governadores do Cons\u00f3rcio Brasil Central. Entre os assuntos discutidos, o Cons\u00f3rcio defendeu a\u00e7\u00f5es integradas com troca de conhecimento e intelig\u00eancia para combater crime organizado.<\/p>\n<p><em>Alexandre Gonzaga e Bruno Chaves, Comunica\u00e7\u00e3o do Governo de MS<\/em><br \/><em>Fotos: Bruno Chaves<\/em><\/p>\n<\/div><\/div>\n","protected":false},"excerpt":{"rendered":"<p>Em reuni\u00e3o hoje (27) \u00e0 tarde, em Bras\u00edlia, com a ministra do Meio Ambiente e Mudan\u00e7a do Clima, Marina Silva, e sua equipe, o governador Eduardo Riedel discutiu um plano de trabalho para a preven\u00e7\u00e3o e combate aos inc\u00eandios no Estado, em especial, no Pantanal. Riedel destacou a import\u00e2ncia do planejamento com aloca\u00e7\u00e3o de recursos [&hellip;]<\/p>\n","protected":false},"author":1,"featured_media":0,"comment_status":"","ping_status":"","sticky":false,"template":"","format":"standard","meta":{"footnotes":""},"categories":[1],"tags":[],"class_list":["post-33500","post","type-post","status-publish","format-standard","hentry","category-noticias"],"amp_enabled":true,"_links":{"self":[{"href":"https:\/\/novasdodia.com.br\/index.php\/wp-json\/wp\/v2\/posts\/33500","targetHints":{"allow":["GET"]}}],"collection":[{"href":"https:\/\/novasdodia.com.br\/index.php\/wp-json\/wp\/v2\/posts"}],"about":[{"href":"https:\/\/novasdodia.com.br\/index.php\/wp-json\/wp\/v2\/types\/post"}],"author":[{"embeddable":true,"href":"https:\/\/novasdodia.com.br\/index.php\/wp-json\/wp\/v2\/users\/1"}],"replies":[{"embeddable":true,"href":"https:\/\/novasdodia.com.br\/index.php\/wp-json\/wp\/v2\/comments?post=33500"}],"version-history":[{"count":0,"href":"https:\/\/novasdodia.com.br\/index.php\/wp-json\/wp\/v2\/posts\/33500\/revisions"}],"wp:attachment":[{"href":"https:\/\/novasdodia.com.br\/index.php\/wp-json\/wp\/v2\/media?parent=33500"}],"wp:term":[{"taxonomy":"category","embeddable":true,"href":"https:\/\/novasdodia.com.br\/index.php\/wp-json\/wp\/v2\/categories?post=33500"},{"taxonomy":"post_tag","embeddable":true,"href":"https:\/\/novasdodia.com.br\/index.php\/wp-json\/wp\/v2\/tags?post=33500"}],"curies":[{"name":"wp","href":"https:\/\/api.w.org\/{rel}","templated":true}]}}