{"id":33550,"date":"2025-02-28T13:15:06","date_gmt":"2025-02-28T16:15:06","guid":{"rendered":"https:\/\/novasdodia.com.br\/index.php\/2025\/02\/28\/gt-faz-analise-de-risco-em-boletins-de-ocorrencias-agencia-de-noticias-do-governo-de-mato-grosso-do-sul\/"},"modified":"2025-02-28T13:15:06","modified_gmt":"2025-02-28T16:15:06","slug":"gt-faz-analise-de-risco-em-boletins-de-ocorrencias-agencia-de-noticias-do-governo-de-mato-grosso-do-sul","status":"publish","type":"post","link":"https:\/\/novasdodia.com.br\/index.php\/2025\/02\/28\/gt-faz-analise-de-risco-em-boletins-de-ocorrencias-agencia-de-noticias-do-governo-de-mato-grosso-do-sul\/","title":{"rendered":"GT faz an\u00e1lise de risco em boletins de ocorr\u00eancias \u2013 Ag\u00eancia de Noticias do Governo de Mato Grosso do Sul"},"content":{"rendered":"<p><\/p>\n<div>\n<p>O vice-governador de Mato Grosso do Sul, Jos\u00e9 Carlos Barbosa, o Barbosinha, esteve nesta sexta-feira (28) na Academia de Pol\u00edcia Civil (ACADEPOL) para conhecer de perto os avan\u00e7os do Grupo de Trabalho (GT) criado no \u00e2mbito da Delegacia-Geral da Pol\u00edcia Civil, e coordenado pelos delegados M\u00e1rcio Rog\u00e9rio Faria Cust\u00f3dio e Maria de Lourdes Cano. Institu\u00eddo no \u00faltimo dia 19 de fevereiro, o GT tem a miss\u00e3o de diagnosticar, aprimorar e acelerar as investiga\u00e7\u00f5es dos crimes praticados contra as mulheres, garantindo mais efici\u00eancia no atendimento da Delegacia Especializada de Atendimento \u00e0 Mulher (DEAM). O governo estadual tem trabalhado para aperfei\u00e7oar a estrutura, integrar os Poderes e melhorar o atendimento prestado \u00e0s mulheres v\u00edtimas de viol\u00eancia.<\/p>\n<p>Durante a visita, Barbosinha destacou a import\u00e2ncia do trabalho integrado para garantir respostas mais \u00e1geis \u00e0s v\u00edtimas. \u201cO primeiro passo foi um mergulho interno para diagn\u00f3stico da situa\u00e7\u00e3o, avaliando os boletins de ocorr\u00eancia, identificando demandas de tecnologia, estrutura e pessoal. A partir disso, fortaleceremos o di\u00e1logo com o munic\u00edpio, a Uni\u00e3o e as institui\u00e7\u00f5es do sistema de Justi\u00e7a, como Minist\u00e9rio P\u00fablico, Defensoria e Tribunal de Justi\u00e7a, para avan\u00e7armos nas medidas poss\u00edveis e aprimorarmos esse atendimento t\u00e3o essencial\u201d, afirmou.<\/p>\n<figure id=\"attachment_504533\" aria-describedby=\"caption-attachment-504533\" style=\"width: 1024px\" class=\"wp-caption aligncenter\"><figcaption id=\"caption-attachment-504533\" class=\"wp-caption-text\"><em>Vice-governador acompanha o trabalho do GT<\/em><\/figcaption><\/figure>\n<p>Segundo o delegado M\u00e1rcio, a equipe j\u00e1 iniciou uma an\u00e1lise detalhada das ocorr\u00eancias para tra\u00e7ar estrat\u00e9gias mais eficazes. \u201cEstamos atuando em duas frentes: reduzir o passivo acumulado, priorizando os casos mais urgentes, e aperfei\u00e7oar o gerenciamento de risco para garantir provis\u00f5es imediatas \u00e0s v\u00edtimas que correm maior perigo. Al\u00e9m disso, estamos implementando ferramentas tecnol\u00f3gicas para melhorar a triagem e acelerar as investiga\u00e7\u00f5es\u201d, explicou.<\/p>\n<p>J\u00e1 a delegada Maria de Lourdes ressaltou que todos os boletins de ocorr\u00eancia est\u00e3o sendo minuciosamente revisados para garantir o encaminhamento adequado ao Poder Judici\u00e1rio.<\/p>\n<div id=\"gallery-1\" class=\"gallery galleryid-504535 gallery-columns-2 gallery-size-large\">\n<figure class=\"gallery-item\">\n<div class=\"gallery-icon landscape\"><\/div>\n<\/figure>\n<figure class=\"gallery-item\">\n<div class=\"gallery-icon landscape\"><\/div>\n<\/figure><\/div>\n<p>\u201cDesde os casos de menor potencial ofensivo at\u00e9 os de grande gravidade, nossa prioridade \u00e9 garantir que as v\u00edtimas tenham prote\u00e7\u00e3o e que os agressores sejam devidamente responsabilizados. Estamos trabalhando com m\u00e1xima celeridade para que nenhuma mulher fique desamparada e para que aqueles que praticam viol\u00eancia dom\u00e9stica sejam exclu\u00eddos do conv\u00edvio social, quando necess\u00e1rio\u201d, pontuou.<\/p>\n<p>Com prazo inicial de 90 dias para conclus\u00e3o dos trabalhos, o Grupo de Trabalho da Pol\u00edcia Civil representa um avan\u00e7o significativo no combate \u00e0 viol\u00eancia contra a mulher em Mato Grosso do Sul.<\/p>\n<figure id=\"attachment_504530\" aria-describedby=\"caption-attachment-504530\" style=\"width: 1024px\" class=\"wp-caption aligncenter\"><figcaption id=\"caption-attachment-504530\" class=\"wp-caption-text\"><em>Boletins da DEAM s\u00e3o avaliados por equipe de trabalho<\/em><\/figcaption><\/figure>\n<p><em>Lucas Cavalheiro, Vice-Governadoria<\/em><br \/><em>Fotos: \u00c1lvaro Rezende<\/em><\/p>\n<p><strong>ATEN\u00c7\u00c3O<\/strong>: confira o\u00a0<span style=\"color: #0000ff;\">aqui o pack imprensa\u00a0<\/span>com as imagens do evento\u00a0<\/p>\n<\/div>\n","protected":false},"excerpt":{"rendered":"<p>O vice-governador de Mato Grosso do Sul, Jos\u00e9 Carlos Barbosa, o Barbosinha, esteve nesta sexta-feira (28) na Academia de Pol\u00edcia Civil (ACADEPOL) para conhecer de perto os avan\u00e7os do Grupo de Trabalho (GT) criado no \u00e2mbito da Delegacia-Geral da Pol\u00edcia Civil, e coordenado pelos delegados M\u00e1rcio Rog\u00e9rio Faria Cust\u00f3dio e Maria de Lourdes Cano. Institu\u00eddo [&hellip;]<\/p>\n","protected":false},"author":1,"featured_media":0,"comment_status":"","ping_status":"","sticky":false,"template":"","format":"standard","meta":{"footnotes":""},"categories":[],"tags":[],"class_list":["post-33550","post","type-post","status-publish","format-standard","hentry"],"amp_enabled":true,"_links":{"self":[{"href":"https:\/\/novasdodia.com.br\/index.php\/wp-json\/wp\/v2\/posts\/33550","targetHints":{"allow":["GET"]}}],"collection":[{"href":"https:\/\/novasdodia.com.br\/index.php\/wp-json\/wp\/v2\/posts"}],"about":[{"href":"https:\/\/novasdodia.com.br\/index.php\/wp-json\/wp\/v2\/types\/post"}],"author":[{"embeddable":true,"href":"https:\/\/novasdodia.com.br\/index.php\/wp-json\/wp\/v2\/users\/1"}],"replies":[{"embeddable":true,"href":"https:\/\/novasdodia.com.br\/index.php\/wp-json\/wp\/v2\/comments?post=33550"}],"version-history":[{"count":0,"href":"https:\/\/novasdodia.com.br\/index.php\/wp-json\/wp\/v2\/posts\/33550\/revisions"}],"wp:attachment":[{"href":"https:\/\/novasdodia.com.br\/index.php\/wp-json\/wp\/v2\/media?parent=33550"}],"wp:term":[{"taxonomy":"category","embeddable":true,"href":"https:\/\/novasdodia.com.br\/index.php\/wp-json\/wp\/v2\/categories?post=33550"},{"taxonomy":"post_tag","embeddable":true,"href":"https:\/\/novasdodia.com.br\/index.php\/wp-json\/wp\/v2\/tags?post=33550"}],"curies":[{"name":"wp","href":"https:\/\/api.w.org\/{rel}","templated":true}]}}