{"id":33678,"date":"2025-03-05T07:32:06","date_gmt":"2025-03-05T10:32:06","guid":{"rendered":"https:\/\/novasdodia.com.br\/index.php\/2025\/03\/05\/com-chuva-abaixo-da-media-e-altas-temperaturas-ms-prepara-acoes-de-combate-aos-incendios-florestais\/"},"modified":"2025-03-05T07:32:06","modified_gmt":"2025-03-05T10:32:06","slug":"com-chuva-abaixo-da-media-e-altas-temperaturas-ms-prepara-acoes-de-combate-aos-incendios-florestais","status":"publish","type":"post","link":"https:\/\/novasdodia.com.br\/index.php\/2025\/03\/05\/com-chuva-abaixo-da-media-e-altas-temperaturas-ms-prepara-acoes-de-combate-aos-incendios-florestais\/","title":{"rendered":"Com chuva abaixo da m\u00e9dia e altas temperaturas, MS prepara a\u00e7\u00f5es de combate aos inc\u00eandios florestais"},"content":{"rendered":"<p><\/p>\n<div>\n<p>Com previs\u00e3o de chuvas abaixo da m\u00e9dia hist\u00f3rica em Mato Grosso do Sul, o Governo do Estado mant\u00e9m a prepara\u00e7\u00e3o das a\u00e7\u00f5es de combate aos inc\u00eandios florestais em todos os biomas \u2013 Pantanal, Cerrado e Mata Atl\u00e2ntica.<\/p>\n<p>A organiza\u00e7\u00e3o e planejamento do trabalho j\u00e1 ocorre desde o in\u00edcio do ano, com aten\u00e7\u00e3o especial \u00e0 plan\u00edcie pantaneira. Relat\u00f3rio do Cemtec (Centro de Monitoramento do Tempo e do Clima) aponta que para o per\u00edodo de mar\u00e7o at\u00e9 maio a precipita\u00e7\u00e3o deve ser reduzida e as temperaturas acima da m\u00e9dia para o per\u00edodo, com um trimestre mais quente que o normal no Estado. Toda a situa\u00e7\u00e3o, com chuvas abaixo da m\u00e9dia e temperaturas mais altas, favorece as ondas de calor.<\/p>\n<p>\u201cNos \u00faltimos meses, principalmente entre janeiro a 23 de fevereiro de 2025, observa-se chuvas abaixo da m\u00e9dia hist\u00f3rica em grande parte do Estado. Quando observamos o bioma Pantanal como um todo, incluindo o monitoramento de pontos de medida de chuva em Mato Grosso do Sul e Mato Grosso, para o per\u00edodo de 1\u00b0 de novembro de 2024 a 23 de fevereiro de 2025, \u00e9 a mesma situa\u00e7\u00e3o\u201d, disse a meteorologista e coordenadora do Cemtec, Valesca Fernandes.<\/p>\n<div id=\"gallery-1\" class=\"gallery galleryid-504365 gallery-columns-3 gallery-size-full\">\n<figure class=\"gallery-item\">\n<div class=\"gallery-icon landscape\"><\/div><figcaption class=\"wp-caption-text gallery-caption\" id=\"gallery-1-484735\">\n\t\t\t\tFoto: CBMMS<br \/>\n\t\t\t\t<\/figcaption><\/figure>\n<figure class=\"gallery-item\">\n<div class=\"gallery-icon landscape\"><\/div>\n<\/figure>\n<figure class=\"gallery-item\">\n<div class=\"gallery-icon landscape\"><\/div><figcaption class=\"wp-caption-text gallery-caption\" id=\"gallery-1-482516\">\n\t\t\t\tFotos: \u00c1lvaro Rezende<br \/>\n\t\t\t\t<\/figcaption><\/figure>\n<\/p><\/div>\n<p>Desde setembro de 2023 as condi\u00e7\u00f5es de seca est\u00e3o em evolu\u00e7\u00e3o no Estado, que continua com chuvas abaixo da m\u00e9dia, e apesar da ocorr\u00eancia de precipita\u00e7\u00f5es desde janeiro deste ano, a quantidade n\u00e3o \u00e9 suficiente para amenizar a seca. \u201cEstamos no per\u00edodo chuvoso, e o que se esperava eram chuvas dentro ou pr\u00f3ximo a m\u00e9dia hist\u00f3rica. Mas os dados mostram condi\u00e7\u00f5es de secas, sendo observada altas temperaturas e chuvas irregulares\u201d, explicou Valesca.<\/p>\n<p>Em janeiro deste ano, dos 45 munic\u00edpios analisados pelo Cemtec, 39 tiveram chuvas abaixo da m\u00e9dia hist\u00f3rica, apenas cinco registraram precipita\u00e7\u00e3o superior e um ficou dentro da previs\u00e3o. A previs\u00e3o para o pr\u00f3ximo trimestre indica temperaturas mais altas e chuvas abaixo da m\u00e9dia hist\u00f3rica, o que torna o ambiente favor\u00e1vel para a ocorr\u00eancia de inc\u00eandios florestais.<\/p>\n<p><strong>Prepara\u00e7\u00e3o<\/strong><\/p>\n<p>Entre as a\u00e7\u00f5es j\u00e1 desenvolvidas pelo Governo do Estado, para a TIF (Temporada de Inc\u00eandios Florestais) 2025, est\u00e3o cursos de prepara\u00e7\u00e3o e aperfei\u00e7oamento para os militares do Corpo de Bombeiros.<\/p>\n<p>A forma\u00e7\u00e3o faz parte das a\u00e7\u00f5es de prepara\u00e7\u00e3o para o enfrentamento da fase mais cr\u00edtica da temporada de inc\u00eandios florestais, para qualificar os bombeiros em miss\u00f5es que exigem deslocamentos fora da estrada e ainda aprimorar a execu\u00e7\u00e3o de atividades de combate a inc\u00eandios florestais, transporte de tropa e opera\u00e7\u00f5es especiais em locais de dif\u00edcil acesso.<\/p>\n<p>\u201cVamos realizar uma s\u00e9rie de cursos, j\u00e1 para prepara\u00e7\u00e3o e aperfei\u00e7oamento dos nosso militares. Para que o combate, quando houver necessidade, corra sempre de forma eficiente, especialmente no Pantanal devido as dificuldades j\u00e1 conhecidas do bioma\u201d, explicou o major e subdiretor da DPA (Diretoria de Prote\u00e7\u00e3o Ambiental) do Corpo de Bombeiros, Eduardo Teixeira.<\/p>\n<div id=\"gallery-2\" class=\"gallery galleryid-504365 gallery-columns-2 gallery-size-full\">\n<figure class=\"gallery-item\">\n<div class=\"gallery-icon landscape\"><\/div>\n<\/figure>\n<figure class=\"gallery-item\">\n<div class=\"gallery-icon landscape\"><\/div><figcaption class=\"wp-caption-text gallery-caption\" id=\"gallery-2-486007\">\n\t\t\t\tFotos: Bruno Rezende<br \/>\n\t\t\t\t<\/figcaption><\/figure>\n<\/p><\/div>\n<p>Entre os dias 17 e 21 de fevereiro, foi realizado o est\u00e1gio de dire\u00e7\u00e3o e opera\u00e7\u00e3o de ve\u00edculos 4&#215;4, para capacitar os bombeiros para a condu\u00e7\u00e3o e opera\u00e7\u00e3o de viaturas em terrenos desafiadores, como os que s\u00e3o encontrados no Pantanal.<\/p>\n<p>Outro curso realizado pelo CBMMS (Corpo de Bombeiros Militar) foi o de opera\u00e7\u00e3o de drones (aeronaves remotamente pilotadas) em Navira\u00ed, para auxiliar nas miss\u00f5es urbanas e tamb\u00e9m durante a temporada de inc\u00eandios florestais.<\/p>\n<p><em>Natalia Yahn, Comunica\u00e7\u00e3o Governo de MS<\/em><br \/><em>Foto de capa: CBM-MS\u00a0<\/em><\/p>\n<p>&#8212;<br \/><strong>Relacionada:<\/strong><\/p>\n<blockquote class=\"wp-embedded-content\" data-secret=\"AJ17r6RiGz\">\n<p>Bombeiros de MS realizam curso de Off Road para formar 100 novos condutores at\u00e9 julho<\/p>\n<\/blockquote>\n<p><iframe loading=\"lazy\" class=\"wp-embedded-content\" sandbox=\"allow-scripts\" security=\"restricted\" style=\"position: absolute; visibility: hidden;\" title=\"\u201cBombeiros de MS realizam curso de Off Road para formar 100 novos condutores at\u00e9 julho\u201d \u2014 Ag\u00eancia de Noticias do Governo de Mato Grosso do Sul\" src=\"https:\/\/agenciadenoticias.ms.gov.br\/bombeiros-de-ms-realizam-curso-de-off-road-para-formar-100-novos-condutores-ate-julho\/embed\/#?secret=8hvJErSxJW#?secret=AJ17r6RiGz\" data-secret=\"AJ17r6RiGz\" width=\"500\" height=\"282\" frameborder=\"0\" marginwidth=\"0\" marginheight=\"0\" scrolling=\"no\"><\/iframe><\/p>\n<\/div>\n","protected":false},"excerpt":{"rendered":"<p>Com previs\u00e3o de chuvas abaixo da m\u00e9dia hist\u00f3rica em Mato Grosso do Sul, o Governo do Estado mant\u00e9m a prepara\u00e7\u00e3o das a\u00e7\u00f5es de combate aos inc\u00eandios florestais em todos os biomas \u2013 Pantanal, Cerrado e Mata Atl\u00e2ntica. A organiza\u00e7\u00e3o e planejamento do trabalho j\u00e1 ocorre desde o in\u00edcio do ano, com aten\u00e7\u00e3o especial \u00e0 plan\u00edcie [&hellip;]<\/p>\n","protected":false},"author":1,"featured_media":0,"comment_status":"","ping_status":"","sticky":false,"template":"","format":"standard","meta":{"footnotes":""},"categories":[],"tags":[],"class_list":["post-33678","post","type-post","status-publish","format-standard","hentry"],"amp_enabled":true,"_links":{"self":[{"href":"https:\/\/novasdodia.com.br\/index.php\/wp-json\/wp\/v2\/posts\/33678","targetHints":{"allow":["GET"]}}],"collection":[{"href":"https:\/\/novasdodia.com.br\/index.php\/wp-json\/wp\/v2\/posts"}],"about":[{"href":"https:\/\/novasdodia.com.br\/index.php\/wp-json\/wp\/v2\/types\/post"}],"author":[{"embeddable":true,"href":"https:\/\/novasdodia.com.br\/index.php\/wp-json\/wp\/v2\/users\/1"}],"replies":[{"embeddable":true,"href":"https:\/\/novasdodia.com.br\/index.php\/wp-json\/wp\/v2\/comments?post=33678"}],"version-history":[{"count":0,"href":"https:\/\/novasdodia.com.br\/index.php\/wp-json\/wp\/v2\/posts\/33678\/revisions"}],"wp:attachment":[{"href":"https:\/\/novasdodia.com.br\/index.php\/wp-json\/wp\/v2\/media?parent=33678"}],"wp:term":[{"taxonomy":"category","embeddable":true,"href":"https:\/\/novasdodia.com.br\/index.php\/wp-json\/wp\/v2\/categories?post=33678"},{"taxonomy":"post_tag","embeddable":true,"href":"https:\/\/novasdodia.com.br\/index.php\/wp-json\/wp\/v2\/tags?post=33678"}],"curies":[{"name":"wp","href":"https:\/\/api.w.org\/{rel}","templated":true}]}}