{"id":33681,"date":"2025-03-05T09:11:08","date_gmt":"2025-03-05T12:11:08","guid":{"rendered":"https:\/\/novasdodia.com.br\/index.php\/2025\/03\/05\/publico-aplaude-ultima-noite-de-desfiles-e-se-prepara-para-anuncio-das-campeas\/"},"modified":"2025-03-05T09:11:08","modified_gmt":"2025-03-05T12:11:08","slug":"publico-aplaude-ultima-noite-de-desfiles-e-se-prepara-para-anuncio-das-campeas","status":"publish","type":"post","link":"https:\/\/novasdodia.com.br\/index.php\/2025\/03\/05\/publico-aplaude-ultima-noite-de-desfiles-e-se-prepara-para-anuncio-das-campeas\/","title":{"rendered":"P\u00fablico aplaude \u00faltima noite de desfiles e se prepara para an\u00fancio das campe\u00e3s"},"content":{"rendered":"<p><\/p>\n<div>\n<p>A \u00faltima noite de desfiles do Carnaval Tradi\u00e7\u00e3o 2025 deixou um gostinho de saudade. O p\u00fablico, mais uma vez, lotou as arquibancadas na Avenida Duarte da Silveira e fez a festa junto com as 12 agremia\u00e7\u00f5es que apresentaram o trabalho de um ano inteiro. O encerramento oficial do evento, realizado pela Prefeitura de Jo\u00e3o Pessoa, por meio da sua Funda\u00e7\u00e3o Cultural (Funjope) e Liga Carnavalesca de Jo\u00e3o Pessoa, ser\u00e1 nesta quarta-feira (5), a partir das 9h, com a apura\u00e7\u00e3o dos votos e divulga\u00e7\u00e3o das campe\u00e3s.<\/p>\n<figure class=\"wp-block-gallery has-nested-images columns-default is-cropped wp-block-gallery-1 is-layout-flex wp-block-gallery-is-layout-flex\">\n<figure class=\"wp-block-image size-large\"><\/figure>\n<figure class=\"wp-block-image size-large\"><\/figure>\n<\/figure>\n<p>\u201c\u00c9 uma alegria enorme poder participar do nosso pr\u00e9-Carnaval e nosso Carnaval Tradi\u00e7\u00e3o, preservando a nossa cultura, representando aqui hoje o prefeito C\u00edcero Lucena, o governador Jo\u00e3o Azev\u00eado, todos os parceiros que nos ajudaram a fazer esse grande evento e com esse p\u00fablico maravilhoso. Fico muito feliz de saber que o nosso Carnaval est\u00e1 preservado, que a gente est\u00e1 no caminho certo, no momento certo e na hora certa na Prefeitura\u201d, avaliou o vice-prefeito de Jo\u00e3o Pessoa, Leo Bezerra.<\/p>\n<figure class=\"wp-block-gallery has-nested-images columns-default is-cropped wp-block-gallery-2 is-layout-flex wp-block-gallery-is-layout-flex\">\n<figure class=\"wp-block-image size-large\"><\/figure>\n<figure class=\"wp-block-image size-large\"><\/figure>\n<figure class=\"wp-block-image size-large\"><\/figure>\n<\/figure>\n<p>\u201cN\u00f3s conseguimos realizar mais um bel\u00edssimo Carnaval forte, cheio de vitalidade e isso deixa toda a equipe da Funjope e da Prefeitura de Jo\u00e3o Pessoa muito contente. Nosso planejamento foi totalmente realizado desde as pr\u00e9vias carnavalescas, a partir do dia 31 de janeiro, at\u00e9 a abertura do Folia de Rua, com Elba Ramalho, C\u00e1tia de Fran\u00e7a, Filipe Santos\u201d, iniciou o diretor executivo da Funjope, Marcus Alves.<\/p>\n<figure class=\"wp-block-gallery has-nested-images columns-default is-cropped wp-block-gallery-3 is-layout-flex wp-block-gallery-is-layout-flex\">\n<figure class=\"wp-block-image size-large\"><\/figure>\n<figure class=\"wp-block-image size-large\"><\/figure>\n<figure class=\"wp-block-image size-large\"><\/figure>\n<\/figure>\n<p>Ele ressaltou o sucesso da Via Folia, na Avenida Epit\u00e1cio Pessoa e destacou que, nos bairros, os blocos independentes tamb\u00e9m contribu\u00edram para fortalecer o Carnaval. \u201cEles deram a sua for\u00e7a, a sua alegria, de maneira que n\u00f3s entregamos, em 2025, mais um Carnaval forte. Esse era o projeto do nosso prefeito C\u00edcero Lucena, de resgatarmos e valorizarmos as nossas tradi\u00e7\u00f5es culturais. O Carnaval Tradi\u00e7\u00e3o \u00e9 um exemplo vivo desse resgate porque, este ano, o Carnaval Tradi\u00e7\u00e3o realmente renasceu com muita for\u00e7a, muita presen\u00e7a dos carnavalescos e das agremia\u00e7\u00f5es\u201d, avaliou.<\/p>\n<figure class=\"wp-block-gallery has-nested-images columns-default is-cropped wp-block-gallery-4 is-layout-flex wp-block-gallery-is-layout-flex\">\n<figure class=\"wp-block-image size-large\"><\/figure>\n<figure class=\"wp-block-image size-large\"><\/figure>\n<figure class=\"wp-block-image size-large\"><\/figure>\n<figure class=\"wp-block-image size-large\"><\/figure>\n<figure class=\"wp-block-image size-large\"><\/figure>\n<\/figure>\n<p>O diretor parabenizou todas as ala ursas, as tribos ind\u00edgenas carnavalescas, os clubes de frevo, escolas de samba e maracatus pelo desempenho. \u201cAgora voltamos a fazer o planejamento normal da Funjope e s\u00f3 nos resta agradecer a todas as institui\u00e7\u00f5es que nos ajudaram a realizar esse Carnaval. As secretarias da Prefeitura muito empenhadas, Pol\u00edcia Militar, Pol\u00edcia Civil, Corpo de Bombeiros, Guarda Municipal, Samu, enfim, todas as institui\u00e7\u00f5es da Prefeitura e do Estado que nos ajudaram\u201d, acrescentou.<\/p>\n<figure class=\"wp-block-gallery has-nested-images columns-default is-cropped wp-block-gallery-5 is-layout-flex wp-block-gallery-is-layout-flex\">\n<figure class=\"wp-block-image size-large\"><\/figure>\n<figure class=\"wp-block-image size-large\"><\/figure>\n<\/figure>\n<figure class=\"wp-block-gallery has-nested-images columns-default is-cropped wp-block-gallery-6 is-layout-flex wp-block-gallery-is-layout-flex\">\n<figure class=\"wp-block-image size-large\"><\/figure>\n<figure class=\"wp-block-image size-large\"><\/figure>\n<figure class=\"wp-block-image size-large\"><\/figure>\n<figure class=\"wp-block-image size-large\"><\/figure>\n<figure class=\"wp-block-image size-large\"><\/figure>\n<figure class=\"wp-block-image size-large\"><\/figure>\n<\/figure>\n<p><strong>Ter\u00e7a-feira \u2013 <\/strong>Desfilaram nesta ter\u00e7a-feira (4) os convidados Maracatu Quilombo Nag\u00f4, Nova Gera\u00e7\u00e3o e Acorda V\u00e1rzea Nova. Em seguida, entraram na avenida Urso Anos Dourados, Urso Branco do 13 (B) e as ala ursas Selvagem (B), Canibal (B), Alegria do Panda (B), Macaco Louco (B), Pardo (B), Foli\u00e3o (B) e Celebridade (B).<\/p>\n<p><strong>P\u00fablico \u2013 <\/strong>O p\u00fablico lotou a Avenida Duarte da Silveira na \u00faltima noite de desfiles do Carnaval Tradi\u00e7\u00e3o. A estudante Luana Nascimento estava empolgada com os desfiles e tamb\u00e9m aprovou a estrutura do evento. \u201cEu vim em outros anos e acho que agora est\u00e1 tudo mais organizado, com policiamento, Samu. Isso \u00e9 fundamental para que as pessoas se sintam seguras. Muito bom\u201d, constatou.<\/p>\n<p>A dona de casa Maria de F\u00e1tima Alves Feitosa tamb\u00e9m destacou a seguran\u00e7a. \u201cO evento est\u00e1 aprovad\u00edssimo. Estou amando o Carnaval de Jo\u00e3o Pessoa. Est\u00e1 perfeito. A seguran\u00e7a est\u00e1 muito boa, tem muito policial na rua, agentes de tr\u00e2nsito. Quando vamos para o carro, nos sentimos seguras porque tem policial por perto\u201d, observou.<\/p>\n<p>Juliana Alves \u00e9 auxiliar de sala e foi com as filhas assistir aos desfiles. \u201cEu gosto demais de Carnaval e n\u00e3o perco a oportunidade de acompanhar o Carnaval Tradi\u00e7\u00e3o de jeito nenhum. Est\u00e1 tudo muito lindo\u201d, enfatizou. J\u00e1 a balconista \u00c9rica da Silva Dantas afirmou que, a cada ano, as apresenta\u00e7\u00f5es est\u00e3o mais bonitas. \u201cAl\u00e9m disso, \u00e9 um evento tranquilo, d\u00e1 para trazer as crian\u00e7as, a fam\u00edlia toda. Todo ano eu venho e acho que est\u00e1 cada vez melhor\u201d.<\/p>\n<p>A atendente de telemarketing Ana Fl\u00e1via Lopes Barbosa contou que \u00e9 muito f\u00e3 do Carnaval Tradi\u00e7\u00e3o. \u201c\u00c9 nossa cultura, muito bonito. Eles se preparam muito para fazer esse trabalho e eu vim prestigiar\u201d, disse.<\/p>\n<p><strong>Comerciantes \u2013 <\/strong>Al\u00e9m de assistir aos desfiles, o p\u00fablico contou com uma diversidade de produtos nos pontos comerciais montados ao longo da avenida. Para os comerciantes, foi o momento de faturar um dinheirinho extra, acompanhando de longe as apresenta\u00e7\u00f5es.<\/p>\n<p>\u201c\u00c9 uma boa oportunidade para a gente trabalhar, mas a concorr\u00eancia est\u00e1 grande. O jeito \u00e9 fazer o diferencial para ganhar mais clientes. Este ano, com mais um dia para trabalhar, foi excelente\u201d, declarou Camila Lima, que atua pelo terceiro ano como ambulante no evento.<\/p>\n<p>Ivonete Pereira da Silva trabalha h\u00e1 v\u00e1rios anos no Carnaval de Jo\u00e3o Pessoa e avaliou esses dias. \u201cO Carnaval Tradi\u00e7\u00e3o est\u00e1 sendo o melhor momento de todo o Carnaval, com boas vendas. A expectativa j\u00e1 \u00e9 de chegar o pr\u00f3ximo Carnaval para a gente estar aqui de novo. Uma oportunidade muito boa para trabalhar\u201d, pontuou.<\/p>\n<p>Para Maria da Concei\u00e7\u00e3o Silva do Nascimento, que trabalhou pela primeira vez no Carnaval Tradi\u00e7\u00e3o, a estrutura do evento est\u00e1 muito boa, superando a do \u00faltimo Carnaval que ela acompanhou como foli\u00e3. \u201cMuito melhor do que ano passado e, para n\u00f3s, comerciantes, essas melhorias ajudam a aumentar nossas chances de vender e ganhar um dinheiro extra. Agrade\u00e7o demais\u201d, comentou.<\/p>\n<p><strong>Sa\u00fade \u2013 <\/strong>A Secretaria Municipal de Sa\u00fade (SMS) montou um posto especial oferecendo servi\u00e7os de teste r\u00e1pido de hepatite, s\u00edfilis e HIV, al\u00e9m de distribui\u00e7\u00e3o de preservativos e orienta\u00e7\u00e3o \u00e0 popula\u00e7\u00e3o com rela\u00e7\u00e3o \u00e0 preven\u00e7\u00e3o durante o Carnaval.<\/p>\n<p>Durante os quatro dias do evento, os foli\u00f5es puderam fazer testagem r\u00e1pida no ponto fixo. Al\u00e9m disso, a equipe da Sa\u00fade distribuiu preservativos na avenida com o p\u00fablico.<\/p>\n<p><strong>Seguran\u00e7a \u2013 <\/strong>Durante a programa\u00e7\u00e3o do Carnaval de Jo\u00e3o Pessoa, desde as pr\u00e9vias at\u00e9 o \u00faltimo dia de desfiles do Carnaval Tradi\u00e7\u00e3o, os foli\u00f5es contaram com um aparato de seguran\u00e7a que envolveu a Pol\u00edcia Militar, Pol\u00edcia Civil, Guarda Civil Metropolitana, Corpo de Bombeiros e Samu. Por noite, somente a Pol\u00edcia Militar contou com um efetivo m\u00e9dio de 50 policiais a p\u00e9 e no servi\u00e7o motorizado, utilizando cinco viaturas.<\/p>\n<p>\u201cO evento est\u00e1 terminando hoje e, gra\u00e7as a Deus, foi tranquilo, uma festa muito boa, tranquila, com a popula\u00e7\u00e3o, muitas fam\u00edlias, muita gente vindo realmente para brincar o Carnaval. N\u00e3o tivemos nenhuma ocorr\u00eancia\u201d, enfatizou a capit\u00e3 Marilyn Sousa Santos, da Pol\u00edcia Militar.<\/p>\n<p>A a\u00e7\u00e3o de seguran\u00e7a contou ainda com o apoio de diversas secretarias municipais, a exemplo da Superintend\u00eancia Executiva de Mobilidade Urbana (Semob), secretarias de Desenvolvimento Urbano (Sedurb), Infraestrutura (Seinfra), Sa\u00fade (SMS), Limpeza Urbana (Emlur).<\/p>\n<\/p><\/div>\n","protected":false},"excerpt":{"rendered":"<p>A \u00faltima noite de desfiles do Carnaval Tradi\u00e7\u00e3o 2025 deixou um gostinho de saudade. O p\u00fablico, mais uma vez, lotou as arquibancadas na Avenida Duarte da Silveira e fez a festa junto com as 12 agremia\u00e7\u00f5es que apresentaram o trabalho de um ano inteiro. O encerramento oficial do evento, realizado pela Prefeitura de Jo\u00e3o Pessoa, [&hellip;]<\/p>\n","protected":false},"author":1,"featured_media":0,"comment_status":"","ping_status":"","sticky":false,"template":"","format":"standard","meta":{"footnotes":""},"categories":[1],"tags":[],"class_list":["post-33681","post","type-post","status-publish","format-standard","hentry","category-noticias"],"amp_enabled":true,"_links":{"self":[{"href":"https:\/\/novasdodia.com.br\/index.php\/wp-json\/wp\/v2\/posts\/33681","targetHints":{"allow":["GET"]}}],"collection":[{"href":"https:\/\/novasdodia.com.br\/index.php\/wp-json\/wp\/v2\/posts"}],"about":[{"href":"https:\/\/novasdodia.com.br\/index.php\/wp-json\/wp\/v2\/types\/post"}],"author":[{"embeddable":true,"href":"https:\/\/novasdodia.com.br\/index.php\/wp-json\/wp\/v2\/users\/1"}],"replies":[{"embeddable":true,"href":"https:\/\/novasdodia.com.br\/index.php\/wp-json\/wp\/v2\/comments?post=33681"}],"version-history":[{"count":0,"href":"https:\/\/novasdodia.com.br\/index.php\/wp-json\/wp\/v2\/posts\/33681\/revisions"}],"wp:attachment":[{"href":"https:\/\/novasdodia.com.br\/index.php\/wp-json\/wp\/v2\/media?parent=33681"}],"wp:term":[{"taxonomy":"category","embeddable":true,"href":"https:\/\/novasdodia.com.br\/index.php\/wp-json\/wp\/v2\/categories?post=33681"},{"taxonomy":"post_tag","embeddable":true,"href":"https:\/\/novasdodia.com.br\/index.php\/wp-json\/wp\/v2\/tags?post=33681"}],"curies":[{"name":"wp","href":"https:\/\/api.w.org\/{rel}","templated":true}]}}