{"id":33697,"date":"2025-03-05T18:44:13","date_gmt":"2025-03-05T21:44:13","guid":{"rendered":"https:\/\/novasdodia.com.br\/index.php\/2025\/03\/05\/prefeitura-de-campo-grande-abre-inscricoes-para-curso-de-oratoria-e-inteligencia-emocional-cgnoticias\/"},"modified":"2025-03-05T18:44:13","modified_gmt":"2025-03-05T21:44:13","slug":"prefeitura-de-campo-grande-abre-inscricoes-para-curso-de-oratoria-e-inteligencia-emocional-cgnoticias","status":"publish","type":"post","link":"https:\/\/novasdodia.com.br\/index.php\/2025\/03\/05\/prefeitura-de-campo-grande-abre-inscricoes-para-curso-de-oratoria-e-inteligencia-emocional-cgnoticias\/","title":{"rendered":"Prefeitura de Campo Grande abre inscri\u00e7\u00f5es para curso de Orat\u00f3ria e Intelig\u00eancia Emocional \u2013 CGNot\u00edcias"},"content":{"rendered":"<p><\/p>\n<div>\n<p>A Secretaria Executiva da Juventude (Sejuv) est\u00e1 com inscri\u00e7\u00f5es abertas para o curso gratuito de Orat\u00f3ria e Intelig\u00eancia Emocional, que ser\u00e1 realizado de 10 a 14 de mar\u00e7o. Com dura\u00e7\u00e3o de 20 horas, o curso tem como p\u00fablico-alvo jovens a partir de 15 anos, com objetivo de capacitar os participantes a aprimorar suas habilidades de comunica\u00e7\u00e3o, controle emocional e express\u00e3o pessoal.<\/p>\n<p>Com aulas pr\u00e1ticas e te\u00f3ricas, o curso abordar\u00e1 temas como intelig\u00eancia emocional, controle emocional, orat\u00f3ria, conex\u00e3o com o p\u00fablico, comunica\u00e7\u00e3o e express\u00e3o pessoal, al\u00e9m de influ\u00eancia e impacto na comunica\u00e7\u00e3o, que proporciona aos jovens um aprendizado intensivo e pr\u00e1tico e melhorar sua capacidade de se expressar, gerir suas emo\u00e7\u00f5es e se conectar de maneira assertiva com diferentes p\u00fablicos.<\/p>\n<p>As aulas acontecer\u00e3o diariamente, entre os dias 10 e 14 de mar\u00e7o, das 07h30 \u00e0s 11h30, proporcionando um ambiente de aprendizado imersivo e din\u00e2mico. Ao final do curso, os participantes receber\u00e3o um certificado de 20 horas, validando a forma\u00e7\u00e3o adquirida.<br \/>As inscri\u00e7\u00f5es j\u00e1 est\u00e3o abertas e podem ser feitas pelo link:\u00a0https:\/\/sejuvcg.campogrande.ms.gov.br\/home.<\/p>\n<p><strong>Servi\u00e7o<\/strong><br \/>Orat\u00f3ria e Intelig\u00eancia Emocional<br \/>Data: 10 a 14 de Mar\u00e7o<br \/>Hor\u00e1rio: 07h30 as 11h30<br \/>Local: \u2013 SEJUV \u2013 Rua 25 de Dezembro, 924, Edif\u00edcio Marrakech<\/p>\n<figure class=\"wp-block-image size-large\"><\/figure>\n<\/div>\n<p><script async defer async defer src=\"https:\/\/connect.facebook.net\/en_US\/sdk.js?ver=1#xfbml=1&amp;version=v3.2\" id=\"prefeitura-campogrande-script-facebook-sdk-js\"><\/script><\/p>\n","protected":false},"excerpt":{"rendered":"<p>A Secretaria Executiva da Juventude (Sejuv) est\u00e1 com inscri\u00e7\u00f5es abertas para o curso gratuito de Orat\u00f3ria e Intelig\u00eancia Emocional, que ser\u00e1 realizado de 10 a 14 de mar\u00e7o. Com dura\u00e7\u00e3o de 20 horas, o curso tem como p\u00fablico-alvo jovens a partir de 15 anos, com objetivo de capacitar os participantes a aprimorar suas habilidades de [&hellip;]<\/p>\n","protected":false},"author":1,"featured_media":0,"comment_status":"","ping_status":"","sticky":false,"template":"","format":"standard","meta":{"footnotes":""},"categories":[],"tags":[],"class_list":["post-33697","post","type-post","status-publish","format-standard","hentry"],"amp_enabled":true,"_links":{"self":[{"href":"https:\/\/novasdodia.com.br\/index.php\/wp-json\/wp\/v2\/posts\/33697","targetHints":{"allow":["GET"]}}],"collection":[{"href":"https:\/\/novasdodia.com.br\/index.php\/wp-json\/wp\/v2\/posts"}],"about":[{"href":"https:\/\/novasdodia.com.br\/index.php\/wp-json\/wp\/v2\/types\/post"}],"author":[{"embeddable":true,"href":"https:\/\/novasdodia.com.br\/index.php\/wp-json\/wp\/v2\/users\/1"}],"replies":[{"embeddable":true,"href":"https:\/\/novasdodia.com.br\/index.php\/wp-json\/wp\/v2\/comments?post=33697"}],"version-history":[{"count":0,"href":"https:\/\/novasdodia.com.br\/index.php\/wp-json\/wp\/v2\/posts\/33697\/revisions"}],"wp:attachment":[{"href":"https:\/\/novasdodia.com.br\/index.php\/wp-json\/wp\/v2\/media?parent=33697"}],"wp:term":[{"taxonomy":"category","embeddable":true,"href":"https:\/\/novasdodia.com.br\/index.php\/wp-json\/wp\/v2\/categories?post=33697"},{"taxonomy":"post_tag","embeddable":true,"href":"https:\/\/novasdodia.com.br\/index.php\/wp-json\/wp\/v2\/tags?post=33697"}],"curies":[{"name":"wp","href":"https:\/\/api.w.org\/{rel}","templated":true}]}}