{"id":33898,"date":"2025-03-10T14:27:09","date_gmt":"2025-03-10T17:27:09","guid":{"rendered":"https:\/\/novasdodia.com.br\/index.php\/2025\/03\/10\/festival-de-verao-movimenta-o-parque-das-nacoes-com-esportes-ao-ar-livre-agencia-de-noticias-do-governo-de-mato-grosso-do-sul\/"},"modified":"2025-03-10T14:27:09","modified_gmt":"2025-03-10T17:27:09","slug":"festival-de-verao-movimenta-o-parque-das-nacoes-com-esportes-ao-ar-livre-agencia-de-noticias-do-governo-de-mato-grosso-do-sul","status":"publish","type":"post","link":"https:\/\/novasdodia.com.br\/index.php\/2025\/03\/10\/festival-de-verao-movimenta-o-parque-das-nacoes-com-esportes-ao-ar-livre-agencia-de-noticias-do-governo-de-mato-grosso-do-sul\/","title":{"rendered":"Festival de Ver\u00e3o movimenta o Parque das Na\u00e7\u00f5es com esportes ao ar livre \u2013 Ag\u00eancia de Noticias do Governo de Mato Grosso do Sul"},"content":{"rendered":"<p><\/p>\n<div>\n<p><span style=\"font-weight: 400;\">O Parque das Na\u00e7\u00f5es Ind\u00edgenas foi palco, neste domingo (9), da terceira edi\u00e7\u00e3o do Festival de Ver\u00e3o, evento que tem como objetivo democratizar o acesso \u00e0s atividades f\u00edsicas ao ar livre. A iniciativa marca a abertura do calend\u00e1rio da Fundesporte (Funda\u00e7\u00e3o de Desporto e Lazer de Mato Grosso do Sul), vinculada \u00e0 Setesc (Secretaria de Estado de Turismo, Esporte e Cultura).<\/span><\/p>\n<p><span style=\"font-weight: 400;\">Titular da Setesc, Marcelo Miranda destacou a import\u00e2ncia do Festival de Ver\u00e3o 2025 para ampliar o acesso \u00e0s pr\u00e1ticas esportivas e incentivar a popula\u00e7\u00e3o a encontrar uma modalidade que se adeque \u00e0 sua realidade e condi\u00e7\u00e3o f\u00edsica.<\/span><\/p>\n<p><span style=\"font-weight: 400;\">\u201cJ\u00e1 \u00e9 um evento consolidado que tem como objetivo motivar as pessoas para a pr\u00e1tica de atividades f\u00edsicas. Temos \u00edndices assustadores de sedentarismo em Mato Grosso do Sul, mesmo com o clima agrad\u00e1vel e parques maravilhosos como este. Queremos incentivar as pessoas e mostrar a diversidade de op\u00e7\u00f5es existentes. Dependendo dos problemas de sa\u00fade ou da condi\u00e7\u00e3o f\u00edsica, \u00e9 poss\u00edvel encontrar uma atividade que seja prazerosa. Nossa esperan\u00e7a \u00e9 que a pr\u00e1tica esportiva seja incorporada no dia a dia para proporcionar mais qualidade de vida\u201d, ressaltou.<\/span><\/p>\n<p><span style=\"font-weight: 400;\">As atividades tiveram in\u00edcio \u00e0s 7 horas, com a corrida em alus\u00e3o ao Dia das Mulheres, que reuniu mais de 800 participantes, incluindo integrantes do Corpo de Bombeiros, do Ex\u00e9rcito Brasileiro e da Pol\u00edcia Militar.<\/span><\/p>\n<p><span style=\"font-weight: 400;\">A professora Cristiane Bonfim, de 45 anos, demonstrou entusiasmo em participar das atividades do festival. J\u00e1 praticante de CrossFit e corrida, ela fez quest\u00e3o de estar presente na prova feminina.<\/span><\/p>\n<p><span style=\"font-weight: 400;\">\u201cAcho muito importante buscarmos qualidade de vida e participarmos desses eventos, trazendo a fam\u00edlia e unindo natureza, sa\u00fade e divers\u00e3o. Pratico corrida h\u00e1 um ano. Minha primeira prova foi no ano passado, justamente nessa corrida feminina, ent\u00e3o esta \u00e9 minha segunda participa\u00e7\u00e3o. Comecei a correr para aliviar o estresse do dia a dia, gostei e segui em frente. N\u00e3o fa\u00e7o treinamento espec\u00edfico, mas incluo a corrida na minha rotina semanal e participo de algumas provas\u201d, relatou.<\/span><\/p>\n<p><b>Oficinas\u00a0<\/b><\/p>\n<p><span style=\"font-weight: 400;\">O Festival de Ver\u00e3o 2025 ofereceu diversas atividades, como ioga, capoeira, malabarismo, canoagem, arco e flecha, fitdance, hitbox e crossfit, entre outras. Uma das novidades desta edi\u00e7\u00e3o foi a inclus\u00e3o do wrestling (luta ol\u00edmpica). O presidente da FWMS (Federa\u00e7\u00e3o de Wrestling de Mato Grosso do Sul), Agnaldo Pereira dos Santos, enfatizou que o evento foi uma excelente oportunidade para divulgar a modalidade.<\/span><\/p>\n<p><span style=\"font-weight: 400;\">\u201c\u00c9 muito interessante que as pessoas possam conhecer nossa modalidade, tirar d\u00favidas e se envolver. Muitos perguntam o que \u00e9, como funciona, e isso gera curiosidade, especialmente entre as crian\u00e7as. Tivemos muitas delas se interessando e querendo praticar. O festival tamb\u00e9m conta com atividades de malabarismo e gin\u00e1stica, que fazem parte da luta e chamam a aten\u00e7\u00e3o dos pequenos\u201d, explicou.<\/span><\/p>\n<p><span style=\"font-weight: 400;\">Outra modalidade que despertou grande interesse foi a canoagem. A estudante Luara Vilalba, de 17 anos, participou pela primeira vez do festival e ficou encantada com a variedade de atividades dispon\u00edveis.<\/span><\/p>\n<p><span style=\"font-weight: 400;\">\u201cNunca tinha experimentado a canoagem, ent\u00e3o no in\u00edcio fiquei um pouco confusa, mas os professores ajudaram e eu gostei bastante. Pretendo continuar no esporte. Esses eventos s\u00e3o importantes porque chamam a aten\u00e7\u00e3o da comunidade para participar. Todo mundo se une atrav\u00e9s do esporte, que \u00e9 sa\u00fade. A atividade f\u00edsica sempre esteve presente na minha vida. Sou dan\u00e7arina h\u00e1 14 anos, jogo v\u00f4lei e v\u00f4lei de areia, e j\u00e1 pratiquei muay thai e fitdance. Quando vi o post no Instagram, pensei: \u2018Nossa, \u00e9 um lugar perfeito, n\u00e3o posso perder!\u2019\u201d, relatou.<\/span><\/p>\n<p><span style=\"font-weight: 400;\">Com mais de sete anos de experi\u00eancia na pr\u00e1tica de ioga, Dyoni de Arruda Pereira, 64 anos, destacou os benef\u00edcios da atividade para a qualidade de vida.<\/span><\/p>\n<p><span style=\"font-weight: 400;\">\u201cSempre fui uma pessoa de bem com a vida, e a ioga s\u00f3 veio complementar isso. Me tornei uma pessoa melhor depois que comecei a praticar. Nunca mais parei. Venho todo domingo pela manh\u00e3. Quando a pr\u00e1tica \u00e9 ao ar livre, a energia \u00e9 completamente diferente. Somos pura energia, e quando estamos na natureza, sa\u00edmos renovados e equilibrados. O ser humano precisa estar sempre preparado f\u00edsica, mental e espiritualmente. Sempre fiz exerc\u00edcios f\u00edsicos e, agora, com 64 anos, a ioga se tornou a modalidade perfeita para mim, pois \u00e9 de baixo impacto e me ajuda muito\u201d, disse.<\/span><\/p>\n<p><em><span style=\"font-weight: 400;\">Bel Manvailer, Comunica\u00e7\u00e3o Setesc<\/span><span style=\"font-weight: 400;\"><br \/><\/span><span style=\"font-weight: 400;\">Fotos: Daniel Reino\/Setesc<\/span><\/em><\/p>\n<\/div>\n","protected":false},"excerpt":{"rendered":"<p>O Parque das Na\u00e7\u00f5es Ind\u00edgenas foi palco, neste domingo (9), da terceira edi\u00e7\u00e3o do Festival de Ver\u00e3o, evento que tem como objetivo democratizar o acesso \u00e0s atividades f\u00edsicas ao ar livre. A iniciativa marca a abertura do calend\u00e1rio da Fundesporte (Funda\u00e7\u00e3o de Desporto e Lazer de Mato Grosso do Sul), vinculada \u00e0 Setesc (Secretaria de [&hellip;]<\/p>\n","protected":false},"author":1,"featured_media":0,"comment_status":"","ping_status":"","sticky":false,"template":"","format":"standard","meta":{"footnotes":""},"categories":[],"tags":[],"class_list":["post-33898","post","type-post","status-publish","format-standard","hentry"],"amp_enabled":true,"_links":{"self":[{"href":"https:\/\/novasdodia.com.br\/index.php\/wp-json\/wp\/v2\/posts\/33898","targetHints":{"allow":["GET"]}}],"collection":[{"href":"https:\/\/novasdodia.com.br\/index.php\/wp-json\/wp\/v2\/posts"}],"about":[{"href":"https:\/\/novasdodia.com.br\/index.php\/wp-json\/wp\/v2\/types\/post"}],"author":[{"embeddable":true,"href":"https:\/\/novasdodia.com.br\/index.php\/wp-json\/wp\/v2\/users\/1"}],"replies":[{"embeddable":true,"href":"https:\/\/novasdodia.com.br\/index.php\/wp-json\/wp\/v2\/comments?post=33898"}],"version-history":[{"count":0,"href":"https:\/\/novasdodia.com.br\/index.php\/wp-json\/wp\/v2\/posts\/33898\/revisions"}],"wp:attachment":[{"href":"https:\/\/novasdodia.com.br\/index.php\/wp-json\/wp\/v2\/media?parent=33898"}],"wp:term":[{"taxonomy":"category","embeddable":true,"href":"https:\/\/novasdodia.com.br\/index.php\/wp-json\/wp\/v2\/categories?post=33898"},{"taxonomy":"post_tag","embeddable":true,"href":"https:\/\/novasdodia.com.br\/index.php\/wp-json\/wp\/v2\/tags?post=33898"}],"curies":[{"name":"wp","href":"https:\/\/api.w.org\/{rel}","templated":true}]}}