{"id":34149,"date":"2025-03-15T05:07:12","date_gmt":"2025-03-15T08:07:12","guid":{"rendered":"https:\/\/novasdodia.com.br\/index.php\/2025\/03\/15\/sorocaba-intensifica-acao-de-vacinacao-contra-febre-amarela-para-profissionais-do-zoologico-agencia-de-noticias\/"},"modified":"2025-03-15T05:07:12","modified_gmt":"2025-03-15T08:07:12","slug":"sorocaba-intensifica-acao-de-vacinacao-contra-febre-amarela-para-profissionais-do-zoologico-agencia-de-noticias","status":"publish","type":"post","link":"https:\/\/novasdodia.com.br\/index.php\/2025\/03\/15\/sorocaba-intensifica-acao-de-vacinacao-contra-febre-amarela-para-profissionais-do-zoologico-agencia-de-noticias\/","title":{"rendered":"Sorocaba intensifica a\u00e7\u00e3o de vacina\u00e7\u00e3o contra febre amarela para profissionais do Zool\u00f3gico \u2013 Ag\u00eancia de Not\u00edcias"},"content":{"rendered":"<p><\/p>\n<div wp_automatic_readability=\"31\">\n<div class=\"col\" wp_automatic_readability=\"7\">\n<p class=\"mt-0\">\n                        <strong><br \/>\n                            <span class=\"far fa-calendar mr-1 mt-2\"\/><br \/>\n                            14 de mar\u00e7o de 2025<br \/>\n                            <span class=\"far fa-clock ml-3 mt-2\"\/><br \/>\n                            18:45<br \/>\n                        <\/strong>\n                    <\/p>\n<p class=\"mb-0\">Por: <strong>Bruno Rodrigues<\/strong><\/p>\n<\/p><\/div>\n<\/p><\/div>\n<div wp_automatic_readability=\"73.498927805575\">\n<p style=\"text-align: left;\" align=\"center\">\n<p style=\"text-align: left;\" align=\"center\"><em><strong>Fotos: Secretaria da Sa\u00fade (SES) \/\/ Arte: Governo do Estado de S\u00e3o Paulo\/ Divulga\u00e7\u00e3o<\/strong><\/em><\/p>\n<p align=\"center\"><span style=\"font-family: Arial, sans-serif;\"><i>Vacinas tamb\u00e9m est\u00e3o dispon\u00edveis para grupos espec\u00edficos e pessoas que viajar\u00e3o para determinadas cidades do estado de S\u00e3o Paulo, confira quais s\u00e3o<\/i><\/span><\/p>\n<p><span style=\"font-family: Arial, sans-serif;\">A Prefeitura de Sorocaba, por meio da Secretaria da Sa\u00fade (SES), iniciou, nesta quinta-feira (13), uma a\u00e7\u00e3o de vacina\u00e7\u00e3o contra febre amarela no Parque Zool\u00f3gico \u201cQuinzinho de Barros\u201d. A iniciativa voltada para profissionais que atuam no local se estende at\u00e9 a pr\u00f3xima semana.<\/span><\/p>\n<p><span style=\"font-family: Arial, sans-serif;\">Ao todo, foram imunizados 64 profissionais, que tamb\u00e9m puderam atualizar outras doses de imunizantes. A vacina tamb\u00e9m est\u00e1 dispon\u00edvel nas 33 UBSs da cidade, com hor\u00e1rios e datas semanais espec\u00edficas (confira na arte).<\/span><\/p>\n<p><span style=\"font-family: Arial, sans-serif;\">Al\u00e9m do p\u00fablico-alvo<\/span>: crian\u00e7as a partir de nove meses, adolescentes e adultos que n\u00e3o tomaram a vacina ou n\u00e3o possuem comprovante de vacina\u00e7\u00e3o, a SES recomenda tamb\u00e9m a vacina\u00e7\u00e3o para pessoas que viajar\u00e3o para os seguintes munic\u00edpios do estado de S\u00e3o Paulo: Amparo, Brotas, Ca\u00e7apava, Joan\u00f3polis, Lindoia, Pedra Bela, Piracaia, S\u00e3o Pedro, Socorro,Tuiuti, Valinhos e Vargem.<\/p>\n<p>\u201c\u00c9 fundamental a imuniza\u00e7\u00e3o caso o mun\u00edcipe v\u00e1 para uma dessas cidades, pois esses s\u00e3o locais com transmiss\u00e3o da febre amarela em humanos\u201d, explica a supervisora da Central de Vacinas de Sorocaba, Daniela Camargo.<\/p>\n<p><!-- Root element of PhotoSwipe. Must have class pswp. --><\/p><\/div>\n","protected":false},"excerpt":{"rendered":"<p>14 de mar\u00e7o de 2025 18:45 Por: Bruno Rodrigues Fotos: Secretaria da Sa\u00fade (SES) \/\/ Arte: Governo do Estado de S\u00e3o Paulo\/ Divulga\u00e7\u00e3o Vacinas tamb\u00e9m est\u00e3o dispon\u00edveis para grupos espec\u00edficos e pessoas que viajar\u00e3o para determinadas cidades do estado de S\u00e3o Paulo, confira quais s\u00e3o A Prefeitura de Sorocaba, por meio da Secretaria da Sa\u00fade [&hellip;]<\/p>\n","protected":false},"author":1,"featured_media":0,"comment_status":"","ping_status":"","sticky":false,"template":"","format":"standard","meta":{"footnotes":""},"categories":[1],"tags":[],"class_list":["post-34149","post","type-post","status-publish","format-standard","hentry","category-noticias"],"amp_enabled":true,"_links":{"self":[{"href":"https:\/\/novasdodia.com.br\/index.php\/wp-json\/wp\/v2\/posts\/34149","targetHints":{"allow":["GET"]}}],"collection":[{"href":"https:\/\/novasdodia.com.br\/index.php\/wp-json\/wp\/v2\/posts"}],"about":[{"href":"https:\/\/novasdodia.com.br\/index.php\/wp-json\/wp\/v2\/types\/post"}],"author":[{"embeddable":true,"href":"https:\/\/novasdodia.com.br\/index.php\/wp-json\/wp\/v2\/users\/1"}],"replies":[{"embeddable":true,"href":"https:\/\/novasdodia.com.br\/index.php\/wp-json\/wp\/v2\/comments?post=34149"}],"version-history":[{"count":0,"href":"https:\/\/novasdodia.com.br\/index.php\/wp-json\/wp\/v2\/posts\/34149\/revisions"}],"wp:attachment":[{"href":"https:\/\/novasdodia.com.br\/index.php\/wp-json\/wp\/v2\/media?parent=34149"}],"wp:term":[{"taxonomy":"category","embeddable":true,"href":"https:\/\/novasdodia.com.br\/index.php\/wp-json\/wp\/v2\/categories?post=34149"},{"taxonomy":"post_tag","embeddable":true,"href":"https:\/\/novasdodia.com.br\/index.php\/wp-json\/wp\/v2\/tags?post=34149"}],"curies":[{"name":"wp","href":"https:\/\/api.w.org\/{rel}","templated":true}]}}