{"id":34233,"date":"2025-03-17T11:02:14","date_gmt":"2025-03-17T14:02:14","guid":{"rendered":"https:\/\/novasdodia.com.br\/index.php\/2025\/03\/17\/campo-grande-sedia-a-17a-semana-do-artesao-com-programacao-diversificada-cgnoticias\/"},"modified":"2025-03-17T11:02:14","modified_gmt":"2025-03-17T14:02:14","slug":"campo-grande-sedia-a-17a-semana-do-artesao-com-programacao-diversificada-cgnoticias","status":"publish","type":"post","link":"https:\/\/novasdodia.com.br\/index.php\/2025\/03\/17\/campo-grande-sedia-a-17a-semana-do-artesao-com-programacao-diversificada-cgnoticias\/","title":{"rendered":"Campo Grande sedia a 17\u00aa Semana do Artes\u00e3o com programa\u00e7\u00e3o diversificada \u2013 CGNot\u00edcias"},"content":{"rendered":"<p><\/p>\n<div>\n<p>De 19 a 25 de mar\u00e7o de 2025, Campo Grande (MS) ser\u00e1 palco da 17\u00aa Semana do Artes\u00e3o, evento que celebra o Dia do Artes\u00e3o (19 de mar\u00e7o) e promove o fortalecimento do setor artesanal no estado. A iniciativa tem parceria da Prefeitura de Campo Grande e Secretaria Executiva de Cultura sendo realizada pela Funda\u00e7\u00e3o de Cultura de Mato Grosso do Sul (FCMS) e o SEBRAE\/MS.<\/p>\n<p>O evento tem como objetivo valorizar a identidade cultural do artesanato sul-mato-grossense, que reflete as influ\u00eancias do Pantanal, das popula\u00e7\u00f5es ind\u00edgenas e das fronteiras com Paraguai e Bol\u00edvia, al\u00e9m das tradi\u00e7\u00f5es trazidas por migrantes. Al\u00e9m disso, a Semana do Artes\u00e3o busca consolidar o setor como um eixo econ\u00f4mico sustent\u00e1vel, gerando emprego, renda e inclus\u00e3o social.<\/p>\n<p>A programa\u00e7\u00e3o contar\u00e1 com feiras, oficinas, palestras, exposi\u00e7\u00f5es e atra\u00e7\u00f5es culturais, distribu\u00eddas em diversos espa\u00e7os da cidade, como o Armaz\u00e9m Cultural, Morada dos Ba\u00eds, Assembleia Legislativa de MS e escolas p\u00fablicas.<\/p>\n<p>Entre os destaques do evento est\u00e3o: Feira de Artesanato \u201cM\u00e3os que Criam\u201d \u2013 exposi\u00e7\u00e3o e venda de produtos de 150 artes\u00e3os, incluindo 40 do interior do estado e representantes de oito etnias ind\u00edgenas; rodada de neg\u00f3cios \u2013 promovida pelo SEBRAE\/MS, conectando artes\u00e3os a novos mercados e palestras sobre pol\u00edticas p\u00fablicas e empreendedorismo \u2013 com especialistas e representantes do setor.<\/p>\n<p>Tamb\u00e9m vai haver oficinas de Artesanato \u2013 voltadas para adultos e crian\u00e7as, com t\u00e9cnicas como tecelagem, cer\u00e2mica, papel mach\u00ea e biojoias. Na Sess\u00e3o solene na Assembleia Legislativa de MS ser\u00e1 realizada uma homenagem aos artes\u00e3os (20 de mar\u00e7o). Al\u00e9m disso, no dia 21 de mar\u00e7o ocorre a reinaugura\u00e7\u00e3o da sede do IPHAN em Campo Grande. Haver\u00e1 diversas atra\u00e7\u00f5es culturais com apresenta\u00e7\u00f5es musicais e teatrais ao longo da semana.<\/p>\n<p><strong>Abertura Oficial<\/strong><\/p>\n<p>A cerim\u00f4nia de abertura ocorre no dia 19 de mar\u00e7o, \u00e0s 18h, no Armaz\u00e9m Cultural, com homenagens a artes\u00e3os e apresenta\u00e7\u00f5es culturais. Mais cedo, \u00e0s 10h, ser\u00e1 inaugurada a filial da Casa do Artes\u00e3o no Bioparque Pantanal, um novo espa\u00e7o de valoriza\u00e7\u00e3o do setor.<\/p>\n<p>A 17\u00aa Semana do Artes\u00e3o pretende ampliar a visibilidade do artesanato regional, incentivar o empreendedorismo no setor e fomentar a inclus\u00e3o social. A programa\u00e7\u00e3o visa que os artes\u00e3os tenham maior acesso ao mercado competitivo, al\u00e9m de expandir a divulga\u00e7\u00e3o do artesanato sul-mato-grossense e at\u00e9 mesmo incentivar o crescimento e o interesse pela profiss\u00e3o de artes\u00e3o. Tamb\u00e9m ser\u00e1 incentivado que os profisisonais fa\u00e7am capacita\u00e7\u00e3o e aperfei\u00e7oamento profissional.<\/p>\n<p><strong>Programa\u00e7\u00e3o completa:<\/strong><\/p>\n<p><strong>19 de Mar\u00e7o (Quarta-feira):<\/strong><br \/>Abertura Oficial da Filial da Casa do Artes\u00e3o no Bioparque Pantanal (10h).<br \/>Apresenta\u00e7\u00f5es Culturais: F\u00e1brica do Som, Evelyn Lechug<br \/>Feira \u201cM\u00e3os que Criam\u201d no Armaz\u00e9m Cultural (14h \u00e0s 22h).<br \/>Solenidade de Abertura da Feira com homenagens a artes\u00e3os (18h).<br \/>Apresenta\u00e7\u00f5es Culturais: Ip\u00ea de Serra.<\/p>\n<p><strong>20 de Mar\u00e7o (Quinta-feira):<\/strong><br \/>Rodada de Neg\u00f3cios no SEBRAE\/MS (8h30 \u00e0s 12h30).<br \/>Feira \u201cM\u00e3os que Criam\u201d continua.<br \/>Oficinas de Tecelagem e Cer\u00e2mica Utilit\u00e1ria.<br \/>Apresenta\u00e7\u00e3o Cultural: Maria Claudia &amp; Marcos Mendes (19h).<\/p>\n<p><strong>21 de Mar\u00e7o (Sexta-feira):<\/strong><br \/>Palestra sobre Pol\u00edticas P\u00fablicas para o Artesanato (16h30).<br \/>Reinaugura\u00e7\u00e3o da sede do IPHAN (18h).<br \/>Feira \u201cM\u00e3os que Criam\u201d continua.<br \/>Apresenta\u00e7\u00e3o Cultural: Marta Cel (19h).<\/p>\n<p><strong>22 de Mar\u00e7o (S\u00e1bado):<\/strong><br \/>Feira \u201cM\u00e3os que Criam\u201d continua.<br \/>Oficinas de Papel Mach\u00ea, Bonecas de Cer\u00e2mica e Bioj\u00f3ias.<br \/>Apresenta\u00e7\u00e3o Cultural: MaracuJah (19h).<br \/>Caf\u00e9 na Pra\u00e7a na Morada dos Ba\u00eds (8h \u00e0s 12h), com feira de artesanato e apresenta\u00e7\u00e3o do Jota Trio.<\/p>\n<p><strong>23 de Mar\u00e7o (Domingo):<\/strong><br \/>Feira \u201cM\u00e3os que Criam\u201d continua.<br \/>Espet\u00e1culo Infantil \u201cO Grande Salto\u201d (17h).<br \/>Oficinas de Papel Mach\u00ea e Bonecas de Cer\u00e2mica.<\/p>\n<p><strong>Oficinas nas Escolas:<\/strong><br \/>Datas: 19 a 26 de mar\u00e7o.<br \/>P\u00fablico: Estudantes de escolas p\u00fablicas.<br \/>Oficinas: Cer\u00e2mica Terena e Viola de Cocho, ministradas por mestres artes\u00e3os reconhecidos.<\/p>\n<p><strong>Servi\u00e7o<\/strong>:<br \/>Data: 19 a 25 de mar\u00e7o de 2025<br \/>Locais: Armaz\u00e9m Cultural, Morada dos Ba\u00eds, Assembleia Legislativa de MS e escolas p\u00fablicas.<br \/>Entrada: Aberta ao p\u00fablico<\/p>\n<p>#ParaTodosVerem A imagem de capa mostra a edi\u00e7\u00e3o passada da Feira de Artesanato M\u00e3os que Criam. <\/p>\n<\/div>\n<p><script async defer async defer src=\"https:\/\/connect.facebook.net\/en_US\/sdk.js?ver=1#xfbml=1&amp;version=v3.2\" id=\"prefeitura-campogrande-script-facebook-sdk-js\"><\/script><\/p>\n","protected":false},"excerpt":{"rendered":"<p>De 19 a 25 de mar\u00e7o de 2025, Campo Grande (MS) ser\u00e1 palco da 17\u00aa Semana do Artes\u00e3o, evento que celebra o Dia do Artes\u00e3o (19 de mar\u00e7o) e promove o fortalecimento do setor artesanal no estado. A iniciativa tem parceria da Prefeitura de Campo Grande e Secretaria Executiva de Cultura sendo realizada pela Funda\u00e7\u00e3o [&hellip;]<\/p>\n","protected":false},"author":1,"featured_media":0,"comment_status":"","ping_status":"","sticky":false,"template":"","format":"standard","meta":{"footnotes":""},"categories":[],"tags":[],"class_list":["post-34233","post","type-post","status-publish","format-standard","hentry"],"amp_enabled":true,"_links":{"self":[{"href":"https:\/\/novasdodia.com.br\/index.php\/wp-json\/wp\/v2\/posts\/34233","targetHints":{"allow":["GET"]}}],"collection":[{"href":"https:\/\/novasdodia.com.br\/index.php\/wp-json\/wp\/v2\/posts"}],"about":[{"href":"https:\/\/novasdodia.com.br\/index.php\/wp-json\/wp\/v2\/types\/post"}],"author":[{"embeddable":true,"href":"https:\/\/novasdodia.com.br\/index.php\/wp-json\/wp\/v2\/users\/1"}],"replies":[{"embeddable":true,"href":"https:\/\/novasdodia.com.br\/index.php\/wp-json\/wp\/v2\/comments?post=34233"}],"version-history":[{"count":0,"href":"https:\/\/novasdodia.com.br\/index.php\/wp-json\/wp\/v2\/posts\/34233\/revisions"}],"wp:attachment":[{"href":"https:\/\/novasdodia.com.br\/index.php\/wp-json\/wp\/v2\/media?parent=34233"}],"wp:term":[{"taxonomy":"category","embeddable":true,"href":"https:\/\/novasdodia.com.br\/index.php\/wp-json\/wp\/v2\/categories?post=34233"},{"taxonomy":"post_tag","embeddable":true,"href":"https:\/\/novasdodia.com.br\/index.php\/wp-json\/wp\/v2\/tags?post=34233"}],"curies":[{"name":"wp","href":"https:\/\/api.w.org\/{rel}","templated":true}]}}