{"id":34365,"date":"2025-03-20T00:03:04","date_gmt":"2025-03-20T03:03:04","guid":{"rendered":"https:\/\/novasdodia.com.br\/index.php\/2025\/03\/20\/programa-atleta-cidadao-faz-balanco-das-seletivas-de-2025\/"},"modified":"2025-03-20T00:03:04","modified_gmt":"2025-03-20T03:03:04","slug":"programa-atleta-cidadao-faz-balanco-das-seletivas-de-2025","status":"publish","type":"post","link":"https:\/\/novasdodia.com.br\/index.php\/2025\/03\/20\/programa-atleta-cidadao-faz-balanco-das-seletivas-de-2025\/","title":{"rendered":"Programa Atleta Cidad\u00e3o faz balan\u00e7o das seletivas de 2025"},"content":{"rendered":"<p><\/p>\n<div>\n<p><b>Lucas Lemes<\/b><br \/>&#13;<br \/>\n&#13;<br \/>\n                <span style=\"font-weight: bold;\">Secretaria de Esporte e Qualidade de Vida<\/span><\/p>\n<p>A Prefeitura de S\u00e3o Jos\u00e9 dos Campos divulgou, nesta segunda-feira (17),\u00a0 o balan\u00e7o das seletivas do Atleta Cidad\u00e3o, programa <span>de forma\u00e7\u00e3o desportiva para crian\u00e7as e jovens, de 8 a 20 anos, que tenham talento e aptid\u00e3o esportiva para o n\u00edvel competitivo nas categorias de base.<\/span><\/p>\n<p><span>O programa \u00e9 utilizado como ferramenta de forma\u00e7\u00e3o de cidadania embasado em legisla\u00e7\u00e3o municipal &#8212; Lei 9.989\/19 e decreto 18.459.<\/span><\/p>\n<p><span>Em 2025, foram realizadas 79 seletivas em 18 locais para 20 modalidades esportivas. Ao todo, participaram 5.083 pessoas durante o per\u00edodo de 18 de janeiro, data do primeiro dia de seletivas (nata\u00e7\u00e3o e basquete) , a 11 de mar\u00e7o (taekwondo).<\/span><\/p>\n<p><span> A taxa de aprova\u00e7\u00e3o para os pr\u00e9-selecionados foi de 19,6% &#8212; aumento de 7,6 pontos percentuais em rela\u00e7\u00e3o aos 12% de aprovados nas seletivas de 2024.<\/span><\/p>\n<p><span class=\"intertitulo\">Comemora\u00e7\u00e3o\u00a0<\/span><\/p>\n<p>S\u00edlvio Matos, da equipe de gest\u00e3o do programa Atleta Cidad\u00e3o, comemorou os n\u00fameros obtidos nas seletivas deste ano e agradeceu a participa\u00e7\u00e3o de todos que cultivam o sonho de se tornarem atletas de alto rendimento.<\/p>\n<p>&#8220;Neste ano de 2025, as seletivas do Atleta Cidad\u00e3o evolu\u00edram em v\u00e1rios aspectos: mais modalidades, mais locais e mais datas, ampliando as oportunidades para nossos mun\u00edcipes e reiterando o compromisso de oferecer treinamento de qualidade aos talentos joseenses&#8221;, disse S\u00edlvio.<\/p>\n<p>&#8220;Agradecemos a todos os envolvidos, especialmente \u00e0s comiss\u00f5es t\u00e9cnicas pelo trabalho dedicado, aos pais e aos jovens atletas&#8221;, completou.\u00a0<\/p>\n<\/p>\n<p><sup>O programa forma atletas e cidad\u00e3os \/ <strong>Foto<\/strong>: Cl\u00e1udio Vieira\/PMSJC\u00a0<\/sup><\/p>\n<p><span class=\"intertitulo\">Atleta Cidad\u00e3o<\/span><\/p>\n<p class=\"western\" align=\"JUSTIFY\">Atualmente com mais de 1.600 crian\u00e7as e jovens integrantes de 22 modalidades, incluindo a espec\u00edfica para PCD (Pessoas com Defici\u00eancia), o programa Atleta Cidad\u00e3o conta com cerca de 150 profissionais, entre membros de comiss\u00f5es t\u00e9cnicas e equipe multidisciplinar.<\/p>\n<p class=\"western\" align=\"JUSTIFY\">Eles realizam atividades t\u00e9cnicas de forma\u00e7\u00e3o esportiva em diferentes polos espalhados por todas as regi\u00f5es da cidade, com a finalidade de compor as equipes que representam o munic\u00edpio em competi\u00e7\u00f5es nas esferas regional, estadual e nacional.<\/p>\n<p class=\"western\" align=\"JUSTIFY\">O Atleta Cidad\u00e3o tamb\u00e9m promove a cidadania, com equipe profissional qualificada para o desenvolvimento social dos integrantes do programa.<\/p>\n<p>&#13;<br \/>\n                        <strong>MAIS NOT\u00cdCIAS<\/strong><br \/>&#13;<br \/>\n                        Secretaria de Esporte e Qualidade de Vida&#13;\n                    <\/p>\n<\/p><\/div>\n","protected":false},"excerpt":{"rendered":"<p>Lucas Lemes&#13; &#13; Secretaria de Esporte e Qualidade de Vida A Prefeitura de S\u00e3o Jos\u00e9 dos Campos divulgou, nesta segunda-feira (17),\u00a0 o balan\u00e7o das seletivas do Atleta Cidad\u00e3o, programa de forma\u00e7\u00e3o desportiva para crian\u00e7as e jovens, de 8 a 20 anos, que tenham talento e aptid\u00e3o esportiva para o n\u00edvel competitivo nas categorias de base. [&hellip;]<\/p>\n","protected":false},"author":1,"featured_media":0,"comment_status":"","ping_status":"","sticky":false,"template":"","format":"standard","meta":{"footnotes":""},"categories":[1],"tags":[],"class_list":["post-34365","post","type-post","status-publish","format-standard","hentry","category-noticias"],"amp_enabled":true,"_links":{"self":[{"href":"https:\/\/novasdodia.com.br\/index.php\/wp-json\/wp\/v2\/posts\/34365","targetHints":{"allow":["GET"]}}],"collection":[{"href":"https:\/\/novasdodia.com.br\/index.php\/wp-json\/wp\/v2\/posts"}],"about":[{"href":"https:\/\/novasdodia.com.br\/index.php\/wp-json\/wp\/v2\/types\/post"}],"author":[{"embeddable":true,"href":"https:\/\/novasdodia.com.br\/index.php\/wp-json\/wp\/v2\/users\/1"}],"replies":[{"embeddable":true,"href":"https:\/\/novasdodia.com.br\/index.php\/wp-json\/wp\/v2\/comments?post=34365"}],"version-history":[{"count":0,"href":"https:\/\/novasdodia.com.br\/index.php\/wp-json\/wp\/v2\/posts\/34365\/revisions"}],"wp:attachment":[{"href":"https:\/\/novasdodia.com.br\/index.php\/wp-json\/wp\/v2\/media?parent=34365"}],"wp:term":[{"taxonomy":"category","embeddable":true,"href":"https:\/\/novasdodia.com.br\/index.php\/wp-json\/wp\/v2\/categories?post=34365"},{"taxonomy":"post_tag","embeddable":true,"href":"https:\/\/novasdodia.com.br\/index.php\/wp-json\/wp\/v2\/tags?post=34365"}],"curies":[{"name":"wp","href":"https:\/\/api.w.org\/{rel}","templated":true}]}}