{"id":34470,"date":"2025-03-21T19:34:10","date_gmt":"2025-03-21T22:34:10","guid":{"rendered":"https:\/\/novasdodia.com.br\/index.php\/2025\/03\/21\/para-protecao-da-biodiversidade-do-pantanal-projetos-inovadores-sao-apresentados-ao-governo-de-ms\/"},"modified":"2025-03-21T19:34:10","modified_gmt":"2025-03-21T22:34:10","slug":"para-protecao-da-biodiversidade-do-pantanal-projetos-inovadores-sao-apresentados-ao-governo-de-ms","status":"publish","type":"post","link":"https:\/\/novasdodia.com.br\/index.php\/2025\/03\/21\/para-protecao-da-biodiversidade-do-pantanal-projetos-inovadores-sao-apresentados-ao-governo-de-ms\/","title":{"rendered":"Para prote\u00e7\u00e3o da biodiversidade do Pantanal, projetos inovadores s\u00e3o apresentados ao Governo de MS"},"content":{"rendered":"<p><\/p>\n<div>\n<p>Iniciativas inovadoras de certifica\u00e7\u00e3o de cr\u00e9dito de carbono e de biodiversidade realizadas no Pantanal sul-mato-grossense, foram apresentadas ao Governo do Estado, nesta sexta-feira (21).<\/p>\n<p>Em alus\u00e3o ao Dia Internacional das Florestas, o governador Eduardo Riedel e representantes do setor produtivo de Mato Grosso do Sul conheceram dois projetos privados alinhados \u00e0 pol\u00edtica estadual de preserva\u00e7\u00e3o do meio ambiente e desenvolvimento sustent\u00e1vel.<\/p>\n<p>\u201c\u00c9 uma grande contribui\u00e7\u00e3o, de produ\u00e7\u00e3o da natureza que abrange carbono, biodiversidade e \u00e1gua. E posiciona o Mato Grosso do Sul na agenda global de produ\u00e7\u00e3o de alimentos e transi\u00e7\u00e3o energ\u00e9tica. \u00c9 a materializa\u00e7\u00e3o do conceito e da linha de trabalho\u201d, disse Riedel.<\/p>\n<p>Com atua\u00e7\u00e3o direta na conserva\u00e7\u00e3o da fauna e da flora pantaneira, o IHP (Instituto do Homem Pantaneiro) j\u00e1 tem trabalho reconhecimento com a primeira certifica\u00e7\u00e3o de cr\u00e9dito de carbono comercializado no mercado volunt\u00e1rio e apresentou a implanta\u00e7\u00e3o \u2013 in\u00e9dita no pa\u00eds \u2013 de cr\u00e9dito de biodiversidade. O mecanismo inovador de pagamento por servi\u00e7os ambientais, remunera propriet\u00e1rios e gestores de \u00e1reas por iniciativas de conserva\u00e7\u00e3o e prote\u00e7\u00e3o do meio ambiente.<\/p>\n<p>\u201cEsta iniciativa coloca o Mato Grosso do Sul na vanguarda, por valorizar e reconhecer, que al\u00e9m de voca\u00e7\u00e3o agropecu\u00e1ria, tamb\u00e9m \u00e9 um estado de produ\u00e7\u00e3o da natureza. O projeto \u00e9 valoriza a on\u00e7a-pintada, que vai gerar cr\u00e9dito e trazendo o mercado para valorizar aqueles que protegem a esp\u00e9cie\u201d, afirmou o diretor-presidente do IHP, \u00c2ngelo Rabelo.<\/p>\n<p>O projeto visa a prote\u00e7\u00e3o da on\u00e7a-pintada em uma \u00e1rea de 40,6 mil hectares da regi\u00e3o da Serra do Amolar, onde vivem 57 fam\u00edlias de quatro comunidades ribeirinhas \u2013 borda oeste do Pantanal sul-mato-grossense (reservas Federal Penha e Acurizal, Rumo Oeste e Engenheiro Eliezer Batista). A esp\u00e9cie (on\u00e7a-pintada) \u00e9 chamada de \u2018guarda-chuva\u2019, porque sua prote\u00e7\u00e3o engloba a preserva\u00e7\u00e3o de diversas outras esp\u00e9cies da fauna, de plantas, al\u00e9m da conserva\u00e7\u00e3o do territ\u00f3rio e da cultura pantaneira.<\/p>\n<p>\u201cEsse \u00e9 praticamente um dos primeiros cr\u00e9ditos no mundo, de biodiversidade. No caso, especificamente sobre a on\u00e7a, que \u00e9 chamado projeto Jaguar, onde \u00e9 avaliado o habitat natural desse animal, fazendo a certifica\u00e7\u00e3o que existe um ambiente adequado para esse animal viver. Ent\u00e3o esse \u00e9 o cr\u00e9dito que voc\u00ea consegue certificar que aquele ambiente \u00e9 adequado para aquela esp\u00e9cie\u201d, disse o secret\u00e1rio Jaime Verruck (Semadesc).<\/p>\n<p>Outra a\u00e7\u00e3o apresentada foi o projeto de \u201cConserva\u00e7\u00e3o Fazenda Cristal\u201d, que tem como objetivo promover a conserva\u00e7\u00e3o de forma\u00e7\u00f5es prim\u00e1rias e secund\u00e1rias manejadas de \u00e1reas nativas preservadas. O foco \u00e9 garantir a restaura\u00e7\u00e3o completa da vegeta\u00e7\u00e3o com o prop\u00f3sito de aumentar o potencial de armazenamento de carbono em sua \u00e1rea, visando a redu\u00e7\u00e3o dos efeitos do aquecimento global juntamente com o desenvolvimento social.<\/p>\n<p>O projeto Fazenda Cristal consiste em uma atividade de florestamento \u2013 convers\u00e3o de \u00e1rea de pasto para uma forma\u00e7\u00e3o nativa de bambu, planta com forte potencial de remo\u00e7\u00e3o de CO2 da atmosfera.<\/p>\n<p>\u201cPara preservar e discutir a quest\u00e3o de cr\u00e9dito de biodiversidade, \u00e9 fundamental e uma quest\u00e3o importante para que a gente mantenha toda a preserva\u00e7\u00e3o. Est\u00e1 muito ligado \u00e0 filosofia que foi estabelecida na estrat\u00e9gia do Estado e que est\u00e1 representada na lei do Pantanal\u201d, disse Verruck.<\/p>\n<p>Tamb\u00e9m participaram da apresenta\u00e7\u00e3o dos projetos o secret\u00e1rio-adjunto Artur Falcette (Semadesc), Cl\u00e1udio Mendon\u00e7a (superintendente do Sebrae MS) e Robson Del Casale (diretor de sustentabilidade da Fiems), al\u00e9m do s\u00f3cio-diretor da Vert Ecotech (Fazenda Cristal), Milton Insuela Jr.<\/p>\n<div id=\"gallery-2\" class=\"gallery galleryid-505944 gallery-columns-1 gallery-size-large\">\n<figure class=\"gallery-item\">\n<div class=\"gallery-icon landscape\"><\/div>\n<\/figure><\/div>\n<p><strong>Cr\u00e9dito de biodiversidade<\/strong><\/p>\n<p>Diferente dos cr\u00e9ditos de carbono, que focam na compensa\u00e7\u00e3o e redu\u00e7\u00e3o de emiss\u00f5es de gases de efeito estufa, os cr\u00e9ditos de biodiversidade valorizam a prote\u00e7\u00e3o de esp\u00e9cies e ecossistemas, criando um mercado volunt\u00e1rio para que investidores contribuam com a conserva\u00e7\u00e3o de habitats e esp\u00e9cies amea\u00e7adas. A metodologia de cr\u00e9ditos de biodiversidade foi elaborada pela ERA (Ecossystem Renegeration Associate).<\/p>\n<p>Os cr\u00e9ditos de biodiversidade do projeto s\u00e3o quantificados com base em indicadores ecol\u00f3gicos, como sa\u00fade das chamadas esp\u00e9cies \u2018guarda-chuva\u2019, como \u00e9 o caso da on\u00e7a-pintada, al\u00e9m da qualidade do habitat e o conjunto de monitoramento e a\u00e7\u00f5es de conserva\u00e7\u00e3o desempenhadas. Essa metodologia que prioriza a conserva\u00e7\u00e3o, n\u00e3o a compensa\u00e7\u00e3o, busca calcular os cr\u00e9ditos utilizando como base a \u00e1rea a ser protegida, em hectares.<\/p>\n<p>O Dia Internacional das Florestas, \u00e9 uma data criada pela ONU (Organiza\u00e7\u00e3o das Na\u00e7\u00f5es Unidas), para promover a conscientiza\u00e7\u00e3o sobre a import\u00e2ncia das florestas e sua preserva\u00e7\u00e3o para manuten\u00e7\u00e3o da biodiversidade. As comemora\u00e7\u00f5es deste ano t\u00eam como tema \u201cFlorestas e Alimentos\u201d, destacando o papel fundamental das florestas na seguran\u00e7a alimentar, na nutri\u00e7\u00e3o e nos meios de subsist\u00eancia.<\/p>\n<p>Para regulamentar as a\u00e7\u00f5es de reposi\u00e7\u00e3o florestal em MS, o Governo do Estado estabeleceu crit\u00e9rios para explora\u00e7\u00e3o da vegeta\u00e7\u00e3o nativa e consumo de mat\u00e9ria-prima florestal. A obriga\u00e7\u00e3o de reposi\u00e7\u00e3o de florestas para aqueles que fazem a supress\u00e3o da vegeta\u00e7\u00e3o nativa \u00e9 uma exig\u00eancia federal e estadual, para preserva\u00e7\u00e3o e prote\u00e7\u00e3o do meio ambiente.<\/p>\n<p>Para cumprir essa legisla\u00e7\u00e3o, o governo prev\u00ea a concess\u00e3o de cr\u00e9dito de reposi\u00e7\u00e3o florestal de terceiros, al\u00e9m de plantio regular de florestas nativas ou ex\u00f3ticas e a previs\u00e3o de recolhimento de valores para projetos p\u00fablicos, a partir do Fundo Estadual de Meio Ambiente e Mudan\u00e7as Clim\u00e1ticas.<\/p>\n<p><em>Natalia Yahn, Comunica\u00e7\u00e3o Governo de MS<\/em><br \/><em>Foto de capa: Saul Schramm\/Secom<br \/>Galeria 1 e interna: Saul Schramm<br \/>Galeria 2: Bruno Rezende\/Secom<\/em><\/p>\n<p><strong>ATEN\u00c7\u00c3O<\/strong>: confira\u00a0<span style=\"color: #0000ff;\">aqui o pack imprensa<\/span> com as imagens de apoio e sonoras<\/p>\n<p>&#8212;<br \/><strong>Relacionada:<\/strong><\/p>\n<blockquote class=\"wp-embedded-content\" data-secret=\"VjmOptDl2U\">\n<p>Verde e pr\u00f3spero: Pantanal ganha 1\u00ba projeto com certifica\u00e7\u00e3o de cr\u00e9dito de carbono<\/p>\n<\/blockquote>\n<p><iframe loading=\"lazy\" class=\"wp-embedded-content\" sandbox=\"allow-scripts\" security=\"restricted\" style=\"position: absolute; visibility: hidden;\" title=\"\u201cVerde e pr\u00f3spero: Pantanal ganha 1\u00ba projeto com certifica\u00e7\u00e3o de cr\u00e9dito de carbono\u201d \u2014 Ag\u00eancia de Noticias do Governo de Mato Grosso do Sul\" src=\"https:\/\/agenciadenoticias.ms.gov.br\/estado-verde-e-prospero-pantanal-ganha-primeiro-projeto-com-certificacao-de-credito-de-carbono\/embed\/#?secret=APDN4jiIV5#?secret=VjmOptDl2U\" data-secret=\"VjmOptDl2U\" width=\"500\" height=\"282\" frameborder=\"0\" marginwidth=\"0\" marginheight=\"0\" scrolling=\"no\"><\/iframe><\/p>\n<\/div>\n","protected":false},"excerpt":{"rendered":"<p>Iniciativas inovadoras de certifica\u00e7\u00e3o de cr\u00e9dito de carbono e de biodiversidade realizadas no Pantanal sul-mato-grossense, foram apresentadas ao Governo do Estado, nesta sexta-feira (21). Em alus\u00e3o ao Dia Internacional das Florestas, o governador Eduardo Riedel e representantes do setor produtivo de Mato Grosso do Sul conheceram dois projetos privados alinhados \u00e0 pol\u00edtica estadual de preserva\u00e7\u00e3o [&hellip;]<\/p>\n","protected":false},"author":1,"featured_media":0,"comment_status":"","ping_status":"","sticky":false,"template":"","format":"standard","meta":{"footnotes":""},"categories":[],"tags":[],"class_list":["post-34470","post","type-post","status-publish","format-standard","hentry"],"amp_enabled":true,"_links":{"self":[{"href":"https:\/\/novasdodia.com.br\/index.php\/wp-json\/wp\/v2\/posts\/34470","targetHints":{"allow":["GET"]}}],"collection":[{"href":"https:\/\/novasdodia.com.br\/index.php\/wp-json\/wp\/v2\/posts"}],"about":[{"href":"https:\/\/novasdodia.com.br\/index.php\/wp-json\/wp\/v2\/types\/post"}],"author":[{"embeddable":true,"href":"https:\/\/novasdodia.com.br\/index.php\/wp-json\/wp\/v2\/users\/1"}],"replies":[{"embeddable":true,"href":"https:\/\/novasdodia.com.br\/index.php\/wp-json\/wp\/v2\/comments?post=34470"}],"version-history":[{"count":0,"href":"https:\/\/novasdodia.com.br\/index.php\/wp-json\/wp\/v2\/posts\/34470\/revisions"}],"wp:attachment":[{"href":"https:\/\/novasdodia.com.br\/index.php\/wp-json\/wp\/v2\/media?parent=34470"}],"wp:term":[{"taxonomy":"category","embeddable":true,"href":"https:\/\/novasdodia.com.br\/index.php\/wp-json\/wp\/v2\/categories?post=34470"},{"taxonomy":"post_tag","embeddable":true,"href":"https:\/\/novasdodia.com.br\/index.php\/wp-json\/wp\/v2\/tags?post=34470"}],"curies":[{"name":"wp","href":"https:\/\/api.w.org\/{rel}","templated":true}]}}