{"id":34504,"date":"2025-03-22T13:46:15","date_gmt":"2025-03-22T16:46:15","guid":{"rendered":"https:\/\/novasdodia.com.br\/index.php\/2025\/03\/22\/com-valorizacao-regional-e-reinauguracao-de-predio-historico-semana-do-artesao-fomenta-desenvolvimento\/"},"modified":"2025-03-22T13:46:15","modified_gmt":"2025-03-22T16:46:15","slug":"com-valorizacao-regional-e-reinauguracao-de-predio-historico-semana-do-artesao-fomenta-desenvolvimento","status":"publish","type":"post","link":"https:\/\/novasdodia.com.br\/index.php\/2025\/03\/22\/com-valorizacao-regional-e-reinauguracao-de-predio-historico-semana-do-artesao-fomenta-desenvolvimento\/","title":{"rendered":"Com valoriza\u00e7\u00e3o regional e reinaugura\u00e7\u00e3o de pr\u00e9dio hist\u00f3rico, Semana do Artes\u00e3o fomenta desenvolvimento"},"content":{"rendered":"<p><\/p>\n<div>\n<p>Com a participa\u00e7\u00e3o de 150 artes\u00e3os de Mato Grosso do Sul, a Feira do Artesanato \u201cM\u00e3os que Criam\u201d, \u00e9 realizada no Armaz\u00e9m Cultural, em Campo Grande, como parte da \u201cSemana do Artes\u00e3o\u201d, que valoriza a produ\u00e7\u00e3o art\u00edstica regional.<\/p>\n<p>O governador Eduardo Riedel e a primeira-dama M\u00f4nica Riedel visitaram o evento nesta sexta-feira (21) e tamb\u00e9m participaram da reinaugura\u00e7\u00e3o da sede da superintend\u00eancia do Iphan (Instituto do Patrim\u00f4nio Hist\u00f3rico e Art\u00edstico Nacional), em Mato Grosso do Sul.<\/p>\n<p>\u201cCriar possibilidades e fomentar a economia em diferentes \u00e1reas \u00e9 fundamental para o crescimento de todos. Uma feira como esta demonstra todo o potencial da produ\u00e7\u00e3o de artesanato no Estado&#8221;, disse Riedel.<\/p>\n<p>A \u201cSemana do Artes\u00e3o\u201d \u00e9 uma a\u00e7\u00e3o estrat\u00e9gica para a valoriza\u00e7\u00e3o da cultura local e o desenvolvimento econ\u00f4mico sustent\u00e1vel do artesanato em Mato Grosso do Sul, inspirando novas gera\u00e7\u00f5es de artes\u00e3os. A feira do artesanato incluiu 40 artes\u00e3os do interior, incluindo representantes de oito etnias ind\u00edgenas.<\/p>\n<p>Com eventos gratuitos e abertos ao p\u00fablico geral, o Governo de Mato Grosso do Sul, por meio da FCMS (Funda\u00e7\u00e3o de Cultura) e Setesc (Secretaria de Estado de Turismo, Esporte e Cultura), realiza \u2013 de 19 a 25 de mar\u00e7o \u2013 a 17\u00aa Semana do Artes\u00e3o, com parceria da Secretaria Executiva de Cultura da Prefeitura Municipal e do Sebrae\/MS.<\/p>\n<p>Com exposi\u00e7\u00f5es de artesanato, palestras, atra\u00e7\u00f5es culturais, oficinas para crian\u00e7as e adultos, as a\u00e7\u00f5es ocorrem no Bioparque Pantanal, Armaz\u00e9m Cultural, escolas p\u00fablicas de Campo Grande, Morada dos Ba\u00eds e Assembleia Legislativa.<\/p>\n<p>O artesanato de Mato Grosso do Sul \u00e9 produzido com mat\u00e9rias-primas locais, refletindo a criatividade e as tradi\u00e7\u00f5es do povo. Tem como refer\u00eancias o Pantanal, as popula\u00e7\u00f5es ind\u00edgenas e as influ\u00eancias de outras culturas, dos vizinhos Paraguai e Bol\u00edvia, al\u00e9m da diversidade trazida por migrantes.<\/p>\n<p>Al\u00e9m da valoriza\u00e7\u00e3o e interc\u00e2mbio cultural, a Semana do Artes\u00e3o promove a gera\u00e7\u00e3o de emprego e renda, a inclus\u00e3o social e a melhoria da qualidade de vida dos artes\u00e3os. Durante os dias de evento s\u00e3o apresentadas solu\u00e7\u00f5es de inova\u00e7\u00e3o, capacita\u00e7\u00f5es e atividades de fomento ao empreendedorismo.<\/p>\n<div id=\"gallery-2\" class=\"gallery galleryid-505998 gallery-columns-2 gallery-size-large\">\n<figure class=\"gallery-item\">\n<div class=\"gallery-icon landscape\"><\/div>\n<\/figure>\n<figure class=\"gallery-item\">\n<div class=\"gallery-icon landscape\"><\/div>\n<\/figure><\/div>\n<p>A ind\u00edgena terena Elida Ant\u00f4nio, presidente da Associa\u00e7\u00e3o de Mulheres do Mercado Municipal de Campo Grande, dividiu o espa\u00e7o na feira do artesanato com outras mulheres de difentes etnias e aldeias do Estado. &#8220;Temos representantes guat\u00f3, kinikinau, kadiw\u00e9u e terena. Eu sou da aldeia Cachoeirinha, em Miranda, e moro em Campo Grande h\u00e1 muitos anos. Est\u00e1 feira \u00e9 de grande ajuda para mostrar a produ\u00e7\u00e3o de artesanato das mulheres ind\u00edgenas&#8221;.<\/p>\n<p>Com doces caseiros diversos, Angela da Rosa, 74 anos, veio de Bonito para a feira na Capital. &#8220;\u00c9 uma oportunidade de mostrar, em outras cidades, o que produzimos no interior. Eu mesma fa\u00e7o os doces, inclusive tenho as frutas todas na minha propriedade&#8221;.<\/p>\n<p>Tamb\u00e9m participaram do evento o secret\u00e1rio Marcelo Miranda (Setesc), Eduardo Mendes (diretor-presidente da Funda\u00e7\u00e3o de Cultura), Alvira de Melo (presidente da Associa\u00e7\u00e3o da Feira Central, Cultural e Tur\u00edstica de Campo Grande), e outras autoridades.<\/p>\n<p><strong>Iphan<\/strong><\/p>\n<p>Com investimento aproximado de R$ 1 milh\u00e3o, o Governo Federal realizou as obras de requalifica\u00e7\u00e3o e acr\u00e9scimos construtivos no im\u00f3vel que integra o Complexo Ferrovi\u00e1rio Hist\u00f3rico e Urban\u00edstico da Estrada de Ferro Noroeste do Brasil, tombado pelo Iphan em 2009 e protegido nas esferas estadual e municipal desde a d\u00e9cada de 1990.<\/p>\n<p>Constru\u00edda provavelmente entre as d\u00e9cadas de 1930 e 1940, a edifica\u00e7\u00e3o foi originalmente utilizada como escrit\u00f3rio para engenheiros ferrovi\u00e1rios da Rede Ferrovi\u00e1ria Federal S.A. e doada ao Iphan em 2009 pela SPU-MS (Secretaria do Patrim\u00f4nio da Uni\u00e3o).<\/p>\n<p>&#8220;A gente n\u00e3o tem como crescer, desenvolver e avan\u00e7ar, se n\u00e3o tivermos refer\u00eancias. E o Iphan tem este grande papel, fundamental, de cultivar as refer\u00eancias de todos n\u00f3s&#8221;, disse Riedel, que tamb\u00e9m visitou a Feira Central.<\/p>\n<p>O projeto de requalifica\u00e7\u00e3o preservou suas caracter\u00edsticas arquitet\u00f4nicas, incluindo a cobertura em telhas francesas, pisos de madeira, janelas basculantes de ferro e portas de madeira.<\/p>\n<p>Al\u00e9m da cerim\u00f4nia de reinaugura\u00e7\u00e3o, a programa\u00e7\u00e3o conta com o lan\u00e7amento da exposi\u00e7\u00e3o fotogr\u00e1fica \u201cGuardados Revelados: Quando uma fonte hist\u00f3rica nos abra\u00e7a\u201d, que apresenta registros da d\u00e9cada de 1980, feitos pelo fot\u00f3grafo Chico Ribeiro, sobre a comunidade quilombola Tia Eva, de Campo Grande, atualmente em processo de tombamento constitucional.<br \/>\u201cEsta obra e a instala\u00e7\u00e3o do Iphan em um pr\u00e9dio hist\u00f3rico, \u00e9 um trabalho de anos que de concretiza&#8221;, afirmou o superintendente do Iphan em MS, Jo\u00e3o Henrique dos Santos.<\/p>\n<p><em>Natalia Yahn, Comunica\u00e7\u00e3o Governo de MS<\/em><br \/><em>Fotos: Bruno Rezende<\/em><\/p>\n<p>&#8212;<br \/><strong>Relacionada:<\/strong><\/p>\n<blockquote class=\"wp-embedded-content\" data-secret=\"dibftlvtD0\">\n<p>Semana do Artes\u00e3o 2025 ter\u00e1 inaugura\u00e7\u00e3o da primeira filial da Casa do Artes\u00e3o no Bioparque Pantanal<\/p>\n<\/blockquote>\n<p><iframe loading=\"lazy\" class=\"wp-embedded-content\" sandbox=\"allow-scripts\" security=\"restricted\" style=\"position: absolute; visibility: hidden;\" title=\"\u201cSemana do Artes\u00e3o 2025 ter\u00e1 inaugura\u00e7\u00e3o da primeira filial da Casa do Artes\u00e3o no Bioparque Pantanal\u201d \u2014 Ag\u00eancia de Noticias do Governo de Mato Grosso do Sul\" src=\"https:\/\/agenciadenoticias.ms.gov.br\/semana-do-artesao-2025-tera-inauguracao-da-primeira-filial-da-casa-do-artesao-no-bioparque-pantanal\/embed\/#?secret=Zza2NaXnJx#?secret=dibftlvtD0\" data-secret=\"dibftlvtD0\" width=\"500\" height=\"282\" frameborder=\"0\" marginwidth=\"0\" marginheight=\"0\" scrolling=\"no\"><\/iframe><\/p>\n<\/div>\n","protected":false},"excerpt":{"rendered":"<p>Com a participa\u00e7\u00e3o de 150 artes\u00e3os de Mato Grosso do Sul, a Feira do Artesanato \u201cM\u00e3os que Criam\u201d, \u00e9 realizada no Armaz\u00e9m Cultural, em Campo Grande, como parte da \u201cSemana do Artes\u00e3o\u201d, que valoriza a produ\u00e7\u00e3o art\u00edstica regional. O governador Eduardo Riedel e a primeira-dama M\u00f4nica Riedel visitaram o evento nesta sexta-feira (21) e tamb\u00e9m [&hellip;]<\/p>\n","protected":false},"author":1,"featured_media":0,"comment_status":"","ping_status":"","sticky":false,"template":"","format":"standard","meta":{"footnotes":""},"categories":[],"tags":[],"class_list":["post-34504","post","type-post","status-publish","format-standard","hentry"],"amp_enabled":true,"_links":{"self":[{"href":"https:\/\/novasdodia.com.br\/index.php\/wp-json\/wp\/v2\/posts\/34504","targetHints":{"allow":["GET"]}}],"collection":[{"href":"https:\/\/novasdodia.com.br\/index.php\/wp-json\/wp\/v2\/posts"}],"about":[{"href":"https:\/\/novasdodia.com.br\/index.php\/wp-json\/wp\/v2\/types\/post"}],"author":[{"embeddable":true,"href":"https:\/\/novasdodia.com.br\/index.php\/wp-json\/wp\/v2\/users\/1"}],"replies":[{"embeddable":true,"href":"https:\/\/novasdodia.com.br\/index.php\/wp-json\/wp\/v2\/comments?post=34504"}],"version-history":[{"count":0,"href":"https:\/\/novasdodia.com.br\/index.php\/wp-json\/wp\/v2\/posts\/34504\/revisions"}],"wp:attachment":[{"href":"https:\/\/novasdodia.com.br\/index.php\/wp-json\/wp\/v2\/media?parent=34504"}],"wp:term":[{"taxonomy":"category","embeddable":true,"href":"https:\/\/novasdodia.com.br\/index.php\/wp-json\/wp\/v2\/categories?post=34504"},{"taxonomy":"post_tag","embeddable":true,"href":"https:\/\/novasdodia.com.br\/index.php\/wp-json\/wp\/v2\/tags?post=34504"}],"curies":[{"name":"wp","href":"https:\/\/api.w.org\/{rel}","templated":true}]}}