{"id":34771,"date":"2025-03-28T07:40:14","date_gmt":"2025-03-28T10:40:14","guid":{"rendered":"https:\/\/novasdodia.com.br\/index.php\/2025\/03\/28\/vila-adriana-tem-praca-revitalizada-e-mais-opcoes-de-lazer-em-familia\/"},"modified":"2025-03-28T07:40:14","modified_gmt":"2025-03-28T10:40:14","slug":"vila-adriana-tem-praca-revitalizada-e-mais-opcoes-de-lazer-em-familia","status":"publish","type":"post","link":"https:\/\/novasdodia.com.br\/index.php\/2025\/03\/28\/vila-adriana-tem-praca-revitalizada-e-mais-opcoes-de-lazer-em-familia\/","title":{"rendered":"Vila Adriana tem pra\u00e7a revitalizada e mais op\u00e7\u00f5es de lazer em fam\u00edlia"},"content":{"rendered":"<p><\/p>\n<div>\n<p><b>Ana L\u00facia Abranches<\/b><br \/>&#13;<br \/>\n&#13;<br \/>\n                <span style=\"font-weight: bold;\">Urbam<\/span><\/p>\n<p><span style=\"font-weight: 400;\">A Prefeitura de S\u00e3o Jos\u00e9 dos Campos entrega neste s\u00e1bado (29), \u00e0s 10h, a revitaliza\u00e7\u00e3o da Pra\u00e7a Jo\u00e3o Batista Leite, na Vila Adriana (regi\u00e3o sudeste), com a implanta\u00e7\u00e3o de campo de futebol e playground, ampliando as op\u00e7\u00f5es de lazer para a fam\u00edlia.<\/span><\/p>\n<p><span style=\"font-weight: 400;\">A melhoria faz parte do plano de valoriza\u00e7\u00e3o do entorno dos conjuntos habitacionais, beneficiando os moradores do bairro. A solu\u00e7\u00e3o contempla a implanta\u00e7\u00e3o de campo de futebol society com medidas oficiais, playground adaptado para crian\u00e7as com defici\u00eancia e pavimento intertravado emborrachado.<\/span><\/p>\n<p><span style=\"font-weight: 400;\">Al\u00e9m disso, a pra\u00e7a foi totalmente renovada com novos bancos, ilumina\u00e7\u00e3o de LED, lixeiras, plantio de grama e reforma da quadra esportiva existente. Tamb\u00e9m foi instalado um bebedouro para pets.<\/span><\/p>\n<p><span style=\"font-weight: 400;\">Realizada pela Urbam, a obra teve investimento de R$ 1,3 milh\u00e3o. <\/span><span style=\"font-weight: 400;\">Trata-se de uma interven\u00e7\u00e3o urban\u00edstica com recursos provenientes da outorga onerosa depositados no FMDU (Fundo Municipal de Desenvolvimento Urbano).<\/span><\/p>\n<p>&#13;<br \/>\n                        <strong>MAIS NOT\u00cdCIAS<\/strong><br \/>&#13;<br \/>\n                        Urbam&#13;\n                    <\/p>\n<\/p><\/div>\n","protected":false},"excerpt":{"rendered":"<p>Ana L\u00facia Abranches&#13; &#13; Urbam A Prefeitura de S\u00e3o Jos\u00e9 dos Campos entrega neste s\u00e1bado (29), \u00e0s 10h, a revitaliza\u00e7\u00e3o da Pra\u00e7a Jo\u00e3o Batista Leite, na Vila Adriana (regi\u00e3o sudeste), com a implanta\u00e7\u00e3o de campo de futebol e playground, ampliando as op\u00e7\u00f5es de lazer para a fam\u00edlia. A melhoria faz parte do plano de valoriza\u00e7\u00e3o [&hellip;]<\/p>\n","protected":false},"author":1,"featured_media":0,"comment_status":"","ping_status":"","sticky":false,"template":"","format":"standard","meta":{"footnotes":""},"categories":[1],"tags":[],"class_list":["post-34771","post","type-post","status-publish","format-standard","hentry","category-noticias"],"amp_enabled":true,"_links":{"self":[{"href":"https:\/\/novasdodia.com.br\/index.php\/wp-json\/wp\/v2\/posts\/34771","targetHints":{"allow":["GET"]}}],"collection":[{"href":"https:\/\/novasdodia.com.br\/index.php\/wp-json\/wp\/v2\/posts"}],"about":[{"href":"https:\/\/novasdodia.com.br\/index.php\/wp-json\/wp\/v2\/types\/post"}],"author":[{"embeddable":true,"href":"https:\/\/novasdodia.com.br\/index.php\/wp-json\/wp\/v2\/users\/1"}],"replies":[{"embeddable":true,"href":"https:\/\/novasdodia.com.br\/index.php\/wp-json\/wp\/v2\/comments?post=34771"}],"version-history":[{"count":0,"href":"https:\/\/novasdodia.com.br\/index.php\/wp-json\/wp\/v2\/posts\/34771\/revisions"}],"wp:attachment":[{"href":"https:\/\/novasdodia.com.br\/index.php\/wp-json\/wp\/v2\/media?parent=34771"}],"wp:term":[{"taxonomy":"category","embeddable":true,"href":"https:\/\/novasdodia.com.br\/index.php\/wp-json\/wp\/v2\/categories?post=34771"},{"taxonomy":"post_tag","embeddable":true,"href":"https:\/\/novasdodia.com.br\/index.php\/wp-json\/wp\/v2\/tags?post=34771"}],"curies":[{"name":"wp","href":"https:\/\/api.w.org\/{rel}","templated":true}]}}