{"id":34834,"date":"2025-03-29T11:10:14","date_gmt":"2025-03-29T14:10:14","guid":{"rendered":"https:\/\/novasdodia.com.br\/index.php\/2025\/03\/29\/agencia-minas-gerais-melhoramento-genetico-impulsiona-qualidade-e-produtividade-do-cafe-de-minas-gerais\/"},"modified":"2025-03-29T11:10:14","modified_gmt":"2025-03-29T14:10:14","slug":"agencia-minas-gerais-melhoramento-genetico-impulsiona-qualidade-e-produtividade-do-cafe-de-minas-gerais","status":"publish","type":"post","link":"https:\/\/novasdodia.com.br\/index.php\/2025\/03\/29\/agencia-minas-gerais-melhoramento-genetico-impulsiona-qualidade-e-produtividade-do-cafe-de-minas-gerais\/","title":{"rendered":"Ag\u00eancia Minas Gerais | Melhoramento gen\u00e9tico impulsiona qualidade e produtividade do caf\u00e9 de Minas Gerais\u00a0"},"content":{"rendered":"<p><\/p>\n<div>\n<section class=\"news-related \/ col-md-4 col-lg-3 \/ margin-md-bottom-2 margin-left-1 \/ pull-right \/ hidden-xs hidden-sm\">\n<header>\n<p class=\"text-title-section \/ margin-bottom-1\">Relacionadas<\/p>\n<\/header>\n<p>\t\t\t\t\t\t\t<main><\/p>\n<hr class=\"row margin-md-bottom-2\"\/>\n\t\t\t\t\t\t\t<\/main><br \/>\n\t\t\t\t\t\t<\/section>\n<p data-pm-slice=\"1 1 []\">Minas Gerais se destaca na produ\u00e7\u00e3o de caf\u00e9 do Brasil, e o segredo do sucesso est\u00e1 na combina\u00e7\u00e3o de clima favor\u00e1vel, dedica\u00e7\u00e3o dos produtores e aplica\u00e7\u00e3o da ci\u00eancia.<\/p>\n<p>Pesquisas conduzidas pela Empresa de Pesquisa Agropecu\u00e1ria de Minas Gerais (Epamig), em parceria com a Empresa Brasileira de Pesquisa Agropecu\u00e1ria (Embrapa) e universidades, mostram que o desenvolvimento de novas cultivares \u00e9 respons\u00e1vel por saltos de produ\u00e7\u00e3o e sabores particulares. Entre elas, destacam-se os estudos em melhoramento gen\u00e9tico do cafeeiro, que desenvolveram cultivares adaptadas para os diferentes sistemas de produ\u00e7\u00e3o da cafeicultura mineira.<\/p>\n<p>O pesquisador em cafeicultura da Epamig, Gladyston Carvalho, explica que as pesquisas buscam gerar conhecimento para o cafeicultor e oferecer, por meio da gen\u00e9tica do caf\u00e9, aumento de produtividade e transforma\u00e7\u00e3o no sistema produtivo.<\/p>\n<p>&#8220;S\u00e3o 587 munic\u00edpios cultivando caf\u00e9, somos o maior produtor de caf\u00e9 do Brasil, detemos m\u00e9dia de 50% da \u00e1rea cafeeira e 40% da produ\u00e7\u00e3o nacional. S\u00e3o muitos produtores que dependem da cultura e da pesquisa agropecu\u00e1ria&#8221;, justifica.<\/p>\n<p>\u200bTamb\u00e9m pesquisador da Epamig, Vin\u00edcius Andrade relembra que a \u00e1rea de plantio de caf\u00e9 no Brasil n\u00e3o registrava grande crescimento. No entanto, a produtividade aumentou significativamente desde a d\u00e9cada de 1980.<\/p>\n<p>&#8220;A m\u00e9dia, que era de sete sacas por hectare, agora atinge de 25 a 30 sacas por hectare&#8221;, compara. Ele complementa que as pesquisas tamb\u00e9m t\u00eam por objetivo manter o cafeicultor na atividade, bem remunerado, al\u00e9m de criar condi\u00e7\u00f5es para a sucess\u00e3o familiar, mantendo a tradi\u00e7\u00e3o de uma das culturas mais relevantes para o Brasil.<\/p>\n<p><strong>Pesquisas em gen\u00e9tica<\/strong><\/p>\n<p>D\u00e9cadas de pesquisas cient\u00edficas al\u00e7aram Minas Gerais ao patamar de maior produtor de caf\u00e9 do Brasil. Top\u00e1zio MG1190, MGS Para\u00edso 2, MGS EPAMIG 1194, MGS Aran\u00e3s e MGS Ametista s\u00e3o nomes de algumas das cultivares desenvolvidas para as condi\u00e7\u00f5es do estado e que v\u00eam potencializando a produtividade, o vigor e a qualidade do caf\u00e9 mineiro. Ao todo, a Epamig j\u00e1 registrou mais de 20 cultivares.<\/p>\n<p><strong>Como nasce uma cultivar<\/strong><\/p>\n<p>O processo de desenvolvimento de uma nova cultivar leva de 20 a 30 anos. A t\u00e9cnica envolve a hibrida\u00e7\u00e3o, que cruza caracter\u00edsticas desejadas de diferentes plantas. Nos primeiros 12 anos, as pesquisas ocorrem em campos experimentais, e s\u00f3 depois de testadas em diversos ambientes as cultivares s\u00e3o registradas e recomendadas para uso.<\/p>\n<p>A Epamig desenvolveu um projeto robusto de avalia\u00e7\u00e3o de cultivares de caf\u00e9 na regi\u00e3o do cerrado mineiro entre 2016 e 2022. Com o apoio da Federa\u00e7\u00e3o dos Cafeicultores do Cerrado e do Cons\u00f3rcio Pesquisa Caf\u00e9, foram instaladas unidades demonstrativas em propriedades de produtores parceiros.<\/p>\n<p>Pelos resultados obtidos, foram identificadas cultivares com maior potencial para a regi\u00e3o. &#8220;Com essa experi\u00eancia de sucesso, avan\u00e7amos para o projeto de valida\u00e7\u00e3o de cultivares de cafeeiros e transfer\u00eancia de tecnologias para as regi\u00f5es cafeeiras de Minas Gerais&#8221;, conta Gladyston.<\/p>\n<p>Atualmente, os estudos continuam em todo o estado, subsidiando tecnicamente a renova\u00e7\u00e3o do parque cafeeiro mineiro. Com o avan\u00e7o da ci\u00eancia e da tecnologia, Minas segue consolidando sua posi\u00e7\u00e3o como refer\u00eancia mundial na produ\u00e7\u00e3o de caf\u00e9 de excel\u00eancia.<\/p>\n<p>\u200b<strong>Produ\u00e7\u00e3o na pr\u00e1tica<\/strong><br \/>&#13;<br \/>\n\u00a0<\/p>\n<figure class=\"image\" style=\"float:left\">&#13;<figcaption><sub><em>Alexandre Vilela, produtor de caf\u00e9 no S\u00edtio Refazenda.<br \/>&#13;<br \/>\nCr\u00e9dito: Erasmo Reis<\/em><\/sub><\/figcaption>&#13;<br \/>\n<\/figure>\n<p data-pm-slice=\"1 1 []\">Alexandre Vilela \u00e9 a quarta gera\u00e7\u00e3o de produtores de caf\u00e9 na fam\u00edlia. No S\u00edtio Refazenda, em Nepomuceno, Sul de Minas, ele apostou na reestrutura\u00e7\u00e3o das lavouras com a introdu\u00e7\u00e3o de novos materiais gen\u00e9ticos.<\/p>\n<p>&#8220;N\u00f3s acreditamos na ci\u00eancia e, quando a gente observa as pesquisas, os materiais da Epamig t\u00eam entregado bastante. Dentre essas renova\u00e7\u00f5es que temos aqui, Catigu\u00e1 MG2, MGS Aran\u00e3s e MGS Para\u00edso 2 entraram para nossa realidade com maior produtividade e qualidade&#8221;, relata.<\/p>\n<\/p><\/div>\n","protected":false},"excerpt":{"rendered":"<p>Relacionadas Minas Gerais se destaca na produ\u00e7\u00e3o de caf\u00e9 do Brasil, e o segredo do sucesso est\u00e1 na combina\u00e7\u00e3o de clima favor\u00e1vel, dedica\u00e7\u00e3o dos produtores e aplica\u00e7\u00e3o da ci\u00eancia. Pesquisas conduzidas pela Empresa de Pesquisa Agropecu\u00e1ria de Minas Gerais (Epamig), em parceria com a Empresa Brasileira de Pesquisa Agropecu\u00e1ria (Embrapa) e universidades, mostram que o [&hellip;]<\/p>\n","protected":false},"author":1,"featured_media":0,"comment_status":"","ping_status":"","sticky":false,"template":"","format":"standard","meta":{"footnotes":""},"categories":[1],"tags":[],"class_list":["post-34834","post","type-post","status-publish","format-standard","hentry","category-noticias"],"amp_enabled":true,"_links":{"self":[{"href":"https:\/\/novasdodia.com.br\/index.php\/wp-json\/wp\/v2\/posts\/34834","targetHints":{"allow":["GET"]}}],"collection":[{"href":"https:\/\/novasdodia.com.br\/index.php\/wp-json\/wp\/v2\/posts"}],"about":[{"href":"https:\/\/novasdodia.com.br\/index.php\/wp-json\/wp\/v2\/types\/post"}],"author":[{"embeddable":true,"href":"https:\/\/novasdodia.com.br\/index.php\/wp-json\/wp\/v2\/users\/1"}],"replies":[{"embeddable":true,"href":"https:\/\/novasdodia.com.br\/index.php\/wp-json\/wp\/v2\/comments?post=34834"}],"version-history":[{"count":0,"href":"https:\/\/novasdodia.com.br\/index.php\/wp-json\/wp\/v2\/posts\/34834\/revisions"}],"wp:attachment":[{"href":"https:\/\/novasdodia.com.br\/index.php\/wp-json\/wp\/v2\/media?parent=34834"}],"wp:term":[{"taxonomy":"category","embeddable":true,"href":"https:\/\/novasdodia.com.br\/index.php\/wp-json\/wp\/v2\/categories?post=34834"},{"taxonomy":"post_tag","embeddable":true,"href":"https:\/\/novasdodia.com.br\/index.php\/wp-json\/wp\/v2\/tags?post=34834"}],"curies":[{"name":"wp","href":"https:\/\/api.w.org\/{rel}","templated":true}]}}