{"id":34986,"date":"2025-04-01T14:04:11","date_gmt":"2025-04-01T17:04:11","guid":{"rendered":"https:\/\/novasdodia.com.br\/index.php\/2025\/04\/01\/fundacao-campeoes-do-amanha-inicia-aulas-de-natacao-e-inscricoes-continuam-abertas\/"},"modified":"2025-04-01T14:04:11","modified_gmt":"2025-04-01T17:04:11","slug":"fundacao-campeoes-do-amanha-inicia-aulas-de-natacao-e-inscricoes-continuam-abertas","status":"publish","type":"post","link":"https:\/\/novasdodia.com.br\/index.php\/2025\/04\/01\/fundacao-campeoes-do-amanha-inicia-aulas-de-natacao-e-inscricoes-continuam-abertas\/","title":{"rendered":"Funda\u00e7\u00e3o Campe\u00f5es do Amanh\u00e3 inicia aulas de nata\u00e7\u00e3o e inscri\u00e7\u00f5es continuam abertas"},"content":{"rendered":"<p><\/p>\n<div>\n<h5 class=\"text-primary\">No CAM<\/h5>\n<p>                        <!-- Mostra o t&iacute;tulo como um link para o link permanente do post --><\/p>\n<h2 class=\"mb-3\">Funda\u00e7\u00e3o Campe\u00f5es do Amanh\u00e3 inicia aulas de nata\u00e7\u00e3o e inscri\u00e7\u00f5es continuam abertas<\/h2>\n<p class=\"text-secondary font-italic mb-3 p-0\">&#13;<br \/>\n                            <i class=\"fa fa-calendar\"\/> 01\/04\/2025 | &#13;<br \/>\n                            <i class=\"fa fa-clock-o\"\/> 14:00 |&#13;<br \/>\n                            <i class=\"fa fa-eye\"\/> 14                        <\/p>\n<p>                        <!-- Mostra o conte&uacute;do do post em uma DIV --><\/p>\n<div class=\"\">\n<p>A Funda\u00e7\u00e3o Campe\u00f5es do Amanh\u00e3, da Prefeitura de Jo\u00e3o Pessoa, come\u00e7ou nesta segunda-feira (31) as aulas de nata\u00e7\u00e3o gratuitas para crian\u00e7as e adolescentes, entre 8 e 17 anos. Com quase 800 alunos, as turmas na piscina do Centro Administrativo Municipal (CAM), em \u00c1gua Fria, s\u00e3o na segunda, quarta e sexta nos turnos da manh\u00e3 e da tarde, das 8h30 \u00e0s 11h e das 14h30 \u00e0s 17h30.<\/p>\n<figure class=\"wp-block-gallery has-nested-images columns-default is-cropped wp-block-gallery-1 is-layout-flex wp-block-gallery-is-layout-flex\">\n<figure class=\"wp-block-image size-large\"><\/figure>\n<figure class=\"wp-block-image size-large\"><\/figure>\n<\/figure>\n<p>\u201cFicamos muito felizes em ofertar esse quantitativo de vagas com muita qualidade. Em apenas uma semana que abrimos as vagas, estamos pr\u00f3ximos de atingir o nosso objetivo de 1000 inscritos. Vamos auxiliar as crian\u00e7as na atividade f\u00edsica e a nata\u00e7\u00e3o \u00e9 um esporte muito completo. Tenho certeza que vai contribuir muito na forma\u00e7\u00e3o dos alunos\u201d, afirmou o presidente da Funda\u00e7\u00e3o Campe\u00f5es do Amanh\u00e3, Kaio M\u00e1rcio.<\/p>\n<figure class=\"wp-block-gallery has-nested-images columns-default is-cropped wp-block-gallery-2 is-layout-flex wp-block-gallery-is-layout-flex\">\n<figure class=\"wp-block-image size-large\"><\/figure>\n<figure class=\"wp-block-image size-large\"><\/figure>\n<figure class=\"wp-block-image size-large\"><\/figure>\n<figure class=\"wp-block-image size-large\"><\/figure>\n<figure class=\"wp-block-image size-large\"><\/figure>\n<figure class=\"wp-block-image size-large\"><\/figure>\n<\/figure>\n<p>A inscri\u00e7\u00e3o pode ser feita no pr\u00f3prio CAM nos dias das atividades. Para garantir o ingresso nesta modalidade, \u00e9 necess\u00e1rio levar documento do aluno (a) e do pai\/m\u00e3e ou respons\u00e1vel e comprovante de resid\u00eancia. Tanto os atletas antigos como os novos precisam passar por\u00a0esse\u00a0processo.<\/p>\n<p>\u201cEssa semana ser\u00e1 uma semana de ajuste. Ainda estamos buscando melhorar as atividades complementares para\u00a0os\u00a0atletas. O Campe\u00f5es do Amanh\u00e3 vem crescendo nesses \u00faltimos anos e n\u00f3s j\u00e1 temos uma equipe de competi\u00e7\u00e3o, que vem se apresentando consideravelmente bem. Alguns resultados bem satisfat\u00f3rios. Al\u00e9m de ensinarmos desde o in\u00edcio tamb\u00e9m buscamos preparar eles para o alto rendimento e alguns se sobressaem\u201d, finalizou o t\u00e9cnico Eduardo Almeida.<\/p>\n<\/p><\/div>\n<\/p><\/div>\n","protected":false},"excerpt":{"rendered":"<p>No CAM Funda\u00e7\u00e3o Campe\u00f5es do Amanh\u00e3 inicia aulas de nata\u00e7\u00e3o e inscri\u00e7\u00f5es continuam abertas &#13; 01\/04\/2025 | &#13; 14:00 |&#13; 14 A Funda\u00e7\u00e3o Campe\u00f5es do Amanh\u00e3, da Prefeitura de Jo\u00e3o Pessoa, come\u00e7ou nesta segunda-feira (31) as aulas de nata\u00e7\u00e3o gratuitas para crian\u00e7as e adolescentes, entre 8 e 17 anos. Com quase 800 alunos, as turmas [&hellip;]<\/p>\n","protected":false},"author":1,"featured_media":0,"comment_status":"","ping_status":"","sticky":false,"template":"","format":"standard","meta":{"footnotes":""},"categories":[1],"tags":[],"class_list":["post-34986","post","type-post","status-publish","format-standard","hentry","category-noticias"],"amp_enabled":true,"_links":{"self":[{"href":"https:\/\/novasdodia.com.br\/index.php\/wp-json\/wp\/v2\/posts\/34986","targetHints":{"allow":["GET"]}}],"collection":[{"href":"https:\/\/novasdodia.com.br\/index.php\/wp-json\/wp\/v2\/posts"}],"about":[{"href":"https:\/\/novasdodia.com.br\/index.php\/wp-json\/wp\/v2\/types\/post"}],"author":[{"embeddable":true,"href":"https:\/\/novasdodia.com.br\/index.php\/wp-json\/wp\/v2\/users\/1"}],"replies":[{"embeddable":true,"href":"https:\/\/novasdodia.com.br\/index.php\/wp-json\/wp\/v2\/comments?post=34986"}],"version-history":[{"count":0,"href":"https:\/\/novasdodia.com.br\/index.php\/wp-json\/wp\/v2\/posts\/34986\/revisions"}],"wp:attachment":[{"href":"https:\/\/novasdodia.com.br\/index.php\/wp-json\/wp\/v2\/media?parent=34986"}],"wp:term":[{"taxonomy":"category","embeddable":true,"href":"https:\/\/novasdodia.com.br\/index.php\/wp-json\/wp\/v2\/categories?post=34986"},{"taxonomy":"post_tag","embeddable":true,"href":"https:\/\/novasdodia.com.br\/index.php\/wp-json\/wp\/v2\/tags?post=34986"}],"curies":[{"name":"wp","href":"https:\/\/api.w.org\/{rel}","templated":true}]}}