{"id":35287,"date":"2025-04-07T13:46:23","date_gmt":"2025-04-07T16:46:23","guid":{"rendered":"https:\/\/novasdodia.com.br\/index.php\/2025\/04\/07\/secretaria-de-saude-realiza-acao-de-conscientizacao-e-combate-as-arboviroses-no-parque-solon-de-lucena\/"},"modified":"2025-04-07T13:46:23","modified_gmt":"2025-04-07T16:46:23","slug":"secretaria-de-saude-realiza-acao-de-conscientizacao-e-combate-as-arboviroses-no-parque-solon-de-lucena","status":"publish","type":"post","link":"https:\/\/novasdodia.com.br\/index.php\/2025\/04\/07\/secretaria-de-saude-realiza-acao-de-conscientizacao-e-combate-as-arboviroses-no-parque-solon-de-lucena\/","title":{"rendered":"Secretaria de Sa\u00fade realiza a\u00e7\u00e3o de conscientiza\u00e7\u00e3o e combate \u00e0s arboviroses no Parque Solon de Lucena"},"content":{"rendered":"<p><\/p>\n<div>\n<p>A Secretaria Municipal de Sa\u00fade (SMS), por meio das equipes de Vigil\u00e2ncia em Sa\u00fade, realizou, na manh\u00e3 desta segunda-feira (7), uma a\u00e7\u00e3o de conscientiza\u00e7\u00e3o e combate ao mosquito Aedes aegypti, no Parque Solon de Lucena. A atividade marca o in\u00edcio da Semana Estadual de Combate \u00e0s Arboviroses, que segue acontecendo na Capital at\u00e9 sexta-feira (11).<\/p>\n<figure class=\"wp-block-gallery has-nested-images columns-default is-cropped wp-block-gallery-1 is-layout-flex wp-block-gallery-is-layout-flex\">\n<figure class=\"wp-block-image size-large\"><\/figure>\n<figure class=\"wp-block-image size-large\"><\/figure>\n<\/figure>\n<p>Durante a a\u00e7\u00e3o, servidores da SMS realizaram panfletagem e orienta\u00e7\u00f5es junto \u00e0 popula\u00e7\u00e3o que passava pelo local; agentes de combate \u00e0s endemias realizaram batida de foco no entorno do Parque Solon de Lucena, uma parceria com a Secretaria Estadual de Sa\u00fade, levou mostru\u00e1rios com as diferentes fases do mosquito.<\/p>\n<p>\u201cHoje, no Dia da Sa\u00fade, come\u00e7amos a semana com uma a\u00e7\u00e3o muito importante para o cuidado com a sa\u00fade da popula\u00e7\u00e3o, dando in\u00edcio a programa\u00e7\u00e3o da Semana de Combate \u00e0s Arboviroses, um momento onde estaremos realizando diversas a\u00e7\u00f5es, em toda a cidade, refor\u00e7ando a necessidade da ado\u00e7\u00e3o de medidas de prote\u00e7\u00e3o para combate ao Aedes e preven\u00e7\u00e3o do adoecimento por arboviroses\u201d, destaca Danielle Melo, gerente de Vigil\u00e2ncia Epidemiol\u00f3gica da Secretaria Municipal de Sa\u00fade.<\/p>\n<p><strong>Programa\u00e7\u00e3o \u2013<\/strong> A programa\u00e7\u00e3o da SMS segue nesta ter\u00e7a-feira (8), a partir das 11h, no Shopping Sul. No local, al\u00e9m de panfletagem com foco na preven\u00e7\u00e3o ao Aedes, os profissionais de sa\u00fade orientar\u00e3o sobre a vacina\u00e7\u00e3o contra a dengue, que est\u00e1 dispon\u00edvel para crian\u00e7as e adolescentes com idades entre 10 e 14 anos nas Unidades de Sa\u00fade da Fam\u00edlia (USF) da Capital.<\/p>\n<p>Dando sequ\u00eancia \u00e0 programa\u00e7\u00e3o, na quarta-feira (9), a equipe t\u00e9cnica em arboviroses da SMS estar\u00e1 na USF Integrada Ilha do Bispo, a partir das 8h, realizando panfletagem e uma roda de conversa com os pacientes da unidade. J\u00e1 na quinta-feira (10), a a\u00e7\u00e3o ser\u00e1 voltada aos alunos da Escola Estadual Cidad\u00e3 Integral T\u00e9cnica Padre Hildon. No local, a partir das 14h, t\u00e9cnicos da Vigil\u00e2ncia Ambiental promover\u00e3o palestras educativas sobre as arboviroses e formas de preven\u00e7\u00e3o. Concluindo a semana, na sexta-feira (11), a partir das 8h, os agentes de combate \u00e0s endemias estar\u00e3o realizando batida de foco no entorno do Mercado Central, al\u00e9m de panfletagem junto \u00e0 popula\u00e7\u00e3o.<\/p>\n<p><strong>Arboviroses <\/strong>\u2013 S\u00e3o as doen\u00e7as causadas pelos arbov\u00edrus, que s\u00e3o v\u00edrus onde o principal transmissor \u00e9 um artr\u00f3pode, que pode ser um mosquito ou carrapato. Existem 545 esp\u00e9cies de arbov\u00edrus e, desses, 150 causam doen\u00e7as em seres humanos. Al\u00e9m de possu\u00edrem o mesmo vetor de transmiss\u00e3o, essas doen\u00e7as possuem sintomas semelhantes e podem causar o desenvolvimento de complica\u00e7\u00f5es neurol\u00f3gicas, como encefalites, choque hemorr\u00e1gico, S\u00edndrome de\u00a0Guillain Barr\u00e9 e outras doen\u00e7as neurol\u00f3gicas. Uma das principais complica\u00e7\u00f5es \u00e9 a\u00a0microcefalia em rec\u00e9m-nascidos de m\u00e3es que adquiriram o zika v\u00edrus durante a gesta\u00e7\u00e3o.<\/p>\n<p><strong>N\u00fameros \u2013<\/strong>\u00a0De acordo com dados da Vigil\u00e2ncia Epidemiol\u00f3gica, no primeiro trimestre deste ano, Jo\u00e3o Pessoa registrou 959 casos das principais arboviroses. Desse total de casos confirmados, 906 foram de dengue, 51 de Chikungunya e 2 de Zika.<\/p>\n<p>O n\u00famero de casos notificados de dengue, em Jo\u00e3o Pessoa, apresentou uma redu\u00e7\u00e3o de 65,1% nos dois primeiros meses de 2025 em compara\u00e7\u00e3o aos dois primeiros meses de 2024. Do in\u00edcio de janeiro at\u00e9 o final de fevereiro do ano passado, foram notificados 2.367 casos da doen\u00e7a, enquanto no mesmo per\u00edodo deste ano, o n\u00famero caiu para 826.<\/p>\n<p>Os casos de zika e chikungunya tamb\u00e9m diminu\u00edram. Os meses de janeiro e fevereiro de 2024 somaram 191 casos notificados de chikungunya, j\u00e1 em 2025 foram 44 notifica\u00e7\u00f5es, resultando numa redu\u00e7\u00e3o de 76,9%. Em se tratando dos casos de zika neste per\u00edodo, a redu\u00e7\u00e3o foi de 85,7%, caindo de 35 para 5 casos notificados.<\/p>\n<p><strong>Assist\u00eancia \u2013<\/strong>\u00a0Quem apresentar os sintomas de uma das doen\u00e7as deve procurar sua Unidade de Sa\u00fade da Fam\u00edlia de refer\u00eancia e, em casos mais graves, \u00e9 preciso buscar assist\u00eancia em uma porta de urg\u00eancia, como as Unidades de Pronto Atendimento (UPAs) ou hospitais que atuam como porta aberta para urg\u00eancias.<\/p>\n<\/p><\/div>\n","protected":false},"excerpt":{"rendered":"<p>A Secretaria Municipal de Sa\u00fade (SMS), por meio das equipes de Vigil\u00e2ncia em Sa\u00fade, realizou, na manh\u00e3 desta segunda-feira (7), uma a\u00e7\u00e3o de conscientiza\u00e7\u00e3o e combate ao mosquito Aedes aegypti, no Parque Solon de Lucena. A atividade marca o in\u00edcio da Semana Estadual de Combate \u00e0s Arboviroses, que segue acontecendo na Capital at\u00e9 sexta-feira (11). [&hellip;]<\/p>\n","protected":false},"author":1,"featured_media":0,"comment_status":"","ping_status":"","sticky":false,"template":"","format":"standard","meta":{"footnotes":""},"categories":[1],"tags":[],"class_list":["post-35287","post","type-post","status-publish","format-standard","hentry","category-noticias"],"amp_enabled":true,"_links":{"self":[{"href":"https:\/\/novasdodia.com.br\/index.php\/wp-json\/wp\/v2\/posts\/35287","targetHints":{"allow":["GET"]}}],"collection":[{"href":"https:\/\/novasdodia.com.br\/index.php\/wp-json\/wp\/v2\/posts"}],"about":[{"href":"https:\/\/novasdodia.com.br\/index.php\/wp-json\/wp\/v2\/types\/post"}],"author":[{"embeddable":true,"href":"https:\/\/novasdodia.com.br\/index.php\/wp-json\/wp\/v2\/users\/1"}],"replies":[{"embeddable":true,"href":"https:\/\/novasdodia.com.br\/index.php\/wp-json\/wp\/v2\/comments?post=35287"}],"version-history":[{"count":0,"href":"https:\/\/novasdodia.com.br\/index.php\/wp-json\/wp\/v2\/posts\/35287\/revisions"}],"wp:attachment":[{"href":"https:\/\/novasdodia.com.br\/index.php\/wp-json\/wp\/v2\/media?parent=35287"}],"wp:term":[{"taxonomy":"category","embeddable":true,"href":"https:\/\/novasdodia.com.br\/index.php\/wp-json\/wp\/v2\/categories?post=35287"},{"taxonomy":"post_tag","embeddable":true,"href":"https:\/\/novasdodia.com.br\/index.php\/wp-json\/wp\/v2\/tags?post=35287"}],"curies":[{"name":"wp","href":"https:\/\/api.w.org\/{rel}","templated":true}]}}