{"id":35359,"date":"2025-04-08T19:39:24","date_gmt":"2025-04-08T22:39:24","guid":{"rendered":"https:\/\/novasdodia.com.br\/index.php\/2025\/04\/08\/transfere-ms-dara-mais-transparencia-eficiencia-e-melhor-gestao-aos-recursos-das-emendas-parlamentares-estaduais\/"},"modified":"2025-04-08T19:39:24","modified_gmt":"2025-04-08T22:39:24","slug":"transfere-ms-dara-mais-transparencia-eficiencia-e-melhor-gestao-aos-recursos-das-emendas-parlamentares-estaduais","status":"publish","type":"post","link":"https:\/\/novasdodia.com.br\/index.php\/2025\/04\/08\/transfere-ms-dara-mais-transparencia-eficiencia-e-melhor-gestao-aos-recursos-das-emendas-parlamentares-estaduais\/","title":{"rendered":"Transfere MS dar\u00e1 mais transpar\u00eancia, efici\u00eancia e melhor gest\u00e3o aos recursos das emendas parlamentares estaduais"},"content":{"rendered":"<p><\/p>\n<div>\n<p><span style=\"font-weight: 400;\">Transpar\u00eancia, efici\u00eancia no emprego dos recursos p\u00fablicos e garantia de entregas para os sul-mato-grossenses, esses s\u00e3o os avan\u00e7os que o Transfere MS\/Siafic deve apresentar no processamento das Emendas Parlamentares Estaduais. Outro fator positivo, segundo os gestores das secretarias do Governo do Estado, \u00e9 a celeridade no processo, que vai assegurar que os recursos destinados pelos deputados estaduais v\u00e3o ser pagos no mesmo ano de exerc\u00edcio das indica\u00e7\u00f5es.<\/span><\/p>\n<p><span style=\"font-weight: 400;\">\u201cA sistematiza\u00e7\u00e3o do processamento das emendas parlamentares estaduais \u00e9 ganho enorme em muitas frentes, seja na elabora\u00e7\u00e3o dos planos de trabalho, seja na valida\u00e7\u00e3o pela Casa Civil, e no ponto final, que \u00e9 o pagamento dessas emendas\u201d, destacou \u00c9dio Viegas, Superintendente das Emendas Parlamentares Estaduais e Federais da Casa Civil de MS.<\/span><\/p>\n<\/p>\n<p><span style=\"font-weight: 400;\">A expectativa \u00e9 de ultrapassar 180 emendas na SED, para quem trabalha \u00e0 frente deste volume de processo, o Transfere MS \u00e9 um ganho. \u201cUm sistema que padroniza todas as emendas do Estado, que dialoga com as \u00e1reas t\u00e9cnicas, estabelece um fluxo transparente e d\u00e1 acesso \u00e0 popula\u00e7\u00e3o para acompanhar o trabalho \u00e9 um grande avan\u00e7o. Outro ponto positivo \u00e9 podermos colocar indicadores de qualidade que v\u00e3o diminuir gargalos para que a gente consiga atingir o nosso objetivo que \u00e9 fazer o recurso chegar onde deve chegar\u201d, disse Alessandro Jos\u00e9 Perassoli, gestor de conv\u00eanios da Secretaria de Estado de Educa\u00e7\u00e3o.<\/span><\/p>\n<p><span style=\"font-weight: 400;\">Simone Ferreira da Cruz, gerente de conv\u00eanio das emendas da Secretaria de Estado de Sa\u00fade disse que est\u00e1 muito otimista com\u00a0 a digitaliza\u00e7\u00e3o de todas as fases dos processos.\u00a0 \u201cVai ajudar muito porque vai dar agilidade ao processo. Al\u00e9m da quest\u00e3o de dar condi\u00e7\u00f5es das entidades e munic\u00edpios acompanharem todo o rito\u201d, destacou.<\/span><\/p>\n<p><span style=\"font-weight: 400;\">\u201cFalar do Transfere MS \u00e9 uma inova\u00e7\u00e3o, \u00e9 a tecnologia que nos d\u00e1 mais agilidade e muito mais transpar\u00eancia. S\u00e3o muitas as melhorias, uma delas \u00e9 ser poss\u00edvel ver onde os valores est\u00e3o sendo repassados,\u00a0 para quem est\u00e3o sendo enviados e como est\u00e3o sendo empregados\u201d, destacou Jos\u00e9 Henrique, Superintendente do Terceiro Setor da Sead.\u00a0<\/span><\/p>\n<div id=\"gallery-1\" class=\"gallery galleryid-507684 gallery-columns-3 gallery-size-medium\">\n<figure class=\"gallery-item\">\n<div class=\"gallery-icon portrait\"><\/div><figcaption class=\"wp-caption-text gallery-caption\" id=\"gallery-1-507686\">\n\t\t\t\tSimone da Cruz (Sa\u00fade)<br \/>\n\t\t\t\t<\/figcaption><\/figure>\n<figure class=\"gallery-item\">\n<div class=\"gallery-icon portrait\"><\/div><figcaption class=\"wp-caption-text gallery-caption\" id=\"gallery-1-507688\">\n\t\t\t\tJos\u00e9 Henrique (SEAD)<br \/>\n\t\t\t\t<\/figcaption><\/figure>\n<figure class=\"gallery-item\">\n<div class=\"gallery-icon portrait\"><\/div><figcaption class=\"wp-caption-text gallery-caption\" id=\"gallery-1-507690\">\n\t\t\t\tJos\u00e9 Perassoli (SED)<br \/>\n\t\t\t\t<\/figcaption><\/figure>\n<\/p><\/div>\n<p><span style=\"font-weight: 400;\">A capacita\u00e7\u00e3o para a elabora\u00e7\u00e3o do Plano de Trabalho aconteceu nesta ter\u00e7a-feira (08), na Assembleia Legislativa e foi promovida pela Superintend\u00eancia das Emendas Parlamentares da Casa Civil. O evento foi online e mais de 400 pessoas, entre munic\u00edpios e gestores das Organiza\u00e7\u00f5es da Sociedade Civil, participaram da forma\u00e7\u00e3o da nova ferramenta.<\/span><\/p>\n<p><span style=\"font-weight: 400;\">\u201cEntendo que as a\u00e7\u00f5es de hoje e v\u00e3o permear o futuro, formando um trip\u00e9 que dar\u00e1 cada vez mais efici\u00eancia e transpar\u00eancia aos recursos das emendas parlamentares, contando a presen\u00e7a dos Poder Executivo, Legislativos e dos executores das emendas\u201d, frisou o secret\u00e1rio Eduardo Rocha, chefe da Casa Civil.<br \/><span style=\"color: #0000ff;\"><strong>Acesse aqui a apresenta\u00e7\u00e3o<\/strong><\/span><\/span><\/p>\n<p><em>Beatricce Bruno, Comunica\u00e7\u00e3o Casa Civil<\/em><br \/><em>Fotos: Max Arantes<\/em><\/p>\n<\/div>\n","protected":false},"excerpt":{"rendered":"<p>Transpar\u00eancia, efici\u00eancia no emprego dos recursos p\u00fablicos e garantia de entregas para os sul-mato-grossenses, esses s\u00e3o os avan\u00e7os que o Transfere MS\/Siafic deve apresentar no processamento das Emendas Parlamentares Estaduais. Outro fator positivo, segundo os gestores das secretarias do Governo do Estado, \u00e9 a celeridade no processo, que vai assegurar que os recursos destinados pelos [&hellip;]<\/p>\n","protected":false},"author":1,"featured_media":0,"comment_status":"","ping_status":"","sticky":false,"template":"","format":"standard","meta":{"footnotes":""},"categories":[],"tags":[],"class_list":["post-35359","post","type-post","status-publish","format-standard","hentry"],"amp_enabled":true,"_links":{"self":[{"href":"https:\/\/novasdodia.com.br\/index.php\/wp-json\/wp\/v2\/posts\/35359","targetHints":{"allow":["GET"]}}],"collection":[{"href":"https:\/\/novasdodia.com.br\/index.php\/wp-json\/wp\/v2\/posts"}],"about":[{"href":"https:\/\/novasdodia.com.br\/index.php\/wp-json\/wp\/v2\/types\/post"}],"author":[{"embeddable":true,"href":"https:\/\/novasdodia.com.br\/index.php\/wp-json\/wp\/v2\/users\/1"}],"replies":[{"embeddable":true,"href":"https:\/\/novasdodia.com.br\/index.php\/wp-json\/wp\/v2\/comments?post=35359"}],"version-history":[{"count":0,"href":"https:\/\/novasdodia.com.br\/index.php\/wp-json\/wp\/v2\/posts\/35359\/revisions"}],"wp:attachment":[{"href":"https:\/\/novasdodia.com.br\/index.php\/wp-json\/wp\/v2\/media?parent=35359"}],"wp:term":[{"taxonomy":"category","embeddable":true,"href":"https:\/\/novasdodia.com.br\/index.php\/wp-json\/wp\/v2\/categories?post=35359"},{"taxonomy":"post_tag","embeddable":true,"href":"https:\/\/novasdodia.com.br\/index.php\/wp-json\/wp\/v2\/tags?post=35359"}],"curies":[{"name":"wp","href":"https:\/\/api.w.org\/{rel}","templated":true}]}}