{"id":35476,"date":"2025-04-10T19:35:21","date_gmt":"2025-04-10T22:35:21","guid":{"rendered":"https:\/\/novasdodia.com.br\/index.php\/2025\/04\/10\/projeto-forca-tarefa-leva-atendimento-odontologico-humanizado-as-escolas-de-guaratingueta-prefeitura-estancia-turistica-guaratingueta\/"},"modified":"2025-04-10T19:35:21","modified_gmt":"2025-04-10T22:35:21","slug":"projeto-forca-tarefa-leva-atendimento-odontologico-humanizado-as-escolas-de-guaratingueta-prefeitura-estancia-turistica-guaratingueta","status":"publish","type":"post","link":"https:\/\/novasdodia.com.br\/index.php\/2025\/04\/10\/projeto-forca-tarefa-leva-atendimento-odontologico-humanizado-as-escolas-de-guaratingueta-prefeitura-estancia-turistica-guaratingueta\/","title":{"rendered":"Projeto For\u00e7a Tarefa leva atendimento odontol\u00f3gico humanizado \u00e0s escolas de Guaratinguet\u00e1 \u2013 Prefeitura Est\u00e2ncia Tur\u00edstica Guaratinguet\u00e1"},"content":{"rendered":"<p><\/p>\n<div>\n<p>Nesta ter\u00e7a-feira, a Escola Municipal Jos\u00e9 Figueiredo recebeu mais uma edi\u00e7\u00e3o do projeto For\u00e7a Tarefa, uma iniciativa voltada \u00e0 promo\u00e7\u00e3o da sa\u00fade bucal entre os alunos da rede municipal de ensino. A a\u00e7\u00e3o, promovida pelo Minist\u00e9rio da Sa\u00fade com apoio da Prefeitura de Guaratinguet\u00e1, por meio da Secretaria da Sa\u00fade, tem como objetivo ampliar o acesso a atendimentos odontol\u00f3gicos diretamente nas escolas.<\/p>\n<p>Coordenado pela Dra. Marlene, o projeto conta com uma equipe composta por dentistas, auxiliares de sa\u00fade bucal (ASBs) e com a parceria da Faculdade Serra Dourada. A proposta \u00e9 realizar tratamentos minimamente invasivos, sem dor, oferecendo \u00e0s crian\u00e7as um atendimento humanizado e de qualidade.<\/p>\n<p>O munic\u00edpio de Guaratinguet\u00e1 j\u00e1 atendeu oito escolas por meio do projeto, sendo uma das cidades pioneiras na implanta\u00e7\u00e3o da iniciativa no estado de S\u00e3o Paulo. A experi\u00eancia positiva e o engajamento das escolas, professores e respons\u00e1veis t\u00eam contribu\u00eddo para o sucesso da a\u00e7\u00e3o, que j\u00e1 est\u00e1 se expandindo para outras regi\u00f5es do pa\u00eds.<\/p>\n<p>Durante a edi\u00e7\u00e3o realizada na Escola Jos\u00e9 Figueiredo, um dos destaques foi o atendimento de uma crian\u00e7a com Transtorno do Espectro Autista (TEA). Segundo informa\u00e7\u00f5es da equipe, o aluno nunca havia conseguido ser atendido em cl\u00ednicas particulares, mas foi acolhido com sucesso pela equipe do projeto. O caso refor\u00e7a o impacto positivo da iniciativa, principalmente em rela\u00e7\u00e3o \u00e0 inclus\u00e3o e ao cuidado com crian\u00e7as que demandam aten\u00e7\u00e3o especial.<\/p>\n<p>Com essa a\u00e7\u00e3o, Guaratinguet\u00e1 reafirma seu compromisso com a sa\u00fade e o bem-estar dos alunos, promovendo o acesso a servi\u00e7os p\u00fablicos de qualidade diretamente no ambiente escolar.<\/p>\n<\/p><\/div>\n","protected":false},"excerpt":{"rendered":"<p>Nesta ter\u00e7a-feira, a Escola Municipal Jos\u00e9 Figueiredo recebeu mais uma edi\u00e7\u00e3o do projeto For\u00e7a Tarefa, uma iniciativa voltada \u00e0 promo\u00e7\u00e3o da sa\u00fade bucal entre os alunos da rede municipal de ensino. A a\u00e7\u00e3o, promovida pelo Minist\u00e9rio da Sa\u00fade com apoio da Prefeitura de Guaratinguet\u00e1, por meio da Secretaria da Sa\u00fade, tem como objetivo ampliar o [&hellip;]<\/p>\n","protected":false},"author":1,"featured_media":0,"comment_status":"","ping_status":"","sticky":false,"template":"","format":"standard","meta":{"footnotes":""},"categories":[1],"tags":[],"class_list":["post-35476","post","type-post","status-publish","format-standard","hentry","category-noticias"],"amp_enabled":true,"_links":{"self":[{"href":"https:\/\/novasdodia.com.br\/index.php\/wp-json\/wp\/v2\/posts\/35476","targetHints":{"allow":["GET"]}}],"collection":[{"href":"https:\/\/novasdodia.com.br\/index.php\/wp-json\/wp\/v2\/posts"}],"about":[{"href":"https:\/\/novasdodia.com.br\/index.php\/wp-json\/wp\/v2\/types\/post"}],"author":[{"embeddable":true,"href":"https:\/\/novasdodia.com.br\/index.php\/wp-json\/wp\/v2\/users\/1"}],"replies":[{"embeddable":true,"href":"https:\/\/novasdodia.com.br\/index.php\/wp-json\/wp\/v2\/comments?post=35476"}],"version-history":[{"count":0,"href":"https:\/\/novasdodia.com.br\/index.php\/wp-json\/wp\/v2\/posts\/35476\/revisions"}],"wp:attachment":[{"href":"https:\/\/novasdodia.com.br\/index.php\/wp-json\/wp\/v2\/media?parent=35476"}],"wp:term":[{"taxonomy":"category","embeddable":true,"href":"https:\/\/novasdodia.com.br\/index.php\/wp-json\/wp\/v2\/categories?post=35476"},{"taxonomy":"post_tag","embeddable":true,"href":"https:\/\/novasdodia.com.br\/index.php\/wp-json\/wp\/v2\/tags?post=35476"}],"curies":[{"name":"wp","href":"https:\/\/api.w.org\/{rel}","templated":true}]}}