{"id":35524,"date":"2025-04-11T17:17:22","date_gmt":"2025-04-11T20:17:22","guid":{"rendered":"https:\/\/novasdodia.com.br\/index.php\/2025\/04\/11\/especializacao-em-ensino-de-linguas-e-literatura-inscricoes-abertas-ifsp\/"},"modified":"2025-04-11T17:17:22","modified_gmt":"2025-04-11T20:17:22","slug":"especializacao-em-ensino-de-linguas-e-literatura-inscricoes-abertas-ifsp","status":"publish","type":"post","link":"https:\/\/novasdodia.com.br\/index.php\/2025\/04\/11\/especializacao-em-ensino-de-linguas-e-literatura-inscricoes-abertas-ifsp\/","title":{"rendered":"Especializa\u00e7\u00e3o em Ensino de L\u00ednguas e Literatura: inscri\u00e7\u00f5es abertas &#8211; IFSP"},"content":{"rendered":"<p><\/p>\n<div>\n<div class=\"subtitle\">\n<p>Curso gratuito ofertado a dist\u00e2ncia pelo Campus Hortol\u00e2ndia do IFSP recebe inscri\u00e7\u00f5es at\u00e9 7 de maio<\/p>\n<\/div>\n<p><!-- fim .content-header-options-1 --><\/p>\n<p>Est\u00e3o abertas as inscri\u00e7\u00f5es para o Processo Seletivo\u00a0do Curso de Especializa\u00e7\u00e3o em Ensino de L\u00ednguas e Literaturas do Campus Hortol\u00e2ndia do IFSP.\u00a0\u00a0<\/p>\n<p>S\u00e3o ofertadas 30 vagas para o curso, com ingresso no 2\u00ba semestre letivo de 2025,\u00a0com in\u00edcio\u00a0a partir de 28 de julho.<\/p>\n<p>Poder\u00e3o candidatar-se os graduados em Letras ou em \u00e1reas afins (Lingu\u00edstica, Lingu\u00edstica Aplicada, Estudos Liter\u00e1rios) ou Pedagogia. Al\u00e9m disso, poder\u00e3o candidatar-se os portadores de diploma<br \/>de gradua\u00e7\u00e3o em qualquer \u00e1rea do conhecimento, desde que comprovem v\u00ednculo atual como docentes de l\u00ednguas.<\/p>\n<p>O curso \u00e9 gratuito e ser\u00e1 oferecido na modalidade a dist\u00e2ncia. No primeiro semestre do curso, as\u00a0aulas s\u00edncronas ocorrer\u00e3o \u00e0s ter\u00e7as-feiras e quartas-feiras, entre 19h e 22h35.<\/p>\n<p>Link para inscri\u00e7\u00f5es:\u00a0https:\/\/forms.gle\/<wbr\/>zHSqqGQgptfAvyUcA<\/p>\n<p>Confira as informa\u00e7\u00f5es completas no edital:\u00a0https:\/\/hto.ifsp.edu.<wbr\/>br\/cloud\/s\/x8bJT85x9kmfCGY<\/p>\n<p>Acompanhe o andamento do processo seletivo no site do Campus Hortol\u00e2ndia<\/p>\n<p><strong>Cronograma<\/strong><br \/>Inscri\u00e7\u00f5es: 08\/04 a 07\/05\/25<br \/>Realiza\u00e7\u00e3o p\u00fablica do sorteio: 23\/05\/25 \u00e0s 14 horas<br \/>Divulga\u00e7\u00e3o da classifica\u00e7\u00e3o preliminar e do deferimento da\u00a0inscri\u00e7\u00e3o dos candidatos sorteados: 09\/06\/25<br \/>Apresenta\u00e7\u00e3o de recursos sobre a classifica\u00e7\u00e3o preliminar e as\u00a0inscri\u00e7\u00f5es indeferidas:\u00a010 e 11\/06\/25<br \/>Resultado da an\u00e1lise dos recursos sobre as inscri\u00e7\u00f5es\u00a0indeferidas:\u00a013\/06\/<wbr\/>25<br \/>Resultado preliminar:\u00a013\/06\/25<br \/>Apresenta\u00e7\u00e3o de recurso resultado preliminar: 13 e 14\/06\/25<br \/>Resultado da an\u00e1lise dos recursos sobre o resultado preliminar: 16\/06\/25<br \/>Resultado final e Primeira chamada: 16\/06\/25<br \/>Per\u00edodo de matr\u00edcula (1\u00aa chamada): de 19 a 25\/06\/25<br \/>2\u00aa chamada (se houver): 30\/06\/25<br \/>Per\u00edodo de Matr\u00edcula (2\u00aa chamada): 02 a 08\/07\/25<br \/>In\u00edcio das aulas: 28\/07\/25<\/p>\n<p>\u00a0<\/p>\n<p>\u00a0<\/p>\n<\/div>\n","protected":false},"excerpt":{"rendered":"<p>Curso gratuito ofertado a dist\u00e2ncia pelo Campus Hortol\u00e2ndia do IFSP recebe inscri\u00e7\u00f5es at\u00e9 7 de maio Est\u00e3o abertas as inscri\u00e7\u00f5es para o Processo Seletivo\u00a0do Curso de Especializa\u00e7\u00e3o em Ensino de L\u00ednguas e Literaturas do Campus Hortol\u00e2ndia do IFSP.\u00a0\u00a0 S\u00e3o ofertadas 30 vagas para o curso, com ingresso no 2\u00ba semestre letivo de 2025,\u00a0com in\u00edcio\u00a0a partir [&hellip;]<\/p>\n","protected":false},"author":1,"featured_media":0,"comment_status":"","ping_status":"","sticky":false,"template":"","format":"standard","meta":{"footnotes":""},"categories":[1],"tags":[],"class_list":["post-35524","post","type-post","status-publish","format-standard","hentry","category-noticias"],"amp_enabled":true,"_links":{"self":[{"href":"https:\/\/novasdodia.com.br\/index.php\/wp-json\/wp\/v2\/posts\/35524","targetHints":{"allow":["GET"]}}],"collection":[{"href":"https:\/\/novasdodia.com.br\/index.php\/wp-json\/wp\/v2\/posts"}],"about":[{"href":"https:\/\/novasdodia.com.br\/index.php\/wp-json\/wp\/v2\/types\/post"}],"author":[{"embeddable":true,"href":"https:\/\/novasdodia.com.br\/index.php\/wp-json\/wp\/v2\/users\/1"}],"replies":[{"embeddable":true,"href":"https:\/\/novasdodia.com.br\/index.php\/wp-json\/wp\/v2\/comments?post=35524"}],"version-history":[{"count":0,"href":"https:\/\/novasdodia.com.br\/index.php\/wp-json\/wp\/v2\/posts\/35524\/revisions"}],"wp:attachment":[{"href":"https:\/\/novasdodia.com.br\/index.php\/wp-json\/wp\/v2\/media?parent=35524"}],"wp:term":[{"taxonomy":"category","embeddable":true,"href":"https:\/\/novasdodia.com.br\/index.php\/wp-json\/wp\/v2\/categories?post=35524"},{"taxonomy":"post_tag","embeddable":true,"href":"https:\/\/novasdodia.com.br\/index.php\/wp-json\/wp\/v2\/tags?post=35524"}],"curies":[{"name":"wp","href":"https:\/\/api.w.org\/{rel}","templated":true}]}}