{"id":35587,"date":"2025-04-13T02:55:21","date_gmt":"2025-04-13T05:55:21","guid":{"rendered":"https:\/\/novasdodia.com.br\/index.php\/2025\/04\/13\/dia-d-de-vacinacao-em-joao-pessoa-tem-parcial-de-quase-5-mil-doses-aplicadas\/"},"modified":"2025-04-13T02:55:21","modified_gmt":"2025-04-13T05:55:21","slug":"dia-d-de-vacinacao-em-joao-pessoa-tem-parcial-de-quase-5-mil-doses-aplicadas","status":"publish","type":"post","link":"https:\/\/novasdodia.com.br\/index.php\/2025\/04\/13\/dia-d-de-vacinacao-em-joao-pessoa-tem-parcial-de-quase-5-mil-doses-aplicadas\/","title":{"rendered":"\u2018Dia D\u2019 de vacina\u00e7\u00e3o em Jo\u00e3o Pessoa tem parcial de quase 5 mil doses aplicadas"},"content":{"rendered":"<p><\/p>\n<div>\n<p>A popula\u00e7\u00e3o de Jo\u00e3o Pessoa foi convocada e respondeu positivamente ao chamado para atualizar a caderneta e o cart\u00e3o de vacina neste s\u00e1bado (12), \u2018Dia D\u2019 de vacina\u00e7\u00e3o. Unidades de Sa\u00fade da Fam\u00edlia (USFs), policl\u00ednicas municipais, Centro Municipal de Imuniza\u00e7\u00e3o e pontos m\u00f3veis espalhados pela cidade funcionaram para atender o p\u00fablico.<\/p>\n<figure class=\"wp-block-gallery has-nested-images columns-default is-cropped wp-block-gallery-1 is-layout-flex wp-block-gallery-is-layout-flex\">\n<figure class=\"wp-block-image size-large\"><\/figure>\n<figure class=\"wp-block-image size-large\"><\/figure>\n<\/figure>\n<p>Segundo dados da Secretaria Municipal de Sa\u00fade (SMS), nos cinco Distritos Sanit\u00e1rios e nas Policl\u00ednicas das Praias, Mandacaru, Cristo, Mangabeira e Jaguaribe, que atenderam das 8h \u00e0s 12h, foram aplicadas 4.907 doses de vacinas, o que mostra um esfor\u00e7o cont\u00ednuo da sa\u00fade p\u00fablica em proteger e garantir o bem-estar da popula\u00e7\u00e3o.<\/p>\n<p>A mobiliza\u00e7\u00e3o, realizada em parceria com o Governo do Estado da Para\u00edba, visou aumentar a cobertura vacinal para grupos priorit\u00e1rios. O objetivo foi proteger contra Influenza, HPV e dengue, alcan\u00e7ando p\u00fablicos espec\u00edficos como crian\u00e7as, adolescentes e jovens.<\/p>\n<figure class=\"wp-block-gallery has-nested-images columns-default is-cropped wp-block-gallery-2 is-layout-flex wp-block-gallery-is-layout-flex\">\n<figure class=\"wp-block-image size-large\"><\/figure>\n<figure class=\"wp-block-image size-large\"><\/figure>\n<figure class=\"wp-block-image size-large\"><\/figure>\n<figure class=\"wp-block-image size-large\"><\/figure>\n<figure class=\"wp-block-image size-large\"><\/figure>\n<\/figure>\n<p><strong>Popula\u00e7\u00e3o protegida<\/strong> \u2013 O banc\u00e1rio Feliciano Marques levou a m\u00e3e, dona Maria da Gl\u00f3ria, de 89 anos, ao Home Center Ferreira Costa, um dos pontos de vacina\u00e7\u00e3o. L\u00e1, ela foi imunizada contra Influenza e renovou a vacina contra a Covid-19. Feliciano resumiu o sentimento do dia: \u201cEsse \u00e9 um dia muito importante, n\u00e3o s\u00f3 como filho, mas tamb\u00e9m como ser humano. Espero poder traz\u00ea-la em diversas outras campanhas pelo bem dela\u201d.<\/p>\n<p>F\u00e1tima de Lourdes, de 70 anos, e Santino Gomes, de 74 anos, casados h\u00e1 48 anos, s\u00e3o exemplos de amor e preven\u00e7\u00e3o. Sempre mantiveram as cadernetas de vacina\u00e7\u00e3o atualizadas e compartilham essa pr\u00e1tica com os familiares. \u201cLevamos esse exemplo a todos os nossos familiares\u201d, disse F\u00e1tima, que destacou tamb\u00e9m a import\u00e2ncia da vacina\u00e7\u00e3o para a sa\u00fade e o bem-estar de todos. \u201cEspalho pelos quatro cantos a felicidade e a seguran\u00e7a de estar imunizada\u201d, completou.<\/p>\n<figure class=\"wp-block-gallery has-nested-images columns-default is-cropped wp-block-gallery-3 is-layout-flex wp-block-gallery-is-layout-flex\">\n<figure class=\"wp-block-image size-large\"><\/figure>\n<figure class=\"wp-block-image size-large\"><\/figure>\n<\/figure>\n<p>A advogada Talita Soares, gr\u00e1vida de 8 meses, tamb\u00e9m atendeu ao chamado e aproveitou o \u2018Dia D\u2019 de vacina\u00e7\u00e3o para se proteger. J\u00e1 a banc\u00e1ria Ana Barros e o esposo, Tib\u00e9rio Amorim, levaram o pequeno Miguel, de 3 anos, para ser imunizado na Policl\u00ednica Municipal de Mandacaru. Miguel recebeu a vacina contra a Influenza e a dose de refor\u00e7o de vitamina A. Ele tomou a segunda dose nos bra\u00e7os do pai e saiu sorridente, comentando: \u201ctomei igual ao meu gagau [mingau]\u201d, mostrando alegria.<\/p>\n<p>Ana Barros, a m\u00e3e, expressou a expectativa de tamb\u00e9m receber a dose contra a Influenza. \u201cVamos esperar que o p\u00fablico geral possa ter acesso e eu, minha filha Mariana de seis anos e meu marido possamos tomar o quanto antes\u201d, finalizou.<\/p>\n<\/p><\/div>\n","protected":false},"excerpt":{"rendered":"<p>A popula\u00e7\u00e3o de Jo\u00e3o Pessoa foi convocada e respondeu positivamente ao chamado para atualizar a caderneta e o cart\u00e3o de vacina neste s\u00e1bado (12), \u2018Dia D\u2019 de vacina\u00e7\u00e3o. Unidades de Sa\u00fade da Fam\u00edlia (USFs), policl\u00ednicas municipais, Centro Municipal de Imuniza\u00e7\u00e3o e pontos m\u00f3veis espalhados pela cidade funcionaram para atender o p\u00fablico. Segundo dados da Secretaria [&hellip;]<\/p>\n","protected":false},"author":1,"featured_media":0,"comment_status":"","ping_status":"","sticky":false,"template":"","format":"standard","meta":{"footnotes":""},"categories":[1],"tags":[],"class_list":["post-35587","post","type-post","status-publish","format-standard","hentry","category-noticias"],"amp_enabled":true,"_links":{"self":[{"href":"https:\/\/novasdodia.com.br\/index.php\/wp-json\/wp\/v2\/posts\/35587","targetHints":{"allow":["GET"]}}],"collection":[{"href":"https:\/\/novasdodia.com.br\/index.php\/wp-json\/wp\/v2\/posts"}],"about":[{"href":"https:\/\/novasdodia.com.br\/index.php\/wp-json\/wp\/v2\/types\/post"}],"author":[{"embeddable":true,"href":"https:\/\/novasdodia.com.br\/index.php\/wp-json\/wp\/v2\/users\/1"}],"replies":[{"embeddable":true,"href":"https:\/\/novasdodia.com.br\/index.php\/wp-json\/wp\/v2\/comments?post=35587"}],"version-history":[{"count":0,"href":"https:\/\/novasdodia.com.br\/index.php\/wp-json\/wp\/v2\/posts\/35587\/revisions"}],"wp:attachment":[{"href":"https:\/\/novasdodia.com.br\/index.php\/wp-json\/wp\/v2\/media?parent=35587"}],"wp:term":[{"taxonomy":"category","embeddable":true,"href":"https:\/\/novasdodia.com.br\/index.php\/wp-json\/wp\/v2\/categories?post=35587"},{"taxonomy":"post_tag","embeddable":true,"href":"https:\/\/novasdodia.com.br\/index.php\/wp-json\/wp\/v2\/tags?post=35587"}],"curies":[{"name":"wp","href":"https:\/\/api.w.org\/{rel}","templated":true}]}}