{"id":35682,"date":"2025-04-15T10:13:26","date_gmt":"2025-04-15T13:13:26","guid":{"rendered":"https:\/\/novasdodia.com.br\/index.php\/2025\/04\/15\/cicero-lucena-entrega-usf-integrada-funcionarios-i-e-projeta-a-melhoria-de-toda-rede-de-atencao-basica\/"},"modified":"2025-04-15T10:13:26","modified_gmt":"2025-04-15T13:13:26","slug":"cicero-lucena-entrega-usf-integrada-funcionarios-i-e-projeta-a-melhoria-de-toda-rede-de-atencao-basica","status":"publish","type":"post","link":"https:\/\/novasdodia.com.br\/index.php\/2025\/04\/15\/cicero-lucena-entrega-usf-integrada-funcionarios-i-e-projeta-a-melhoria-de-toda-rede-de-atencao-basica\/","title":{"rendered":"C\u00edcero Lucena entrega USF Integrada Funcion\u00e1rios I e projeta a melhoria de toda rede de Aten\u00e7\u00e3o B\u00e1sica"},"content":{"rendered":"<p><\/p>\n<div>\n<p>O prefeito C\u00edcero Lucena entregou, na manh\u00e3 desta ter\u00e7a-feira (15), a requalifica\u00e7\u00e3o da Unidade de Sa\u00fade da Fam\u00edlia (USF) Integrada Funcion\u00e1rios I, que ganhou uma sala fria, melhorias nos consult\u00f3rios odontol\u00f3gicos e de atendimento m\u00e9dico, al\u00e9m da climatiza\u00e7\u00e3o de todos os ambientes. Durante a solenidade, o gestor da Capital, acompanhado do vice-prefeito Leo Bezerra, destacou que j\u00e1 s\u00e3o 75 equipamentos de sa\u00fade reformados desde 2021 e o objetivo \u00e9 que esse cuidado chegue a toda a rede de Aten\u00e7\u00e3o B\u00e1sica.<\/p>\n<figure class=\"wp-block-gallery has-nested-images columns-default is-cropped wp-block-gallery-1 is-layout-flex wp-block-gallery-is-layout-flex\">\n<figure class=\"wp-block-image size-large\"><\/figure>\n<figure class=\"wp-block-image size-large\"><\/figure>\n<figure class=\"wp-block-image size-large\"><\/figure>\n<figure class=\"wp-block-image size-large\"><\/figure>\n<\/figure>\n<p>\u201cAqui, nos Funcion\u00e1rios, estamos entregando uma unidade com tr\u00eas equipes de sa\u00fade completas, com tr\u00eas consult\u00f3rios odontol\u00f3gicos, um m\u00e9dico, uma enfermeira, com farm\u00e1cia, com medicamentos, com sala de vacina \u2014 tudo em favor da preven\u00e7\u00e3o e do cuidado. Fora esse pr\u00e9dio, n\u00f3s j\u00e1 estamos com projetos de reforma em andamento \u2014 muitos j\u00e1 em execu\u00e7\u00e3o \u2014 al\u00e9m das novas unidades, at\u00e9 que toda a rede de sa\u00fade de Jo\u00e3o Pessoa esteja totalmente requalificada, com conforto, equipamentos novos e o atendimento de qualidade dos nossos profissionais\u201d, projetou o prefeito.<\/p>\n<figure class=\"wp-block-gallery has-nested-images columns-default is-cropped wp-block-gallery-2 is-layout-flex wp-block-gallery-is-layout-flex\">\n<figure class=\"wp-block-image size-large\"><\/figure>\n<figure class=\"wp-block-image size-large\"><\/figure>\n<\/figure>\n<p><strong>Cuidado e novas unidades <\/strong>\u2013 O secret\u00e1rio municipal de Sa\u00fade, Luis Ferreira, assegurou que a Prefeitura tamb\u00e9m vai entregar, at\u00e9 o final deste primeiro semestre, outras cinco USFs constru\u00eddas do zero, das dez iniciadas pela gest\u00e3o municipal h\u00e1 dois anos. Cinco j\u00e1 foram inauguradas. \u201cLevando mais do que melhoria no espa\u00e7o f\u00edsico e em equipamentos, mas no acolhimento dos usu\u00e1rios. Uma coisa que os prefeitos C\u00edcero e Leo tamb\u00e9m destacam \u00e9 que n\u00e3o adianta nada termos uma estrutura adequada se n\u00e3o houver empatia, se n\u00e3o houver acolhimento. Ent\u00e3o, esta unidade aqui, assim como todas as outras, precisa ser marcada como um lugar seguro para a popula\u00e7\u00e3o, um lugar em que as pessoas procuram e sabem que ser\u00e3o bem acolhidas\u201d, afirmou.<\/p>\n<figure class=\"wp-block-gallery has-nested-images columns-default is-cropped wp-block-gallery-3 is-layout-flex wp-block-gallery-is-layout-flex\">\n<figure class=\"wp-block-image size-large\"><\/figure>\n<figure class=\"wp-block-image size-large\"><\/figure>\n<figure class=\"wp-block-image size-large\"><\/figure>\n<\/figure>\n<p><strong>Investimento<\/strong> \u2013 Presente na solenidade, o deputado federal Mersinho Lucena exaltou os n\u00fameros da sa\u00fade em Jo\u00e3o Pessoa, destacando o or\u00e7amento destinado \u00e0 constru\u00e7\u00e3o, reforma, melhoria de servi\u00e7os e aquisi\u00e7\u00e3o de materiais e equipamentos modernos, com uso de tecnologia. \u201cN\u00fameros s\u00e3o importantes, por isso quero dizer que esta Prefeitura \u00e9 a que mais investiu na hist\u00f3ria na \u00e1rea da sa\u00fade. O or\u00e7amento deste ano nunca esteve t\u00e3o alto \u2014 cerca de R$ 1,7 bilh\u00e3o \u2014 que ser\u00e3o investidos apenas na sa\u00fade de Jo\u00e3o Pessoa\u201d, disse o deputado.<\/p>\n<p><strong>Servi\u00e7os<\/strong> \u2013 S\u00e3o tr\u00eas equipes de Sa\u00fade da Fam\u00edlia, que atendem os moradores dos bairros Funcion\u00e1rios I (1\u00aa etapa), Funcion\u00e1rios II (2\u00aa etapa) e Jardim Gua\u00edba. S\u00e3o ofertados servi\u00e7os como vacina\u00e7\u00e3o, curativos, dispensa\u00e7\u00e3o de medicamentos, atendimentos odontol\u00f3gicos, de enfermagem e m\u00e9dicos. \u201cEssa sala fria era uma demanda antiga nossa, que vai garantir melhores condi\u00e7\u00f5es para o armazenamento dos insumos. Mais do que isso, estamos oferecendo melhores condi\u00e7\u00f5es de trabalho e atendimento para essa regi\u00e3o\u201d, afirmou a gerente da USF Funcion\u00e1rios I, Suellen Pacheco.<\/p>\n<figure class=\"wp-block-gallery has-nested-images columns-default is-cropped wp-block-gallery-4 is-layout-flex wp-block-gallery-is-layout-flex\">\n<figure class=\"wp-block-image size-large\"><\/figure>\n<figure class=\"wp-block-image size-large\"><\/figure>\n<figure class=\"wp-block-image size-large\"><\/figure>\n<figure class=\"wp-block-image size-large\"><\/figure>\n<\/figure>\n<p><strong>Reforma<\/strong> \u2013 A interven\u00e7\u00e3o contemplou as estruturas da recep\u00e7\u00e3o, consult\u00f3rios odontol\u00f3gicos, consult\u00f3rios m\u00e9dicos e de enfermagem, sala de vacina, al\u00e9m da instala\u00e7\u00e3o de uma c\u00e2mara fria, que antes n\u00e3o existia na unidade. Todas essas melhorias ser\u00e3o revertidas em um atendimento mais qualificado e maior conforto para os usu\u00e1rios da USF Funcion\u00e1rios I, como garante a aposentada Juvanilda Sobrinho.<\/p>\n<p>\u201cTudo muito bonito, limpo \u2014 para mim est\u00e1 \u00f3timo. O que antes era um calor muito grande, agora est\u00e1 tudo muito bom. Vim fazer uma consulta, ainda peguei encaminhamento para realizar exames e o atendimento foi bem r\u00e1pido e sem nenhum desconforto\u201d, afirmou a usu\u00e1ria.<\/p>\n<\/p><\/div>\n","protected":false},"excerpt":{"rendered":"<p>O prefeito C\u00edcero Lucena entregou, na manh\u00e3 desta ter\u00e7a-feira (15), a requalifica\u00e7\u00e3o da Unidade de Sa\u00fade da Fam\u00edlia (USF) Integrada Funcion\u00e1rios I, que ganhou uma sala fria, melhorias nos consult\u00f3rios odontol\u00f3gicos e de atendimento m\u00e9dico, al\u00e9m da climatiza\u00e7\u00e3o de todos os ambientes. Durante a solenidade, o gestor da Capital, acompanhado do vice-prefeito Leo Bezerra, destacou [&hellip;]<\/p>\n","protected":false},"author":1,"featured_media":0,"comment_status":"","ping_status":"","sticky":false,"template":"","format":"standard","meta":{"footnotes":""},"categories":[1],"tags":[],"class_list":["post-35682","post","type-post","status-publish","format-standard","hentry","category-noticias"],"amp_enabled":true,"_links":{"self":[{"href":"https:\/\/novasdodia.com.br\/index.php\/wp-json\/wp\/v2\/posts\/35682","targetHints":{"allow":["GET"]}}],"collection":[{"href":"https:\/\/novasdodia.com.br\/index.php\/wp-json\/wp\/v2\/posts"}],"about":[{"href":"https:\/\/novasdodia.com.br\/index.php\/wp-json\/wp\/v2\/types\/post"}],"author":[{"embeddable":true,"href":"https:\/\/novasdodia.com.br\/index.php\/wp-json\/wp\/v2\/users\/1"}],"replies":[{"embeddable":true,"href":"https:\/\/novasdodia.com.br\/index.php\/wp-json\/wp\/v2\/comments?post=35682"}],"version-history":[{"count":0,"href":"https:\/\/novasdodia.com.br\/index.php\/wp-json\/wp\/v2\/posts\/35682\/revisions"}],"wp:attachment":[{"href":"https:\/\/novasdodia.com.br\/index.php\/wp-json\/wp\/v2\/media?parent=35682"}],"wp:term":[{"taxonomy":"category","embeddable":true,"href":"https:\/\/novasdodia.com.br\/index.php\/wp-json\/wp\/v2\/categories?post=35682"},{"taxonomy":"post_tag","embeddable":true,"href":"https:\/\/novasdodia.com.br\/index.php\/wp-json\/wp\/v2\/tags?post=35682"}],"curies":[{"name":"wp","href":"https:\/\/api.w.org\/{rel}","templated":true}]}}