{"id":35721,"date":"2025-04-16T01:40:18","date_gmt":"2025-04-16T04:40:18","guid":{"rendered":"https:\/\/novasdodia.com.br\/index.php\/2025\/04\/16\/agencia-minas-gerais-instituto-mineiro-de-agropecuaria-certifica-primeira-propriedade-leiteira-no-sul-do-estado\/"},"modified":"2025-04-16T01:40:18","modified_gmt":"2025-04-16T04:40:18","slug":"agencia-minas-gerais-instituto-mineiro-de-agropecuaria-certifica-primeira-propriedade-leiteira-no-sul-do-estado","status":"publish","type":"post","link":"https:\/\/novasdodia.com.br\/index.php\/2025\/04\/16\/agencia-minas-gerais-instituto-mineiro-de-agropecuaria-certifica-primeira-propriedade-leiteira-no-sul-do-estado\/","title":{"rendered":"Ag\u00eancia Minas Gerais | Instituto Mineiro de Agropecu\u00e1ria certifica primeira propriedade leiteira no Sul do estado"},"content":{"rendered":"<p><\/p>\n<div>\n<section class=\"news-related \/ col-md-4 col-lg-3 \/ margin-md-bottom-2 margin-left-1 \/ pull-right \/ hidden-xs hidden-sm\">\n<header>\n<p class=\"text-title-section \/ margin-bottom-1\">Relacionadas<\/p>\n<\/header>\n<p>\t\t\t\t\t\t\t<main><\/p>\n<hr class=\"row margin-md-bottom-2\"\/>\n<hr class=\"row margin-md-bottom-2\"\/>\n\t\t\t\t\t\t\t<\/main><br \/>\n\t\t\t\t\t\t<\/section>\n<p>A Fazenda Soberana, em Bocaina de Minas, \u00e9 a primeira propriedade do Sul do estado a conquistar o Certifica Minas Leite, documento do Instituto Mineiro de Agropecu\u00e1ria (IMA) que garante padr\u00f5es rigorosos de produ\u00e7\u00e3o.<\/p>\n<p>A certifica\u00e7\u00e3o atesta que a fazenda possui boas pr\u00e1ticas agropecu\u00e1rias, manejo adequado do rebanho e excel\u00eancia na produ\u00e7\u00e3o, agregando valor ao leite, impulsionando a competitividade do setor e refor\u00e7ando a seguran\u00e7a alimentar do consumidor em Minas Gerais, maior bacia leiteira do Brasil.<\/p>\n<p>Em 2023, o estado produziu mais de 9,4 bilh\u00f5es de litros de leite, mantendo-se na lideran\u00e7a nacional do setor, segundo a Secretaria de Estado de\u00a0Agricultura, Pecu\u00e1ria e Abastecimento (Seapa).\u00a0<\/p>\n<p><strong>Colhendo frutos ap\u00f3s dedica\u00e7\u00e3o intensa<\/strong><\/p>\n<p>A conquista da certifica\u00e7\u00e3o de leite durou cerca de um ano e meio, com o IMA acompanhando de perto cada etapa. A equipe da Fazenda Soberana passou por uma jornada intensa, reestruturando a gest\u00e3o da propriedade e implementando melhorias para atender aos crit\u00e9rios exigidos pelo programa.\u202f<\/p>\n<p>A dedica\u00e7\u00e3o deu resultado e a propriedade atingiu 99,4% de conformidade, um \u00edndice excepcional que reflete o compromisso com a qualidade e a excel\u00eancia na produ\u00e7\u00e3o.<br \/>&#13;<br \/>\n\u00a0<\/p>\n<table align=\"center\" border=\"0\" cellpadding=\"1\" cellspacing=\"1\" style=\"width: 100%;\">&#13;<\/p>\n<tbody>&#13;<\/p>\n<tr>&#13;<\/p>\n<td colspan=\"5\" style=\"text-align: center; vertical-align: middle;\">&#13;<\/p>\n<p style=\"text-align:center\">\n<p>&#13;\n\t\t\t<\/td>\n<p>&#13;<br \/>\n\t\t<\/tr>\n<p>&#13;<\/p>\n<tr>&#13;<\/p>\n<td style=\"text-align: center; vertical-align: middle;\">\u00a0<\/td>\n<p>&#13;<\/p>\n<td colspan=\"3\" rowspan=\"3\" style=\"text-align: center; vertical-align: middle;\">&#13;<br \/>\n\t\t\t&#13;\n\t\t\t<\/td>\n<p>&#13;<\/p>\n<td style=\"text-align: center; vertical-align: middle;\">\u00a0<\/td>\n<p>&#13;<br \/>\n\t\t<\/tr>\n<p>&#13;<\/p>\n<tr>&#13;<\/p>\n<td style=\"text-align: center; vertical-align: middle;\">\u00a0<\/td>\n<p>&#13;<\/p>\n<td style=\"text-align: center; vertical-align: middle;\">\u00a0<\/td>\n<p>&#13;<br \/>\n\t\t<\/tr>\n<p>&#13;<\/p>\n<tr>&#13;<\/p>\n<td style=\"text-align: center; vertical-align: middle;\">\u00a0<\/td>\n<p>&#13;<\/p>\n<td style=\"text-align: center; vertical-align: middle;\">\u00a0<\/td>\n<p>&#13;<br \/>\n\t\t<\/tr>\n<p>&#13;<\/p>\n<tr>&#13;<\/p>\n<td colspan=\"5\" style=\"text-align: center; vertical-align: middle;\">&#13;<\/p>\n<p style=\"text-align:center\">\n<p>&#13;\n\t\t\t<\/td>\n<p>&#13;<br \/>\n\t\t<\/tr>\n<p>&#13;<br \/>\n\t<\/tbody>\n<p>&#13;<br \/>\n<\/table>\n<p>&#13;<br \/>\n<strong>\u00c9tica, competi\u00e7\u00e3o e seguran\u00e7a para os consumidores<\/strong><\/p>\n<p>Para obter o Certifica Minas Leite, a propriedade passa por auditorias detalhadas que analisam desde a nutri\u00e7\u00e3o e sanidade do rebanho at\u00e9 a rastreabilidade da produ\u00e7\u00e3o. O manejo animal \u00e9 um dos pontos avaliados, garantindo que as pr\u00e1ticas adotadas respeitem o bem-estar dos animais. A infraestrutura da fazenda, como as instala\u00e7\u00f5es de ordenha e armazenamento do leite, deve seguir padr\u00f5es rigorosos de higiene e seguran\u00e7a. Outro crit\u00e9rio \u00e9 o compromisso com a sustentabilidade e a responsabilidade social.\u00a0<\/p>\n<p>A certifica\u00e7\u00e3o exige que a fazenda adote pr\u00e1ticas agropecu\u00e1rias sustent\u00e1veis, com gest\u00e3o ambiental eficiente, garantindo o uso racional dos recursos naturais e a destina\u00e7\u00e3o correta dos res\u00edduos. Al\u00e9m disso, o programa refor\u00e7a o compromisso com o trabalho digno no campo, assegurando que n\u00e3o haja qualquer ind\u00edcio de trabalho an\u00e1logo \u00e0 escravid\u00e3o.<\/p>\n<p>Maur\u00edcio Pontes, coordenador do Certifica Minas Leite e auditor respons\u00e1vel pelo processo, lembra como se deu a certifica\u00e7\u00e3o. &#8220;Entraram em contato com o IMA sem conhecer os detalhes da certifica\u00e7\u00e3o e, durante mais de um ano, mantivemos um acompanhamento constante, com reuni\u00f5es, confer\u00eancias e suporte t\u00e9cnico\u201d.<\/p>\n<p>\u201cAos poucos, eles foram implementando todas as exig\u00eancias, desde a estrutura at\u00e9 a gest\u00e3o e a sustentabilidade. Foi um desafio, mas eles n\u00e3o desistiram e n\u00f3s tamb\u00e9m n\u00e3o&#8221;, afirma Pontes.\u00a0<\/p>\n<p>O programa n\u00e3o apenas eleva os padr\u00f5es da produ\u00e7\u00e3o leiteira, mas tamb\u00e9m contribui para um setor mais \u00e9tico, competitivo e seguro para produtores e consumidores.\u202f\u00a0<\/p>\n<p>\u201cRecomendo que outros produtores busquem essa certifica\u00e7\u00e3o, que valoriza o produto, melhora a gest\u00e3o da fazenda e d\u00e1 mais credibilidade no mercado. Sem d\u00favida, \u00e9 um investimento que faz a diferen\u00e7a\u201d, conclui o dono da Fazenda Soberana.<\/p>\n<\/p><\/div>\n","protected":false},"excerpt":{"rendered":"<p>Relacionadas A Fazenda Soberana, em Bocaina de Minas, \u00e9 a primeira propriedade do Sul do estado a conquistar o Certifica Minas Leite, documento do Instituto Mineiro de Agropecu\u00e1ria (IMA) que garante padr\u00f5es rigorosos de produ\u00e7\u00e3o. A certifica\u00e7\u00e3o atesta que a fazenda possui boas pr\u00e1ticas agropecu\u00e1rias, manejo adequado do rebanho e excel\u00eancia na produ\u00e7\u00e3o, agregando valor [&hellip;]<\/p>\n","protected":false},"author":1,"featured_media":0,"comment_status":"","ping_status":"","sticky":false,"template":"","format":"standard","meta":{"footnotes":""},"categories":[1],"tags":[],"class_list":["post-35721","post","type-post","status-publish","format-standard","hentry","category-noticias"],"amp_enabled":true,"_links":{"self":[{"href":"https:\/\/novasdodia.com.br\/index.php\/wp-json\/wp\/v2\/posts\/35721","targetHints":{"allow":["GET"]}}],"collection":[{"href":"https:\/\/novasdodia.com.br\/index.php\/wp-json\/wp\/v2\/posts"}],"about":[{"href":"https:\/\/novasdodia.com.br\/index.php\/wp-json\/wp\/v2\/types\/post"}],"author":[{"embeddable":true,"href":"https:\/\/novasdodia.com.br\/index.php\/wp-json\/wp\/v2\/users\/1"}],"replies":[{"embeddable":true,"href":"https:\/\/novasdodia.com.br\/index.php\/wp-json\/wp\/v2\/comments?post=35721"}],"version-history":[{"count":0,"href":"https:\/\/novasdodia.com.br\/index.php\/wp-json\/wp\/v2\/posts\/35721\/revisions"}],"wp:attachment":[{"href":"https:\/\/novasdodia.com.br\/index.php\/wp-json\/wp\/v2\/media?parent=35721"}],"wp:term":[{"taxonomy":"category","embeddable":true,"href":"https:\/\/novasdodia.com.br\/index.php\/wp-json\/wp\/v2\/categories?post=35721"},{"taxonomy":"post_tag","embeddable":true,"href":"https:\/\/novasdodia.com.br\/index.php\/wp-json\/wp\/v2\/tags?post=35721"}],"curies":[{"name":"wp","href":"https:\/\/api.w.org\/{rel}","templated":true}]}}