{"id":35743,"date":"2025-04-16T11:28:20","date_gmt":"2025-04-16T14:28:20","guid":{"rendered":"https:\/\/novasdodia.com.br\/index.php\/2025\/04\/16\/seis-estacoes-do-metro-terao-ponto-de-vacinacao-esta-semana-prefeitura-da-cidade-do-rio-de-janeiro\/"},"modified":"2025-04-16T11:28:20","modified_gmt":"2025-04-16T14:28:20","slug":"seis-estacoes-do-metro-terao-ponto-de-vacinacao-esta-semana-prefeitura-da-cidade-do-rio-de-janeiro","status":"publish","type":"post","link":"https:\/\/novasdodia.com.br\/index.php\/2025\/04\/16\/seis-estacoes-do-metro-terao-ponto-de-vacinacao-esta-semana-prefeitura-da-cidade-do-rio-de-janeiro\/","title":{"rendered":"Seis esta\u00e7\u00f5es do metr\u00f4 ter\u00e3o ponto de vacina\u00e7\u00e3o esta semana &#8211; Prefeitura da Cidade do Rio de Janeiro"},"content":{"rendered":"<p><\/p>\n<div>\n                     Os locais de imuniza\u00e7\u00e3o ser\u00e3o montados fora da \u00e1rea controlada, sem a necessidade de passar pelas catracas das esta\u00e7\u00f5es. Foto: Divulga\u00e7\u00e3o\/SMS                  <\/div>\n<p>Os usu\u00e1rios do metr\u00f4 poder\u00e3o embarcar rumo \u00e0 prote\u00e7\u00e3o contra a gripe e o sarampo. Nesta quarta e quinta-feira (dias 16 e 17\/04), das 8h30 \u00e0s 16h, a Secretaria Municipal de Sa\u00fade (SMS) do Rio de Janeiro, em parceria com o Metr\u00f4Rio, realizar\u00e1 uma a\u00e7\u00e3o especial de vacina\u00e7\u00e3o contra a influenza e o sarampo em seis esta\u00e7\u00f5es do sistema metrovi\u00e1rio. Os locais de imuniza\u00e7\u00e3o ser\u00e3o montados fora da \u00e1rea controlada, sem a necessidade de passar pelas catracas das esta\u00e7\u00f5es para tomar a vacina.<\/p>\n<div>\nA mobiliza\u00e7\u00e3o promovida pela SMS tem como objetivo ampliar o acesso \u00e0 vacina\u00e7\u00e3o e levar os imunizantes a locais de grande circula\u00e7\u00e3o de pessoas, al\u00e9m de proteger os cariocas contra as duas doen\u00e7as. A vacina\u00e7\u00e3o ser\u00e1 realizada quarta e quinta-feira nas esta\u00e7\u00f5es Botafogo, Carioca\/Centro, Col\u00e9gio, Jardim Oce\u00e2nico\/Barra da Tijuca e Triagem. Na quinta tamb\u00e9m a esta\u00e7\u00e3o Maracan\u00e3 contar\u00e1 com um ponto de imuniza\u00e7\u00e3o. As vacinas s\u00e3o aplicadas conforme a indica\u00e7\u00e3o para cada pessoa. Os interessados devem apresentar um documento de identifica\u00e7\u00e3o e, se poss\u00edvel, a caderneta de vacina\u00e7\u00e3o.<\/p>\n<p>Poder\u00e3o se vacinar contra a gripe pessoas com doen\u00e7as cr\u00f4nicas n\u00e3o transmiss\u00edveis e outras condi\u00e7\u00f5es cl\u00ednicas especiais, trabalhadores da Sa\u00fade, idosos com 60 anos ou mais, gestantes e pessoas que fa\u00e7am parte dos grupos priorit\u00e1rios (a lista est\u00e1 dispon\u00edvel no site da SMS, no link:\u00a0https:\/\/saude.prefeitura.rio\/vacinacao\/vacina-gripe\/).<\/p>\n<p>J\u00e1 a vacina\u00e7\u00e3o contra o sarampo visa imunizar a popula\u00e7\u00e3o adulta com foco em pessoas de 18 a 59 anos que n\u00e3o estejam imunizados, ou para os que fazem parte da faixa et\u00e1ria de at\u00e9 29 anos que tenham recebido apenas uma dose, de modo a completar seu esquema vacinal com a segunda dose.<\/p>\n<p>As vacinas contra o sarampo e contra a gripe est\u00e3o dispon\u00edveis tamb\u00e9m nas 240 salas de vacina\u00e7\u00e3o em unidades de sa\u00fade e no Super Centro Carioca de Vacina\u00e7\u00e3o, unidades Botafogo (funcionamento de domingo a domingo, das 8h \u00e0s 22h) e Campo Grande, que est\u00e1 localizado no ParkShoppingCampoGrande (funcionamento de domingo a domingo, de acordo com o hor\u00e1rio do centro comercial). Em caso de d\u00favidas, a pessoa pode buscar uma unidade de sa\u00fade para as devidas avalia\u00e7\u00f5es e orienta\u00e7\u00f5es.<\/p>\n<p>A parceria entre a SMS e o Metr\u00f4Rio nos \u00faltimos dois anos j\u00e1 resultou em mais de 20 mil doses aplicadas.<\/p>\n<p><b>SERVI\u00c7O:<br \/>Vacina\u00e7\u00e3o contra a gripe e o sarampo nas esta\u00e7\u00f5es do Metr\u00f4Rio<\/b><br \/><b>Data:<\/b>\u00a016 de abril<br \/><b>Hor\u00e1rio:<\/b>\u00a0das 8h30 \u00e0s 16h<br \/><b>Esta\u00e7\u00f5es:<\/b><br \/><b>\u2013 Botafogo:<\/b>\u00a0corredor principal, pr\u00f3ximo ao acesso A (S\u00e3o Clemente)<br \/><b>\u2013 Carioca\/Centro:\u00a0<\/b>no mezanino, pr\u00f3ximo \u00e0 academia Smart Fit<br \/><b>\u2013 Col\u00e9gio:<\/b>\u00a0no mezanino da esta\u00e7\u00e3o, pr\u00f3ximo ao acesso A (Estrada do Col\u00e9gio)<br \/><b>\u2013 Jardim Oce\u00e2nico\/Barra da Tijuca:<\/b>\u00a0no corredor do acesso B \u00a0(Mar)<br \/><b>\u2013 Triagem:<\/b>\u00a0no corredor principal, pr\u00f3ximo ao acesso A (Rede Ferrovi\u00e1ria)<\/p>\n<p><b>Data:<\/b>\u00a017 de abril<br \/><b>Hor\u00e1rio:<\/b>\u00a0das 8h30 \u00e0s 16h<br \/><b>\u2013 Esta\u00e7\u00f5es:<\/b><br \/><b>\u2013 Botafogo:\u00a0<\/b>no corredor principal, pr\u00f3ximo ao acesso A (S\u00e3o Clemente)<br \/><b>\u2013 Carioca\/Centro:<\/b>\u00a0no mezanino, pr\u00f3ximo \u00e0 academia Smart Fit)<br \/><b>\u2013 Col\u00e9gio:<\/b>\u00a0no mezanino da esta\u00e7\u00e3o, pr\u00f3ximo ao acesso A (Estrada do Col\u00e9gio)<br \/><b>\u2013 Jardim Oce\u00e2nico\/Barra da Tijuca:<\/b>\u00a0no corredor do acesso B (Mar)<br \/><b>\u2013 Maracan\u00e3:\u00a0<\/b>no mezanino pr\u00f3ximo ao acesso B (SuperVia)<br \/><b>\u2013 Triagem:<\/b>\u00a0no corredor principal, pr\u00f3ximo ao acesso A (Rede Ferrovi\u00e1ria)<\/p>\n<\/div>\n","protected":false},"excerpt":{"rendered":"<p>Os locais de imuniza\u00e7\u00e3o ser\u00e3o montados fora da \u00e1rea controlada, sem a necessidade de passar pelas catracas das esta\u00e7\u00f5es. Foto: Divulga\u00e7\u00e3o\/SMS Os usu\u00e1rios do metr\u00f4 poder\u00e3o embarcar rumo \u00e0 prote\u00e7\u00e3o contra a gripe e o sarampo. Nesta quarta e quinta-feira (dias 16 e 17\/04), das 8h30 \u00e0s 16h, a Secretaria Municipal de Sa\u00fade (SMS) do [&hellip;]<\/p>\n","protected":false},"author":1,"featured_media":0,"comment_status":"","ping_status":"","sticky":false,"template":"","format":"standard","meta":{"footnotes":""},"categories":[1],"tags":[],"class_list":["post-35743","post","type-post","status-publish","format-standard","hentry","category-noticias"],"amp_enabled":true,"_links":{"self":[{"href":"https:\/\/novasdodia.com.br\/index.php\/wp-json\/wp\/v2\/posts\/35743","targetHints":{"allow":["GET"]}}],"collection":[{"href":"https:\/\/novasdodia.com.br\/index.php\/wp-json\/wp\/v2\/posts"}],"about":[{"href":"https:\/\/novasdodia.com.br\/index.php\/wp-json\/wp\/v2\/types\/post"}],"author":[{"embeddable":true,"href":"https:\/\/novasdodia.com.br\/index.php\/wp-json\/wp\/v2\/users\/1"}],"replies":[{"embeddable":true,"href":"https:\/\/novasdodia.com.br\/index.php\/wp-json\/wp\/v2\/comments?post=35743"}],"version-history":[{"count":0,"href":"https:\/\/novasdodia.com.br\/index.php\/wp-json\/wp\/v2\/posts\/35743\/revisions"}],"wp:attachment":[{"href":"https:\/\/novasdodia.com.br\/index.php\/wp-json\/wp\/v2\/media?parent=35743"}],"wp:term":[{"taxonomy":"category","embeddable":true,"href":"https:\/\/novasdodia.com.br\/index.php\/wp-json\/wp\/v2\/categories?post=35743"},{"taxonomy":"post_tag","embeddable":true,"href":"https:\/\/novasdodia.com.br\/index.php\/wp-json\/wp\/v2\/tags?post=35743"}],"curies":[{"name":"wp","href":"https:\/\/api.w.org\/{rel}","templated":true}]}}