{"id":35797,"date":"2025-04-17T11:17:22","date_gmt":"2025-04-17T14:17:22","guid":{"rendered":"https:\/\/novasdodia.com.br\/index.php\/2025\/04\/17\/feriado-operacao-casa-limpa-e-antecipada-para-quinta-feira\/"},"modified":"2025-04-17T11:17:22","modified_gmt":"2025-04-17T14:17:22","slug":"feriado-operacao-casa-limpa-e-antecipada-para-quinta-feira","status":"publish","type":"post","link":"https:\/\/novasdodia.com.br\/index.php\/2025\/04\/17\/feriado-operacao-casa-limpa-e-antecipada-para-quinta-feira\/","title":{"rendered":"Feriado: Opera\u00e7\u00e3o Casa Limpa \u00e9 antecipada para quinta-feira"},"content":{"rendered":"<p><\/p>\n<div>\n<p><b>Lucas Brito<\/b><br \/>&#13;<br \/>\n&#13;<br \/>\n                <span style=\"font-weight: bold;\">Secretaria de Sa\u00fade<\/span><\/p>\n<p><span style=\"font-weight: 400;\">Por conta do <\/span><span style=\"font-weight: 400;\">feriado cont\u00ednuo da Semana Santa e de Tiradentes<\/span><span style=\"font-weight: 400;\">, a Opera\u00e7\u00e3o Casa Limpa desta semana ser\u00e1 na quinta-feira (17), nas zonas norte e leste.<\/span><\/p>\n<p><span style=\"font-weight: 400;\">A a\u00e7\u00e3o, que geralmente ocorre aos s\u00e1bados, est\u00e1 entre as principais <\/span><span style=\"font-weight: 400;\">iniciativas da Prefeitura de S\u00e3o Jos\u00e9 dos Campos no combate \u00e0 dengue<\/span><span style=\"font-weight: 400;\">.<\/span><\/p>\n<p><span style=\"font-weight: 400;\">Das 7h \u00e0s 12h, os moradores dever\u00e3o deixar em frente de casa os itens que possam ser criadouros do mosquito <\/span><em><span style=\"font-weight: 400;\">Aedes aegypti<\/span><\/em><span style=\"font-weight: 400;\"> \u2013 latas, potes, pneus, garrafas, lonas, lou\u00e7as sanit\u00e1rias, baldes, tambores, piscinas desmont\u00e1veis ou quaisquer objetos que acumulem \u00e1gua \u2013 para que sejam recolhidos pelos dois caminh\u00f5es que v\u00e3o circular pelos bairros.<\/span><\/p>\n<p><span style=\"font-weight: 400;\">\u00c9 importante refor\u00e7ar que restos de constru\u00e7\u00f5es, m\u00f3veis e madeiras n\u00e3o ser\u00e3o retirados. Esses materiais devem ser entregues nos <\/span><span style=\"font-weight: 400;\">PEVs (pontos de entrega volunt\u00e1ria)<\/span><span style=\"font-weight: 400;\">.<\/span><\/p>\n<p><span style=\"font-weight: 400;\">J\u00e1 foram 13 edi\u00e7\u00f5es realizadas neste ano, em todas as regi\u00f5es da cidade, coletando mais de 14 toneladas de objetos nos lares de joseenses conscientes, que fizeram o dever de casa ao separar os materiais.<\/span><\/p>\n<p><span class=\"intertitulo\">Bairros<\/span><\/p>\n<p><strong>Regi\u00e3o norte:<\/strong><\/p>\n<p><span style=\"font-weight: 400;\">\u2022 Vila Paiva<\/span><\/p>\n<p><span style=\"font-weight: 400;\">\u2022 Altos do Vila Paiva<\/span><\/p>\n<p><span style=\"font-weight: 400;\">\u2022 Jardim Boa Vista<\/span><\/p>\n<p><span style=\"font-weight: 400;\">\u2022 Residencial Caminho das Montanhas<\/span><\/p>\n<p><span style=\"font-weight: 400;\">\u2022 Jardim Santa Matilde<\/span><\/p>\n<p><strong>Regi\u00e3o leste:<\/strong><\/p>\n<p><span style=\"font-weight: 400;\">\u2022 Parque Novo Horizonte<\/span><\/p>\n<p><span style=\"font-weight: 400;\">\u2022 Jardim Cerejeiras<\/span><\/p>\n<p><span style=\"font-weight: 400;\">\u2022 Residencial Dom Bosco<\/span><\/p>\n<p><span class=\"intertitulo\">Preven\u00e7\u00e3o<\/span><\/p>\n<p><span style=\"font-weight: 400;\">Diariamente, diversas medidas de controle e enfrentamento \u00e0 dengue s\u00e3o executadas por todo o munic\u00edpio. <\/span><span style=\"font-weight: 400;\">A programa\u00e7\u00e3o do <\/span><span style=\"font-weight: 400;\">carro antidengue<\/span><span style=\"font-weight: 400;\">, <\/span><span style=\"font-weight: 400;\">nebuliza\u00e7\u00e3o costal<\/span><span style=\"font-weight: 400;\">, <\/span><span style=\"font-weight: 400;\">controle de criadouros<\/span><span style=\"font-weight: 400;\"> e <\/span><span style=\"font-weight: 400;\">fumac\u00ea<\/span><span style=\"font-weight: 400;\"> podem ser acompanhadas pelo site da Prefeitura.<\/span><\/p>\n<p><span style=\"font-weight: 400;\">Em 2024, o munic\u00edpio registrou mais de 98 mil casos da doen\u00e7a. A colabora\u00e7\u00e3o de todos no combate ao Aedes aegypti \u00e9 muito importante para evitar uma nova epidemia.<\/span><\/p>\n<p><span style=\"font-weight: 400;\">Os dias mais quentes e chuvosos do ver\u00e3o s\u00e3o prop\u00edcios para prolifera\u00e7\u00e3o das larvas. \u00c9 fundamental que a popula\u00e7\u00e3o tamb\u00e9m redobre os cuidados dentro de casa.<\/span><\/p>\n<p><span style=\"font-weight: 400;\">Evite o uso de pratinhos embaixo das plantas, n\u00e3o acumule entulho e lixo, mantenha bem tampados os reservat\u00f3rios e caixas-d&#8217;\u00e1gua. <\/span><\/p>\n<p><span style=\"font-weight: 400;\">Confira <\/span><span style=\"font-weight: 400;\">mais orienta\u00e7\u00f5es<\/span><span style=\"font-weight: 400;\"> para evitar criadouros.<\/span><\/p>\n<p><span style=\"font-weight: 400;\">Caso identifique qualquer poss\u00edvel criadouro do mosquito, entre em contato pela Central 156 (telefone, site e aplicativo).<\/span><\/p>\n<p>&#13;<br \/>\n                        <strong>MAIS NOT\u00cdCIAS<\/strong><br \/>&#13;<br \/>\n                        Secretaria de Sa\u00fade&#13;\n                    <\/p>\n<\/p><\/div>\n","protected":false},"excerpt":{"rendered":"<p>Lucas Brito&#13; &#13; Secretaria de Sa\u00fade Por conta do feriado cont\u00ednuo da Semana Santa e de Tiradentes, a Opera\u00e7\u00e3o Casa Limpa desta semana ser\u00e1 na quinta-feira (17), nas zonas norte e leste. A a\u00e7\u00e3o, que geralmente ocorre aos s\u00e1bados, est\u00e1 entre as principais iniciativas da Prefeitura de S\u00e3o Jos\u00e9 dos Campos no combate \u00e0 dengue. [&hellip;]<\/p>\n","protected":false},"author":1,"featured_media":0,"comment_status":"","ping_status":"","sticky":false,"template":"","format":"standard","meta":{"footnotes":""},"categories":[1],"tags":[],"class_list":["post-35797","post","type-post","status-publish","format-standard","hentry","category-noticias"],"amp_enabled":true,"_links":{"self":[{"href":"https:\/\/novasdodia.com.br\/index.php\/wp-json\/wp\/v2\/posts\/35797","targetHints":{"allow":["GET"]}}],"collection":[{"href":"https:\/\/novasdodia.com.br\/index.php\/wp-json\/wp\/v2\/posts"}],"about":[{"href":"https:\/\/novasdodia.com.br\/index.php\/wp-json\/wp\/v2\/types\/post"}],"author":[{"embeddable":true,"href":"https:\/\/novasdodia.com.br\/index.php\/wp-json\/wp\/v2\/users\/1"}],"replies":[{"embeddable":true,"href":"https:\/\/novasdodia.com.br\/index.php\/wp-json\/wp\/v2\/comments?post=35797"}],"version-history":[{"count":0,"href":"https:\/\/novasdodia.com.br\/index.php\/wp-json\/wp\/v2\/posts\/35797\/revisions"}],"wp:attachment":[{"href":"https:\/\/novasdodia.com.br\/index.php\/wp-json\/wp\/v2\/media?parent=35797"}],"wp:term":[{"taxonomy":"category","embeddable":true,"href":"https:\/\/novasdodia.com.br\/index.php\/wp-json\/wp\/v2\/categories?post=35797"},{"taxonomy":"post_tag","embeddable":true,"href":"https:\/\/novasdodia.com.br\/index.php\/wp-json\/wp\/v2\/tags?post=35797"}],"curies":[{"name":"wp","href":"https:\/\/api.w.org\/{rel}","templated":true}]}}