{"id":36191,"date":"2025-04-27T09:21:32","date_gmt":"2025-04-27T12:21:32","guid":{"rendered":"https:\/\/novasdodia.com.br\/index.php\/2025\/04\/27\/prefeitura-promove-segunda-capacitacao-para-pontos-focais-do-programa-destinos-turisticos-inteligentes-cgnoticias\/"},"modified":"2025-04-27T09:21:32","modified_gmt":"2025-04-27T12:21:32","slug":"prefeitura-promove-segunda-capacitacao-para-pontos-focais-do-programa-destinos-turisticos-inteligentes-cgnoticias","status":"publish","type":"post","link":"https:\/\/novasdodia.com.br\/index.php\/2025\/04\/27\/prefeitura-promove-segunda-capacitacao-para-pontos-focais-do-programa-destinos-turisticos-inteligentes-cgnoticias\/","title":{"rendered":"Prefeitura promove segunda capacita\u00e7\u00e3o para pontos focais do Programa Destinos Tur\u00edsticos Inteligentes \u2013 CGNot\u00edcias"},"content":{"rendered":"<p><\/p>\n<div>\n<p>A segunda capacita\u00e7\u00e3o para pontos focais do Programa Destinos Tur\u00edsticos Inteligentes (DTI) \u2013 promovida pela Secretaria Municipal de Meio Ambiente, Gest\u00e3o Urbana e Desenvolvimento Econ\u00f4mico, Tur\u00edstico e Sustent\u00e1vel (SEMADES), em parceria com o Servi\u00e7o Brasileiro de Apoio \u00e0s Micro e Pequenas Empresas de Mato Grosso do Sul (Sebrae\/MS) \u2013 ser\u00e1 nesta ter\u00e7a-feira (29), das 8h \u00e0s 11h, na sede do Sebrae, localizada na Av. Mato Grosso, 1661. \u00a0 \u00a0<\/p>\n<p>A iniciativa objetiva fazer de Campo Grande um DTI. Para isso, o munic\u00edpio precisa ser um espa\u00e7o tur\u00edstico inovador, acess\u00edvel a todos, consolidado sobre uma infraestrutura tecnol\u00f3gica que garante o desenvolvimento sustent\u00e1vel do territ\u00f3rio e facilita a intera\u00e7\u00e3o e integra\u00e7\u00e3o do visitante com o entorno impactando a qualidade da sua experi\u00eancia no destino e na qualidade de vida dos moradores.<\/p>\n<p>Nesta segunda etapa, os representantes de secretarias e autarquias municipais v\u00e3o apresentar as contribui\u00e7\u00f5es das a\u00e7\u00f5es desenvolvidas dentro dos eixos do Programa DT para transformar Campo Grande em um Destino Tur\u00edstico Inteligente.<\/p>\n<p>Para o secret\u00e1rio da SAMADES, Ademar Silva Junior, a capacita\u00e7\u00e3o dos pontos focais \u00e9 essencial para alinhar a\u00e7\u00f5es estrat\u00e9gicas que consolida Campo Grande como um Destino Tur\u00edstico Inteligente. \u201cEstamos construindo uma pol\u00edtica p\u00fablica baseada em inova\u00e7\u00e3o, dados e planejamento integrado, que fortalece o turismo, impulsiona a economia e melhora a qualidade de vida da popula\u00e7\u00e3o, em conformidade com os Objetivos de Desenvolvimento Sustent\u00e1vel\u201d, disse.<\/p>\n<figure class=\"wp-block-image size-large\"><\/figure>\n<p>O gerente de Desenvolvimento Tur\u00edstico, Wantuyr Tartari, tamb\u00e9m refor\u00e7ou a import\u00e2ncia do modelo adotado pela gest\u00e3o p\u00fablica, que une tecnologia, inova\u00e7\u00e3o e sustentabilidade. \u201cNo \u00faltimo encontro buscamos mostrar aos participantes o que \u00e9 o turismo inteligente e como todas as pastas podem contribuir. Ao adotar o DTI, os munic\u00edpios ganham ferramentas que n\u00e3o apenas aumentam a competitividade no setor, mas tamb\u00e9m promovem um desenvolvimento mais equilibrado e sustent\u00e1vel\u201d, afirmou.<\/p>\n<p>O Destino Tur\u00edstico Inteligente envolve crit\u00e9rios como exist\u00eancia de policiamento, servi\u00e7os de sa\u00fade, plano de mobilidade, programa ou plano estrat\u00e9gico de cidade sustent\u00e1vel e\/ou cidade inteligente, a\u00e7\u00f5es ou projetos relacionados ao desenvolvimento da economia criativa no destino, entre outros quesitos. Tais a\u00e7\u00f5es influenciam diretamente na meta 11 dos Objetivos de Desenvolvimento Sustent\u00e1vel (ODS), que busca equilibrar o desenvolvimento com a preserva\u00e7\u00e3o do meio ambiente e o bem-estar social, tornando assim as cidades e comunidades sustent\u00e1veis e resilientes.<\/p>\n<p>#<em>ParaTodosVerem A imagem de capa e interna mostram imagens de capacita\u00e7\u00e3o. <\/em><\/p>\n<\/div>\n<p><script async defer async defer src=\"https:\/\/connect.facebook.net\/en_US\/sdk.js?ver=1#xfbml=1&amp;version=v3.2\" id=\"prefeitura-campogrande-script-facebook-sdk-js\"><\/script><\/p>\n","protected":false},"excerpt":{"rendered":"<p>A segunda capacita\u00e7\u00e3o para pontos focais do Programa Destinos Tur\u00edsticos Inteligentes (DTI) \u2013 promovida pela Secretaria Municipal de Meio Ambiente, Gest\u00e3o Urbana e Desenvolvimento Econ\u00f4mico, Tur\u00edstico e Sustent\u00e1vel (SEMADES), em parceria com o Servi\u00e7o Brasileiro de Apoio \u00e0s Micro e Pequenas Empresas de Mato Grosso do Sul (Sebrae\/MS) \u2013 ser\u00e1 nesta ter\u00e7a-feira (29), das 8h [&hellip;]<\/p>\n","protected":false},"author":1,"featured_media":0,"comment_status":"","ping_status":"","sticky":false,"template":"","format":"standard","meta":{"footnotes":""},"categories":[],"tags":[],"class_list":["post-36191","post","type-post","status-publish","format-standard","hentry"],"amp_enabled":true,"_links":{"self":[{"href":"https:\/\/novasdodia.com.br\/index.php\/wp-json\/wp\/v2\/posts\/36191","targetHints":{"allow":["GET"]}}],"collection":[{"href":"https:\/\/novasdodia.com.br\/index.php\/wp-json\/wp\/v2\/posts"}],"about":[{"href":"https:\/\/novasdodia.com.br\/index.php\/wp-json\/wp\/v2\/types\/post"}],"author":[{"embeddable":true,"href":"https:\/\/novasdodia.com.br\/index.php\/wp-json\/wp\/v2\/users\/1"}],"replies":[{"embeddable":true,"href":"https:\/\/novasdodia.com.br\/index.php\/wp-json\/wp\/v2\/comments?post=36191"}],"version-history":[{"count":0,"href":"https:\/\/novasdodia.com.br\/index.php\/wp-json\/wp\/v2\/posts\/36191\/revisions"}],"wp:attachment":[{"href":"https:\/\/novasdodia.com.br\/index.php\/wp-json\/wp\/v2\/media?parent=36191"}],"wp:term":[{"taxonomy":"category","embeddable":true,"href":"https:\/\/novasdodia.com.br\/index.php\/wp-json\/wp\/v2\/categories?post=36191"},{"taxonomy":"post_tag","embeddable":true,"href":"https:\/\/novasdodia.com.br\/index.php\/wp-json\/wp\/v2\/tags?post=36191"}],"curies":[{"name":"wp","href":"https:\/\/api.w.org\/{rel}","templated":true}]}}