{"id":36274,"date":"2025-04-29T09:06:22","date_gmt":"2025-04-29T12:06:22","guid":{"rendered":"https:\/\/novasdodia.com.br\/index.php\/2025\/04\/29\/com-tecnologia-e-integracao-governo-de-ms-atua-para-combater-incendios-florestais-no-pantanal\/"},"modified":"2025-04-29T09:06:22","modified_gmt":"2025-04-29T12:06:22","slug":"com-tecnologia-e-integracao-governo-de-ms-atua-para-combater-incendios-florestais-no-pantanal","status":"publish","type":"post","link":"https:\/\/novasdodia.com.br\/index.php\/2025\/04\/29\/com-tecnologia-e-integracao-governo-de-ms-atua-para-combater-incendios-florestais-no-pantanal\/","title":{"rendered":"Com tecnologia e integra\u00e7\u00e3o, Governo de MS atua para combater inc\u00eandios florestais no Pantanal"},"content":{"rendered":"<p><\/p>\n<div>\n<p>Como parte da prepara\u00e7\u00e3o para atuar no per\u00edodo de maior ocorr\u00eancia de inc\u00eandios florestais no Pantanal sul-mato-grossense, o Governo do Estado reativou a opera\u00e7\u00e3o do CICC (Centro Integrado de Comando e Controle).<\/p>\n<p>Al\u00e9m disso, tamb\u00e9m foi expandido o funcionamento do SCI (Sistema de Comando de Incidentes), uma ferramenta importante para planejamento e execu\u00e7\u00e3o de a\u00e7\u00f5es de curto m\u00e9dio e longo prazo da DPA (Diretoria de Prote\u00e7\u00e3o Ambiental), do CBMMS (Corpo de Bombeiros Militar), respons\u00e1vel pela Opera\u00e7\u00e3o Pantanal 2025.<\/p>\n<p>\u201cO Corpo de Bombeiros passou a operar a partir do Centro Integrado de Comando e Controle. Com a proximidade da temporada de inc\u00eandio florestal, do per\u00edodo cr\u00edtico no nosso Estado, \u00e9 necess\u00e1ria uma integra\u00e7\u00e3o maior entre os \u00f3rg\u00e3os da Seguran\u00e7a P\u00fablica, Meio Ambiente, Defesa Civil e demais participantes. Ainda utilizamos a ferramenta do SCI, e assim agregar outros \u00f3rg\u00e3os na nossa opera\u00e7\u00e3o. Para que a resposta do Estado seja \u00fanica, promovendo a integra\u00e7\u00e3o, economia de recursos e principalmente, possibilitar que o socorro ou a demanda seja atendida com mais brevidade poss\u00edvel\u201d, explicou o subdiretor da DPA, major Eduardo Teixeira.<\/p>\n<p>O sistema, uma plataforma com dados e monitoramento das a\u00e7\u00f5es em campo, \u00e9 utilizado desde o ano passado, e contribuiu para atua\u00e7\u00e3o r\u00e1pida dos bombeiros e demais envolvidos no trabalho de combate ao fogo no Estado.<\/p>\n<div id=\"gallery-1\" class=\"gallery galleryid-509049 gallery-columns-2 gallery-size-full\">\n<figure class=\"gallery-item\">\n<div class=\"gallery-icon landscape\"><\/div>\n<\/figure>\n<figure class=\"gallery-item\">\n<div class=\"gallery-icon landscape\"><\/div>\n<\/figure><\/div>\n<p>\u00a0<\/p>\n<p>A atua\u00e7\u00e3o coordenada, al\u00e9m da tecnologia, envolve institui\u00e7\u00f5es diversas nas a\u00e7\u00f5es de preven\u00e7\u00e3o e resposta aos inc\u00eandios florestais no Pantanal, e outros biomas.<\/p>\n<p>\u201cA integra\u00e7\u00e3o das equipes no CICC permite que a gente opere com efici\u00eancia, especialmente na parte do monitoramento das ocorr\u00eancias, na resposta e responsabiliza\u00e7\u00e3o. E tamb\u00e9m \u00e9 um centro de decis\u00f5es para o que \u00e9 necess\u00e1rio, de uma maneira log\u00edstica eficiente e com os recursos que ser\u00e3o \u00fateis em cada local. A gente agrega diversos conhecimentos, tanto do Corpo de Bombeiros como do \u00f3rg\u00e3o ambiental, Defesa Civil e das pol\u00edcias Militar, Civil e a pr\u00f3pria Coordenadoria de Per\u00edcias, quando for o caso\u201d, explicou o major Teixeira.<\/p>\n<p>As boas pr\u00e1ticas desenvolvidas em Mato Grosso do Sul, para monitoramento dos biomas e a\u00e7\u00f5es efetivas de combate a inc\u00eandios florestais contribuem de forma decisiva na preserva\u00e7\u00e3o ambiental.<\/p>\n<p>Com planejamento e organiza\u00e7\u00e3o para a Opera\u00e7\u00e3o Pantanal 2025, equipes do Corpo de Bombeiros, desde mar\u00e7o, j\u00e1 iniciaram o trabalho de forma\u00e7\u00e3o de brigadas e avalia\u00e7\u00e3o de \u00e1reas para instala\u00e7\u00e3o das bases avan\u00e7adas no Pantanal sul-mato-grossense.<\/p>\n<div id=\"gallery-2\" class=\"gallery galleryid-509049 gallery-columns-2 gallery-size-full\">\n<figure class=\"gallery-item\">\n<div class=\"gallery-icon landscape\"><\/div>\n<\/figure>\n<figure class=\"gallery-item\">\n<div class=\"gallery-icon landscape\"><\/div>\n<\/figure><\/div>\n<p><strong>Bases avan\u00e7adas<\/strong><\/p>\n<p>Em paralelo ao trabalho preventivo \u2013 com orienta\u00e7\u00e3o e educa\u00e7\u00e3o ambiental \u2013, tamb\u00e9m ser\u00e3o instaladas bases avan\u00e7adas, de combate aos inc\u00eandios florestais, na regi\u00e3o pantaneira, para facilitar o deslocamento das equipes e a resposta no controle das chamas, especialmente em \u00e1reas de dif\u00edcil acesso.<\/p>\n<p>Com atua\u00e7\u00e3o planejada e organizada, o Corpo de Bombeiros desenvolve importante trabalho nas a\u00e7\u00f5es de controle e combate a inc\u00eandios florestais em todo o Estado. O apoio de diversas tecnologias contribui para a pronta resposta e efetiva extin\u00e7\u00e3o de focos \u2013 especialmente no Pantanal.<\/p>\n<p><em>Natalia Yahn, Comunica\u00e7\u00e3o Governo de MS<\/em><br \/><em>Fotos: \u00c1lvaro Rezende\/Secom<\/em><\/p>\n<p>&#8212;<br \/><strong>Relaciona:<\/strong><\/p>\n<blockquote class=\"wp-embedded-content\" data-secret=\"RiBewRXeBX\">\n<p>Com bases avan\u00e7adas em v\u00e1rias \u00e1reas do Pantanal, Governo de MS prepara combate aos inc\u00eandios e apoia comunidades<\/p>\n<\/blockquote>\n<p><iframe loading=\"lazy\" class=\"wp-embedded-content\" sandbox=\"allow-scripts\" security=\"restricted\" style=\"position: absolute; visibility: hidden;\" title=\"\u201cCom bases avan\u00e7adas em v\u00e1rias \u00e1reas do Pantanal, Governo de MS prepara combate aos inc\u00eandios e apoia comunidades\u201d \u2014 Ag\u00eancia de Noticias do Governo de Mato Grosso do Sul\" src=\"https:\/\/agenciadenoticias.ms.gov.br\/com-bases-avancadas-em-varias-areas-do-pantanal-governo-de-ms-prepara-combate-aos-incendios-e-apoia-comunidades\/embed\/#?secret=wioCHgKhFJ#?secret=RiBewRXeBX\" data-secret=\"RiBewRXeBX\" width=\"500\" height=\"282\" frameborder=\"0\" marginwidth=\"0\" marginheight=\"0\" scrolling=\"no\"><\/iframe><\/p>\n<\/div>\n","protected":false},"excerpt":{"rendered":"<p>Como parte da prepara\u00e7\u00e3o para atuar no per\u00edodo de maior ocorr\u00eancia de inc\u00eandios florestais no Pantanal sul-mato-grossense, o Governo do Estado reativou a opera\u00e7\u00e3o do CICC (Centro Integrado de Comando e Controle). Al\u00e9m disso, tamb\u00e9m foi expandido o funcionamento do SCI (Sistema de Comando de Incidentes), uma ferramenta importante para planejamento e execu\u00e7\u00e3o de a\u00e7\u00f5es [&hellip;]<\/p>\n","protected":false},"author":1,"featured_media":0,"comment_status":"","ping_status":"","sticky":false,"template":"","format":"standard","meta":{"footnotes":""},"categories":[],"tags":[],"class_list":["post-36274","post","type-post","status-publish","format-standard","hentry"],"amp_enabled":true,"_links":{"self":[{"href":"https:\/\/novasdodia.com.br\/index.php\/wp-json\/wp\/v2\/posts\/36274","targetHints":{"allow":["GET"]}}],"collection":[{"href":"https:\/\/novasdodia.com.br\/index.php\/wp-json\/wp\/v2\/posts"}],"about":[{"href":"https:\/\/novasdodia.com.br\/index.php\/wp-json\/wp\/v2\/types\/post"}],"author":[{"embeddable":true,"href":"https:\/\/novasdodia.com.br\/index.php\/wp-json\/wp\/v2\/users\/1"}],"replies":[{"embeddable":true,"href":"https:\/\/novasdodia.com.br\/index.php\/wp-json\/wp\/v2\/comments?post=36274"}],"version-history":[{"count":0,"href":"https:\/\/novasdodia.com.br\/index.php\/wp-json\/wp\/v2\/posts\/36274\/revisions"}],"wp:attachment":[{"href":"https:\/\/novasdodia.com.br\/index.php\/wp-json\/wp\/v2\/media?parent=36274"}],"wp:term":[{"taxonomy":"category","embeddable":true,"href":"https:\/\/novasdodia.com.br\/index.php\/wp-json\/wp\/v2\/categories?post=36274"},{"taxonomy":"post_tag","embeddable":true,"href":"https:\/\/novasdodia.com.br\/index.php\/wp-json\/wp\/v2\/tags?post=36274"}],"curies":[{"name":"wp","href":"https:\/\/api.w.org\/{rel}","templated":true}]}}