{"id":36302,"date":"2025-04-29T19:47:22","date_gmt":"2025-04-29T22:47:22","guid":{"rendered":"https:\/\/novasdodia.com.br\/index.php\/2025\/04\/29\/programa-economia-solidaria-abre-nova-oferta-de-cursos-no-ifsp-ifsp\/"},"modified":"2025-04-29T19:47:22","modified_gmt":"2025-04-29T22:47:22","slug":"programa-economia-solidaria-abre-nova-oferta-de-cursos-no-ifsp-ifsp","status":"publish","type":"post","link":"https:\/\/novasdodia.com.br\/index.php\/2025\/04\/29\/programa-economia-solidaria-abre-nova-oferta-de-cursos-no-ifsp-ifsp\/","title":{"rendered":"Programa Economia Solid\u00e1ria abre nova oferta de cursos no IFSP\u00a0 &#8211; IFSP"},"content":{"rendered":"<p><\/p>\n<div>\n<div class=\"subtitle\">\n<p><span data-contrast=\"none\">Objetivo \u00e9 oferecer ferramentas para empreendedores solid\u00e1rios prosperarem<\/span><span data-ccp-props=\"{}\">\u00a0<\/span><\/p>\n<\/div>\n<p><!-- fim .content-header-options-1 --><\/p>\n<p><span data-contrast=\"none\">O IFSP inicia, no m\u00eas de maio, a oferta do Programa Economia Solid\u00e1ria (Ip\u00ea), que oferece ferramentas e conhecimentos necess\u00e1rios para que os empreendedores possam prosperar em seus empreendimentos solid\u00e1rios. S\u00e3o oferecidas 300 vagas por meio dos campi Avar\u00e9, Boituva, Ilha Solteira, S\u00e3o Jos\u00e9 dos Campos e Suzano. O<\/span><span data-ccp-props=\"{}\">\u00a0Ip\u00ea est\u00e1 alinhado ao\u00a0Programa Manuel Querino de Qualifica\u00e7\u00e3o Social e Profissional \u2014 PMQ, do Minist\u00e9rio do Trabalho e Emprego (MTE).<\/span><\/p>\n<p><span data-contrast=\"none\">As atividades do Ip\u00ea, coordenadas pela Pr\u00f3-Reitoria de Cultura e Extens\u00e3o do IFSP, ser\u00e3o iniciadas no dia 12 de maio, com uma apresenta\u00e7\u00e3o das a\u00e7\u00f5es do projeto, transmitida online pelo canal oficial do IFSP no YouTube. A atividade contar\u00e1 com a participa\u00e7\u00e3o da PRX e dos campi participantes.<\/span><span data-ccp-props=\"{}\">\u00a0<\/span><\/p>\n<p><span data-ccp-props=\"{}\"><iframe loading=\"lazy\" title=\"Forma\u00e7\u00e3o em Economia Popular e Solid\u00e1ria\" width=\"640\" height=\"360\" src=\"https:\/\/www.youtube.com\/embed\/F_hyTBsrEq8?feature=oembed\" frameborder=\"0\" allow=\"accelerometer; autoplay; clipboard-write; encrypted-media; gyroscope; picture-in-picture; web-share\" referrerpolicy=\"strict-origin-when-cross-origin\" allowfullscreen><\/iframe><\/span><\/p>\n<p><span data-contrast=\"none\">Nos dias 13 e 14 de maio, ser\u00e1 realizada uma forma\u00e7\u00e3o de 20 horas para os formadores em Economia Solid\u00e1ria, os quais ministrar\u00e3o os cursos de Agentes de Desenvolvimento Cooperativista Solid\u00e1rio e de Gest\u00e3o de Empreendimentos Econ\u00f4micos Solid\u00e1rios. Saiba mais abaixo.\u00a0<\/span><span data-ccp-props=\"{}\">\u00a0<\/span><\/p>\n<p><span data-contrast=\"none\">Os cursos t\u00eam in\u00edcio no dia 15 de maio e seguem at\u00e9 o m\u00eas de setembro, totalizando 200 horas\/aula.\u00a0<\/span><span data-contrast=\"none\">Cada unidade do IFSP participante do projeto faz um estudo sobre os p\u00fablicos e as demandas dentro da sua regi\u00e3o, de modo a favorecer preferencialmente pessoas com menos acesso \u00e0 capacita\u00e7\u00e3o.\u00a0<\/span><span data-ccp-props=\"{}\">\u00a0<\/span><\/p>\n<p><b><span data-contrast=\"none\">Ilha Solteira<\/span><\/b><span data-ccp-props=\"{}\">\u00a0<\/span><\/p>\n<p><span data-contrast=\"none\"><span class=\"easy_img_caption\" style=\"display:inline-table;max-width:100%;box-sizing:border-box;vertical-align:top;background-color:#F2F2F2;padding:6px 6px 0px 6px;width:301px;float:right;margin: 10px;\"><span class=\"easy_img_caption_inner\" style=\"display:block;\"><span style=\"display:block;color:#000000;font-size:13px;line-height:1.3;font-weight:normal;font-style:normal;text-align:left;padding:4px 0px 4px 0px;margin:0px;\">Fotos: turma 2024 do Programa Economia Solid\u00e1ria do Campus Ilha Solteira <\/span><\/span><\/span>Em 2024, as mulheres compuseram a maior parte dos estudantes dos cursos oferecidos no Campus Ilha Solteira. Elas atuavam, sobretudo, no artesanato, em cooperativas de agricultura familiar e como empreendedoras sociais independentes.\u00a0<\/span><span data-ccp-props=\"{}\">\u00a0<\/span><\/p>\n<p><span data-contrast=\"none\">Uma das entidades convidadas para participar da a\u00e7\u00e3o foi a Associa\u00e7\u00e3o dos Artes\u00e3os do munic\u00edpio. O curso provocou um grande impacto, sobretudo nas participantes mais idosas e naqueles que h\u00e1 muito tempo n\u00e3o se qualificavam, como lembra a presidente da associa\u00e7\u00e3o, Ros\u00e2ngela Cristina Damico Brauna. &#8220;Muitas eram resistentes a aprender, por exemplo, o b\u00e1sico sobre inform\u00e1tica. Outras eram mais introspectivas e, a partir de in\u00fameras atividades em grupo, passaram a interagir com as demais artes\u00e3s&#8221;, relata.<\/span><span data-ccp-props=\"{}\">\u00a0<\/span><\/p>\n<p><span data-contrast=\"none\">O curso promoveu visitas t\u00e9cnicas e pr\u00e1ticas diretas em feiras, associa\u00e7\u00f5es e cooperativas de Ilha Solteira, discutindo e aprofundando o tema da economia solid\u00e1ria.<\/span><span data-ccp-props=\"{}\">\u00a0<\/span><\/p>\n<p><span data-contrast=\"none\">O ponto alto, conta Ros\u00e2ngela, foi a visita \u00e0 MegaArtesanal, maior feira de artesanato da Am\u00e9rica Latina. Al\u00e9m de terem acesso a muitas novidades e \u00e0 mat\u00e9ria-prima mais barata, a viagem tamb\u00e9m foi a primeira oportunidade para muitas conhecerem a capital paulista. &#8220;Foi inimagin\u00e1vel. Voltamos cheias de ideias e produzindo novos artesanatos. Al\u00e9m de ter sido um passeio incr\u00edvel, rimos, socializamos&#8221;, relembra Ros\u00e2ngela.\u00a0<\/span><span data-ccp-props=\"{}\">\u00a0<\/span><\/p>\n<p><span data-contrast=\"none\">Os cursos proporcionaram mais do que conhecimento profissional, permitiram \u00e0s mulheres compreenderem o valor do seu trabalho e sua import\u00e2ncia na sociedade. A presidente da associa\u00e7\u00e3o revela que mulheres que andavam de cabe\u00e7a baixa se empoderaram ao encontrar nas companheiras e no IFSP apoio, incentivo e conhecimento. &#8220;Ap\u00f3s o curso, uma das artes\u00e3s, bastante submissa ao marido, se imp\u00f4s e colocou sua vontade em primeiro lugar, dizendo que queria estar com o grupo de artes\u00e3s nos eventos. Foi bonito de ver esse empoderamento&#8221;.\u00a0<\/span><span data-ccp-props=\"{&quot;134233117&quot;:false,&quot;134233118&quot;:false,&quot;201341983&quot;:0,&quot;335551550&quot;:1,&quot;335551620&quot;:1,&quot;335559685&quot;:0,&quot;335559737&quot;:0,&quot;335559738&quot;:0,&quot;335559739&quot;:160,&quot;335559740&quot;:279}\">\u00a0<\/span><\/p>\n<p><span data-contrast=\"none\">O impacto do curso foi vis\u00edvel no modo de organiza\u00e7\u00e3o e trabalho das cooperativas e associa\u00e7\u00f5es locais, que passaram a adotar novas estrat\u00e9gias de gest\u00e3o, comercializa\u00e7\u00e3o e pr\u00e1ticas colaborativas, fortalecendo a economia solid\u00e1ria em Ilha Solteira.<\/span><span data-ccp-props=\"{&quot;134233117&quot;:false,&quot;134233118&quot;:false,&quot;201341983&quot;:0,&quot;335551550&quot;:1,&quot;335551620&quot;:1,&quot;335559685&quot;:0,&quot;335559737&quot;:0,&quot;335559738&quot;:0,&quot;335559739&quot;:160,&quot;335559740&quot;:279}\">\u00a0<\/span><\/p>\n<p><span data-contrast=\"none\">Mesmo com o fim das aulas, as artes\u00e3s passaram a se encontrar com mais frequ\u00eancia, desenvolveram novos produtos e participam de mais eventos na cidade. Uma grande novidade \u00e9 que tamb\u00e9m passaram a escrever projetos e submet\u00ea-los para editais de incentivo a iniciativas culturais da prefeitura e do Programa de A\u00e7\u00e3o Cultural de S\u00e3o Paulo (ProAc). &#8220;Antes, n\u00e3o faz\u00edamos ideia de como escrever o projeto. Submetemos pela primeira vez e j\u00e1 conseguimos uma nota muito boa&#8221;, afirma Ros\u00e2ngela.\u00a0<\/span><span data-ccp-props=\"{}\">\u00a0<\/span><\/p>\n<p><span data-contrast=\"none\">Com tantas avalia\u00e7\u00f5es positivas, a demanda pelos cursos aumentou. &#8220;As artes\u00e3s que n\u00e3o participaram no ano passado, j\u00e1 se inscreveram. As que fizeram o curso de agente, agora querem fazer o de gestor. Aprimoramos nossos processos e vimos que, por meio do incentivo e do conhecimento, podemos fazer muito mais&#8221;, finaliza Ros\u00e2ngela.<\/span><span data-ccp-props=\"{}\">\u00a0<\/span><\/p>\n<p><b><span data-contrast=\"none\">Ip\u00ea<\/span><\/b><span data-ccp-props=\"{}\">\u00a0<\/span><\/p>\n<p><span data-contrast=\"none\">No IFSP, o Ip\u00ea est\u00e1 alinhado com o <\/span><span data-contrast=\"none\">Programa Manuel Querino de Qualifica\u00e7\u00e3o Social e Profissional \u2014 PMQ, do Minist\u00e9rio do Trabalho e Emprego (MTE), que apresenta como objetivo a forma\u00e7\u00e3o dos trabalhadores dos empreendimentos econ\u00f4micos populares e solid\u00e1rios <\/span><span data-contrast=\"none\">com foco no acesso e na perman\u00eancia em ocupa\u00e7\u00f5es demandadas pelo setor produtivo local e\/ou relacionado \u00e0 voca\u00e7\u00e3o econ\u00f4mica de cada territ\u00f3rio.\u00a0<\/span><span data-ccp-props=\"{&quot;134233117&quot;:false,&quot;134233118&quot;:false,&quot;335557856&quot;:16777215,&quot;335559738&quot;:0,&quot;335559739&quot;:150}\">\u00a0<\/span><\/p>\n<p><span data-contrast=\"none\">Um dos diferenciais da capacita\u00e7\u00e3o \u00e9 a escolha do p\u00fablico-alvo. \u201cNos preocupamos em oferecer o curso ao p\u00fablico marginalizado, como as mulheres, a comunidade LGBTQIA+, as comunidades ribeirinhas, os quilombolas, as pessoas privadas de liberdade. S\u00e3o pessoas com menos acesso \u00e0s pol\u00edticas de capacita\u00e7\u00e3o social e profissional\u201d, avalia o coordenador-adjunto do programa e docente do Campus Ilha Solteira, Marcos da Cruz Alves Siqueira.\u00a0<\/span><span data-ccp-props=\"{&quot;134233117&quot;:false,&quot;134233118&quot;:false,&quot;335557856&quot;:16777215,&quot;335559738&quot;:0,&quot;335559739&quot;:150}\">\u00a0<\/span><\/p>\n<p><span data-contrast=\"none\">Mariana Bertolotti, diretora de Equidade e A\u00e7\u00f5es Comunit\u00e1rias, pasta respons\u00e1vel pela coordena\u00e7\u00e3o do Ip\u00ea na Pr\u00f3-Reitoria e Cultura e Extens\u00e3o do IFSP, destaca a import\u00e2ncia da retomada das a\u00e7\u00f5es da Secretaria de Economia Solid\u00e1ria do Minist\u00e9rio do Trabalho e Emprego (Senaes\/MTE), ap\u00f3s sua extin\u00e7\u00e3o no governo anterior. \u201cO curso vai dar embasamento para que cooperativas e associa\u00e7\u00f5es possam acessar recursos federais, ent\u00e3o vem reparar uma pol\u00edtica econ\u00f4mica voltada a essas institui\u00e7\u00f5es que n\u00e3o aconteceu nos \u00faltimos seis anos\u201d. A coordena\u00e7\u00e3o do projeto no IFSP acredita que a proposi\u00e7\u00e3o desse trabalho significa a tentativa de \u201cfomentar um novo mundo, de trazer novas oportunidades\u201d.\u00a0<\/span><span data-ccp-props=\"{}\">\u00a0<\/span><\/p>\n<p><span data-contrast=\"none\">Saiba mais sobre o programa aqui<\/span><span data-contrast=\"none\">.\u00a0<\/span><span data-ccp-props=\"{}\">\u00a0<\/span><\/p>\n<p><b><span data-contrast=\"none\">Cursos<\/span><\/b><span data-ccp-props=\"{&quot;134233117&quot;:false,&quot;134233118&quot;:false,&quot;335557856&quot;:16777215,&quot;335559738&quot;:0,&quot;335559739&quot;:150}\">\u00a0<\/span><\/p>\n<p><span data-contrast=\"none\">O projeto liderado pelo IFSP abrange duas capacita\u00e7\u00f5es fundamentais para o fortalecimento da economia solid\u00e1ria: Agentes de Desenvolvimento Cooperativista Solid\u00e1rio e Gest\u00e3o de Empreendimentos Econ\u00f4micos Solid\u00e1rios.<\/span><span data-ccp-props=\"{&quot;134233117&quot;:false,&quot;134233118&quot;:false,&quot;335557856&quot;:16777215,&quot;335559738&quot;:0,&quot;335559739&quot;:150}\">\u00a0<\/span><\/p>\n<p><span data-contrast=\"auto\">O agente de Desenvolvimento Cooperativista Solid\u00e1rio a<\/span><span data-contrast=\"none\">uxilia no planejamento, na execu\u00e7\u00e3o de processos, na presta\u00e7\u00e3o de assist\u00eancia e servi\u00e7os aos cooperados. Tamb\u00e9m desenvolve estrat\u00e9gias de fomento \u00e0s pol\u00edticas p\u00fablicas de economia solid\u00e1ria no territ\u00f3rio, \u00e0 cria\u00e7\u00e3o de Empreendimentos Econ\u00f4micos Solid\u00e1rios (EES), \u00e0 articula\u00e7\u00e3o e constru\u00e7\u00e3o de redes de coopera\u00e7\u00e3o solid\u00e1rias e cadeias produtivas em economia solid\u00e1ria.\u00a0<\/span><span data-ccp-props=\"{&quot;134233117&quot;:false,&quot;134233118&quot;:false,&quot;201341983&quot;:0,&quot;335551550&quot;:6,&quot;335551620&quot;:6,&quot;335559685&quot;:0,&quot;335559731&quot;:0,&quot;335559737&quot;:0,&quot;335559738&quot;:0,&quot;335559739&quot;:0,&quot;335559740&quot;:279}\">\u00a0<\/span><\/p>\n<p><span data-contrast=\"none\">J\u00e1 o gestor de Empreendimentos Econ\u00f4micos Solid\u00e1rios domina conceitos e pr\u00e1ticas de gest\u00e3o de pessoas, de associativismo, e de cooperativismo. Ele sabe identificar oportunidades de mercado, considerando t\u00e9cnicas de gest\u00e3o da inova\u00e7\u00e3o.\u00a0<\/span><span data-ccp-props=\"{&quot;134233117&quot;:false,&quot;134233118&quot;:false,&quot;335551550&quot;:6,&quot;335551620&quot;:6,&quot;335559731&quot;:0,&quot;335559738&quot;:0,&quot;335559739&quot;:0}\">\u00a0<\/span><\/p>\n<p><span data-ccp-props=\"{&quot;134233117&quot;:false,&quot;134233118&quot;:false,&quot;335551550&quot;:6,&quot;335551620&quot;:6,&quot;335559731&quot;:0,&quot;335559738&quot;:0,&quot;335559739&quot;:0}\">Leia tamb\u00e9m: IFSP participa da Etapa Estadual da 4\u00aa Confer\u00eancia Nacional de Economia Popular e Solid\u00e1ria<\/span><\/p>\n<p><span data-ccp-props=\"{&quot;134233117&quot;:false,&quot;134233118&quot;:false,&quot;335551550&quot;:6,&quot;335551620&quot;:6,&quot;335559731&quot;:0,&quot;335559738&quot;:0,&quot;335559739&quot;:0}\"><\/span><\/p>\n<p><span data-ccp-props=\"{&quot;134233117&quot;:false,&quot;134233118&quot;:false,&quot;335557856&quot;:16777215,&quot;335559738&quot;:0,&quot;335559739&quot;:150}\">\u00a0<\/span><\/p>\n<\/div>\n","protected":false},"excerpt":{"rendered":"<p>Objetivo \u00e9 oferecer ferramentas para empreendedores solid\u00e1rios prosperarem\u00a0 O IFSP inicia, no m\u00eas de maio, a oferta do Programa Economia Solid\u00e1ria (Ip\u00ea), que oferece ferramentas e conhecimentos necess\u00e1rios para que os empreendedores possam prosperar em seus empreendimentos solid\u00e1rios. S\u00e3o oferecidas 300 vagas por meio dos campi Avar\u00e9, Boituva, Ilha Solteira, S\u00e3o Jos\u00e9 dos Campos e [&hellip;]<\/p>\n","protected":false},"author":1,"featured_media":0,"comment_status":"","ping_status":"","sticky":false,"template":"","format":"standard","meta":{"footnotes":""},"categories":[1],"tags":[],"class_list":["post-36302","post","type-post","status-publish","format-standard","hentry","category-noticias"],"amp_enabled":true,"_links":{"self":[{"href":"https:\/\/novasdodia.com.br\/index.php\/wp-json\/wp\/v2\/posts\/36302","targetHints":{"allow":["GET"]}}],"collection":[{"href":"https:\/\/novasdodia.com.br\/index.php\/wp-json\/wp\/v2\/posts"}],"about":[{"href":"https:\/\/novasdodia.com.br\/index.php\/wp-json\/wp\/v2\/types\/post"}],"author":[{"embeddable":true,"href":"https:\/\/novasdodia.com.br\/index.php\/wp-json\/wp\/v2\/users\/1"}],"replies":[{"embeddable":true,"href":"https:\/\/novasdodia.com.br\/index.php\/wp-json\/wp\/v2\/comments?post=36302"}],"version-history":[{"count":0,"href":"https:\/\/novasdodia.com.br\/index.php\/wp-json\/wp\/v2\/posts\/36302\/revisions"}],"wp:attachment":[{"href":"https:\/\/novasdodia.com.br\/index.php\/wp-json\/wp\/v2\/media?parent=36302"}],"wp:term":[{"taxonomy":"category","embeddable":true,"href":"https:\/\/novasdodia.com.br\/index.php\/wp-json\/wp\/v2\/categories?post=36302"},{"taxonomy":"post_tag","embeddable":true,"href":"https:\/\/novasdodia.com.br\/index.php\/wp-json\/wp\/v2\/tags?post=36302"}],"curies":[{"name":"wp","href":"https:\/\/api.w.org\/{rel}","templated":true}]}}