{"id":36341,"date":"2025-04-30T15:17:23","date_gmt":"2025-04-30T18:17:23","guid":{"rendered":"https:\/\/novasdodia.com.br\/index.php\/2025\/04\/30\/com-tempo-firme-prefeitura-retoma-obras-de-recuperacao-dos-estragos-causados-pela-chuva-cgnoticias\/"},"modified":"2025-04-30T15:17:23","modified_gmt":"2025-04-30T18:17:23","slug":"com-tempo-firme-prefeitura-retoma-obras-de-recuperacao-dos-estragos-causados-pela-chuva-cgnoticias","status":"publish","type":"post","link":"https:\/\/novasdodia.com.br\/index.php\/2025\/04\/30\/com-tempo-firme-prefeitura-retoma-obras-de-recuperacao-dos-estragos-causados-pela-chuva-cgnoticias\/","title":{"rendered":"Com tempo firme, Prefeitura retoma obras de recupera\u00e7\u00e3o dos estragos causados pela chuva \u2013 CGNot\u00edcias"},"content":{"rendered":"<p><\/p>\n<div>\n<p>Com a tr\u00e9gua das chuvas, as equipes da Secretaria Municipal de Infraestrutura e Servi\u00e7os P\u00fablicos (Sisep) e das empresas terceirizadas retomaram as obras de recupera\u00e7\u00e3o dos danos provocados pelas \u00faltimas tempestades, principalmente na Ch\u00e1cara dos Poderes, onde uma rua precisou ser interditada devido a uma eros\u00e3o, e na Rua da Divis\u00e3o, no bairro Parati.<\/p>\n<p>Na Ch\u00e1cara dos Poderes, ser\u00e1 realizada a reconstru\u00e7\u00e3o da tubula\u00e7\u00e3o do sistema de drenagem, que foi arrancada pela enxurrada na semana passada, al\u00e9m da recomposi\u00e7\u00e3o do aterro e da estrada. Conforme relataram moradores, o buraco se formou devido ao desvio do fluxo da \u00e1gua que descia pela NE-1, ap\u00f3s um morador ter fechado a estrada EW-1. Isso alterou o curso natural da enxurrada, que anteriormente seguia pela EW-1 at\u00e9 a bacia de amortecimento em constru\u00e7\u00e3o no final da Rua Urup\u00eas, na divisa entre o Jardim Noroeste e a Ch\u00e1cara dos Poderes. No s\u00e1bado, a Sisep desobstruiu a via, restabelecendo o fluxo normal da \u00e1gua da chuva.<\/p>\n<p>Ainda na Ch\u00e1cara dos Poderes, a Sisep intensificou os servi\u00e7os de patrolamento e cascalhamento das estradas, especialmente nas rotas alternativas utilizadas durante a interdi\u00e7\u00e3o da SE-1.<\/p>\n<p>As obras seguem firmes tamb\u00e9m na Rua da Divis\u00e3o, onde a chuva abriu uma cratera ao lado da ponte. Na semana passada, a enxurrada danificou a tubula\u00e7\u00e3o do sistema de drenagem. Al\u00e9m da recomposi\u00e7\u00e3o do aterro para fechar a cratera, est\u00e1 sendo realizada a reconstru\u00e7\u00e3o do sistema de drenagem.<\/p>\n<figure class=\"wp-block-image size-large\"><\/figure>\n<p>Na Avenida Ernesto Geisel, est\u00e3o sendo preparadas as estruturas necess\u00e1rias para a recoloca\u00e7\u00e3o das placas de concreto que foram danificadas durante o temporal. Est\u00e3o sendo organizados os materiais e as m\u00e1quinas que ser\u00e3o utilizadas na obra. Na segunda-feira (5), os trabalhos ter\u00e3o in\u00edcio em frente ao Centro de Belas Artes, onde o impacto foi menor. J\u00e1 em frente ao Hospital do C\u00e2ncer, a interven\u00e7\u00e3o ser\u00e1 mais complexa, pois ser\u00e1 necess\u00e1rio refazer a estrutura das paredes de concreto que desabaram, al\u00e9m da recomposi\u00e7\u00e3o do aterro.<\/p>\n<p>Na Avenida Filinto M\u00fcller, em frente ao Lago do Amor, as equipes da Sisep intensificaram os trabalhos de recomposi\u00e7\u00e3o da cal\u00e7ada e do meio-fio. No temporal do \u00faltimo dia 18 de mar\u00e7o, o lago voltou a transbordar, e a for\u00e7a da \u00e1gua arrastou parte do aterro nas proximidades do extravasor. Para conter novos desmoronamentos, foram colocadas pedras de grande porte na \u00e1rea afetada. A solu\u00e7\u00e3o surtiu o efeito esperado: mesmo com o novo transbordamento ocorrido durante a chuva da semana passada, a estrutura constru\u00edda resistiu sem danos, mesmo antes da aplica\u00e7\u00e3o do concreto.<\/p>\n<p>#<em>ParaTodosVerem As imagens mostram a\u00e7\u00f5es da Sisep.<\/em><\/p>\n<\/div>\n<p><script async defer async defer src=\"https:\/\/connect.facebook.net\/en_US\/sdk.js?ver=1#xfbml=1&amp;version=v3.2\" id=\"prefeitura-campogrande-script-facebook-sdk-js\"><\/script><\/p>\n","protected":false},"excerpt":{"rendered":"<p>Com a tr\u00e9gua das chuvas, as equipes da Secretaria Municipal de Infraestrutura e Servi\u00e7os P\u00fablicos (Sisep) e das empresas terceirizadas retomaram as obras de recupera\u00e7\u00e3o dos danos provocados pelas \u00faltimas tempestades, principalmente na Ch\u00e1cara dos Poderes, onde uma rua precisou ser interditada devido a uma eros\u00e3o, e na Rua da Divis\u00e3o, no bairro Parati. Na [&hellip;]<\/p>\n","protected":false},"author":1,"featured_media":0,"comment_status":"","ping_status":"","sticky":false,"template":"","format":"standard","meta":{"footnotes":""},"categories":[],"tags":[],"class_list":["post-36341","post","type-post","status-publish","format-standard","hentry"],"amp_enabled":true,"_links":{"self":[{"href":"https:\/\/novasdodia.com.br\/index.php\/wp-json\/wp\/v2\/posts\/36341","targetHints":{"allow":["GET"]}}],"collection":[{"href":"https:\/\/novasdodia.com.br\/index.php\/wp-json\/wp\/v2\/posts"}],"about":[{"href":"https:\/\/novasdodia.com.br\/index.php\/wp-json\/wp\/v2\/types\/post"}],"author":[{"embeddable":true,"href":"https:\/\/novasdodia.com.br\/index.php\/wp-json\/wp\/v2\/users\/1"}],"replies":[{"embeddable":true,"href":"https:\/\/novasdodia.com.br\/index.php\/wp-json\/wp\/v2\/comments?post=36341"}],"version-history":[{"count":0,"href":"https:\/\/novasdodia.com.br\/index.php\/wp-json\/wp\/v2\/posts\/36341\/revisions"}],"wp:attachment":[{"href":"https:\/\/novasdodia.com.br\/index.php\/wp-json\/wp\/v2\/media?parent=36341"}],"wp:term":[{"taxonomy":"category","embeddable":true,"href":"https:\/\/novasdodia.com.br\/index.php\/wp-json\/wp\/v2\/categories?post=36341"},{"taxonomy":"post_tag","embeddable":true,"href":"https:\/\/novasdodia.com.br\/index.php\/wp-json\/wp\/v2\/tags?post=36341"}],"curies":[{"name":"wp","href":"https:\/\/api.w.org\/{rel}","templated":true}]}}