{"id":36363,"date":"2025-05-01T01:54:24","date_gmt":"2025-05-01T04:54:24","guid":{"rendered":"https:\/\/novasdodia.com.br\/index.php\/2025\/05\/01\/prefeitura-acompanha-apuracao-de-incendio-em-onibus-prefeitura-estancia-turistica-guaratingueta\/"},"modified":"2025-05-01T01:54:24","modified_gmt":"2025-05-01T04:54:24","slug":"prefeitura-acompanha-apuracao-de-incendio-em-onibus-prefeitura-estancia-turistica-guaratingueta","status":"publish","type":"post","link":"https:\/\/novasdodia.com.br\/index.php\/2025\/05\/01\/prefeitura-acompanha-apuracao-de-incendio-em-onibus-prefeitura-estancia-turistica-guaratingueta\/","title":{"rendered":"Prefeitura acompanha apura\u00e7\u00e3o de inc\u00eandio em \u00f4nibus \u2013 Prefeitura Est\u00e2ncia Tur\u00edstica Guaratinguet\u00e1"},"content":{"rendered":"<p><\/p>\n<div>\n<p>A Prefeitura de Guaratinguet\u00e1, por meio da Secretaria de Seguran\u00e7a e Mobilidade Urbana, informa que est\u00e1 acompanhando junto \u00e0 empresa Rodovi\u00e1rio Oceano a apura\u00e7\u00e3o do incidente ocorrido na \u00faltima ter\u00e7a-feira, 29, no qual um \u00f4nibus da frota do transporte p\u00fablico, que fazia a linha do Gomeral, pegou fogo.<\/p>\n<p>A empresa informou que as investiga\u00e7\u00f5es preliminares d\u00e3o conta que a causa do inc\u00eandio pode ter sido motivada por uma pane el\u00e9trica.<\/p>\n<p>Vale ressaltar, que a fiscaliza\u00e7\u00e3o \u00e9 de responsabilidade da secretaria de seguran\u00e7a e mobilidade urbana, realizada por agentes de tr\u00e2nsito, os quais fazem vistorias veiculares di\u00e1rias nos carros, com objetivo de verificar as condi\u00e7\u00f5es dos equipamentos obrigat\u00f3rios para o tr\u00e1fego seguro, antes que os mesmos iniciem a opera\u00e7\u00e3o nas linhas. Sempre que algum item do check list dessa vistoria aponta alguma irregularidade, a concession\u00e1ria \u00e9 notificada para que seja sanado o problema e n\u00e3o prejudique a presta\u00e7\u00e3o do servi\u00e7o ao p\u00fablico.<\/p>\n<\/p><\/div>\n","protected":false},"excerpt":{"rendered":"<p>A Prefeitura de Guaratinguet\u00e1, por meio da Secretaria de Seguran\u00e7a e Mobilidade Urbana, informa que est\u00e1 acompanhando junto \u00e0 empresa Rodovi\u00e1rio Oceano a apura\u00e7\u00e3o do incidente ocorrido na \u00faltima ter\u00e7a-feira, 29, no qual um \u00f4nibus da frota do transporte p\u00fablico, que fazia a linha do Gomeral, pegou fogo. A empresa informou que as investiga\u00e7\u00f5es preliminares [&hellip;]<\/p>\n","protected":false},"author":1,"featured_media":0,"comment_status":"","ping_status":"","sticky":false,"template":"","format":"standard","meta":{"footnotes":""},"categories":[1],"tags":[],"class_list":["post-36363","post","type-post","status-publish","format-standard","hentry","category-noticias"],"amp_enabled":true,"_links":{"self":[{"href":"https:\/\/novasdodia.com.br\/index.php\/wp-json\/wp\/v2\/posts\/36363","targetHints":{"allow":["GET"]}}],"collection":[{"href":"https:\/\/novasdodia.com.br\/index.php\/wp-json\/wp\/v2\/posts"}],"about":[{"href":"https:\/\/novasdodia.com.br\/index.php\/wp-json\/wp\/v2\/types\/post"}],"author":[{"embeddable":true,"href":"https:\/\/novasdodia.com.br\/index.php\/wp-json\/wp\/v2\/users\/1"}],"replies":[{"embeddable":true,"href":"https:\/\/novasdodia.com.br\/index.php\/wp-json\/wp\/v2\/comments?post=36363"}],"version-history":[{"count":0,"href":"https:\/\/novasdodia.com.br\/index.php\/wp-json\/wp\/v2\/posts\/36363\/revisions"}],"wp:attachment":[{"href":"https:\/\/novasdodia.com.br\/index.php\/wp-json\/wp\/v2\/media?parent=36363"}],"wp:term":[{"taxonomy":"category","embeddable":true,"href":"https:\/\/novasdodia.com.br\/index.php\/wp-json\/wp\/v2\/categories?post=36363"},{"taxonomy":"post_tag","embeddable":true,"href":"https:\/\/novasdodia.com.br\/index.php\/wp-json\/wp\/v2\/tags?post=36363"}],"curies":[{"name":"wp","href":"https:\/\/api.w.org\/{rel}","templated":true}]}}