{"id":36408,"date":"2025-05-02T09:01:26","date_gmt":"2025-05-02T12:01:26","guid":{"rendered":"https:\/\/novasdodia.com.br\/index.php\/2025\/05\/02\/agetran-realiza-cerimonia-de-abertura-da-campanha-maio-amarelo-2025-na-proxima-segunda-feira-05-cgnoticias\/"},"modified":"2025-05-02T09:01:26","modified_gmt":"2025-05-02T12:01:26","slug":"agetran-realiza-cerimonia-de-abertura-da-campanha-maio-amarelo-2025-na-proxima-segunda-feira-05-cgnoticias","status":"publish","type":"post","link":"https:\/\/novasdodia.com.br\/index.php\/2025\/05\/02\/agetran-realiza-cerimonia-de-abertura-da-campanha-maio-amarelo-2025-na-proxima-segunda-feira-05-cgnoticias\/","title":{"rendered":"AGETRAN realiza cerim\u00f4nia de abertura da Campanha Maio Amarelo 2025 na pr\u00f3xima segunda-feira (05) \u2013 CGNot\u00edcias"},"content":{"rendered":"<p><\/p>\n<div>\n<p>Na pr\u00f3xima segunda-feira, 5 de maio, a partir das 8h30, a Ag\u00eancia Municipal de Transporte e Tr\u00e2nsito (AGETRAN) promove a Cerim\u00f4nia de Abertura da Campanha Maio Amarelo 2025, na Pra\u00e7a Ary Coelho, localizada na Avenida Afonso Pena, no Centro de Campo Grande.<\/p>\n<p>A cerim\u00f4nia dar\u00e1 in\u00edcio a uma s\u00e9rie de a\u00e7\u00f5es educativas, palestras, blitzes e atividades de conscientiza\u00e7\u00e3o que ser\u00e3o realizadas ao longo do m\u00eas de maio, em institui\u00e7\u00f5es de ensino e empresas de todo o Estado de Mato Grosso do Sul.<\/p>\n<p>Em 2025, a campanha traz o tema \u201cDesacelere. Seu bem maior \u00e9 a vida.\u201d, um convite \u00e0 reflex\u00e3o que ultrapassa ruas e avenidas. A proposta \u00e9 incentivar a desacelera\u00e7\u00e3o n\u00e3o apenas no tr\u00e2nsito, mas tamb\u00e9m no ritmo da vida cotidiana, promovendo uma conviv\u00eancia mais segura, emp\u00e1tica e consciente. O foco est\u00e1 na vida como prioridade absoluta, refor\u00e7ando o papel de cada cidad\u00e3o na constru\u00e7\u00e3o de um tr\u00e2nsito mais humano e menos violento.<\/p>\n<p>O evento contar\u00e1 com a presen\u00e7a de representantes de todos os \u00f3rg\u00e3os de tr\u00e2nsito das esferas municipal, estadual e federal, como a Guarda Civil Metropolitana (GCM), DETRAN-MS, CETRAN-MS, Pol\u00edcia Militar de Mato Grosso do Sul (PMMS), Departamento Nacional de Infraestrutura de Transportes (DNIT) e Pol\u00edcia Rodovi\u00e1ria Federal (PRF). Tamb\u00e9m participar\u00e3o integrantes do Gabinete de Gest\u00e3o Integrada de Tr\u00e2nsito (GGIT), al\u00e9m de representantes da sociedade civil e empresas apoiadoras da campanha.<\/p>\n<p>O Maio Amarelo \u00e9 um movimento mundial de conscientiza\u00e7\u00e3o para a redu\u00e7\u00e3o de sinistros de tr\u00e2nsito, institu\u00eddo pela Organiza\u00e7\u00e3o das Na\u00e7\u00f5es Unidas (ONU) em 2011. O objetivo \u00e9 colocar em pauta a seguran\u00e7a vi\u00e1ria e mobilizar toda a sociedade \u2014 poder p\u00fablico, empresas, entidades e cidad\u00e3os \u2014 pela constru\u00e7\u00e3o de um tr\u00e2nsito mais seguro. A cor amarela representa aten\u00e7\u00e3o e sinaliza\u00e7\u00e3o de alerta, remetendo ao compromisso com a valoriza\u00e7\u00e3o da vida.<\/p>\n<p>A AGETRAN convida toda a comunidade a participar ativamente da cerim\u00f4nia de abertura e das a\u00e7\u00f5es promovidas durante o Maio Amarelo, refor\u00e7ando o compromisso coletivo com a preserva\u00e7\u00e3o da vida, o respeito \u00e0s leis de tr\u00e2nsito e a promo\u00e7\u00e3o de uma cultura de paz e empatia nas vias.<\/p>\n<p>#<em>ParaTodosVerem A imagem de capa \u00e9 de arquivo e mostra a\u00e7\u00e3o do Maio Amarelo edi\u00e7\u00e3o anterior, onde um dos participantes entregam panfletos a carros em uma das ruas da cidade. <\/em><\/p>\n<\/div>\n<p><script async defer async defer src=\"https:\/\/connect.facebook.net\/en_US\/sdk.js?ver=1#xfbml=1&amp;version=v3.2\" id=\"prefeitura-campogrande-script-facebook-sdk-js\"><\/script><\/p>\n","protected":false},"excerpt":{"rendered":"<p>Na pr\u00f3xima segunda-feira, 5 de maio, a partir das 8h30, a Ag\u00eancia Municipal de Transporte e Tr\u00e2nsito (AGETRAN) promove a Cerim\u00f4nia de Abertura da Campanha Maio Amarelo 2025, na Pra\u00e7a Ary Coelho, localizada na Avenida Afonso Pena, no Centro de Campo Grande. A cerim\u00f4nia dar\u00e1 in\u00edcio a uma s\u00e9rie de a\u00e7\u00f5es educativas, palestras, blitzes e [&hellip;]<\/p>\n","protected":false},"author":1,"featured_media":0,"comment_status":"","ping_status":"","sticky":false,"template":"","format":"standard","meta":{"footnotes":""},"categories":[],"tags":[],"class_list":["post-36408","post","type-post","status-publish","format-standard","hentry"],"amp_enabled":true,"_links":{"self":[{"href":"https:\/\/novasdodia.com.br\/index.php\/wp-json\/wp\/v2\/posts\/36408","targetHints":{"allow":["GET"]}}],"collection":[{"href":"https:\/\/novasdodia.com.br\/index.php\/wp-json\/wp\/v2\/posts"}],"about":[{"href":"https:\/\/novasdodia.com.br\/index.php\/wp-json\/wp\/v2\/types\/post"}],"author":[{"embeddable":true,"href":"https:\/\/novasdodia.com.br\/index.php\/wp-json\/wp\/v2\/users\/1"}],"replies":[{"embeddable":true,"href":"https:\/\/novasdodia.com.br\/index.php\/wp-json\/wp\/v2\/comments?post=36408"}],"version-history":[{"count":0,"href":"https:\/\/novasdodia.com.br\/index.php\/wp-json\/wp\/v2\/posts\/36408\/revisions"}],"wp:attachment":[{"href":"https:\/\/novasdodia.com.br\/index.php\/wp-json\/wp\/v2\/media?parent=36408"}],"wp:term":[{"taxonomy":"category","embeddable":true,"href":"https:\/\/novasdodia.com.br\/index.php\/wp-json\/wp\/v2\/categories?post=36408"},{"taxonomy":"post_tag","embeddable":true,"href":"https:\/\/novasdodia.com.br\/index.php\/wp-json\/wp\/v2\/tags?post=36408"}],"curies":[{"name":"wp","href":"https:\/\/api.w.org\/{rel}","templated":true}]}}