{"id":36422,"date":"2025-05-02T17:47:20","date_gmt":"2025-05-02T20:47:20","guid":{"rendered":"https:\/\/novasdodia.com.br\/index.php\/2025\/05\/02\/operacao-impacto-integrada-reforca-seguranca-em-sao-jose\/"},"modified":"2025-05-02T17:47:20","modified_gmt":"2025-05-02T20:47:20","slug":"operacao-impacto-integrada-reforca-seguranca-em-sao-jose","status":"publish","type":"post","link":"https:\/\/novasdodia.com.br\/index.php\/2025\/05\/02\/operacao-impacto-integrada-reforca-seguranca-em-sao-jose\/","title":{"rendered":"Opera\u00e7\u00e3o Impacto Integrada refor\u00e7a seguran\u00e7a em S\u00e3o Jos\u00e9"},"content":{"rendered":"<p><\/p>\n<div>\n<p><b>Paula Paz<\/b><br \/>&#13;<br \/>\n&#13;<br \/>\n                <span style=\"font-weight: bold;\">Secretaria de Prote\u00e7\u00e3o ao Cidad\u00e3o<\/span><\/p>\n<p><span style=\"font-weight: 400;\">As for\u00e7as de seguran\u00e7a do programa S\u00e3o Jos\u00e9 Unida, coordenado pela Prefeitura de S\u00e3o Jos\u00e9 dos Campos, realizaram nesta quarta-feira (30) mais uma <\/span>Opera\u00e7\u00e3o Impacto Integrada<span style=\"font-weight: 400;\">, planejada e conduzida pela Pol\u00edcia Militar, por meio do 46\u00ba Batalh\u00e3o. Durante a a\u00e7\u00e3o, duas pessoas foram presas pelos crimes de recepta\u00e7\u00e3o e jogo de azar.<\/span><\/p>\n<p><span class=\"intertitulo\">A\u00e7\u00e3o conjunta<\/span><\/p>\n<p><span style=\"font-weight: 400;\">A Pol\u00edcia Militar participou com equipes de radiopatrulhamento, ROCAM, For\u00e7a T\u00e1tica e apoio da CPTran (Comando de Policiamento de Tr\u00e2nsito).<\/span><\/p>\n<p><span style=\"font-weight: 400;\">A opera\u00e7\u00e3o tamb\u00e9m contou com a participa\u00e7\u00e3o de \u00f3rg\u00e3os parceiros, como a Guarda Civil Municipal (ROMU e GTAM), Fiscaliza\u00e7\u00e3o de Posturas, Departamento de Tr\u00e2nsito, Detran-SP e representantes da Prefeitura de Ca\u00e7apava.<\/span><\/p>\n<p><span class=\"intertitulo\">Regi\u00f5es atendidas<\/span><\/p>\n<p><span style=\"font-weight: 400;\">As equipes atuaram nas regi\u00f5es leste e sul de S\u00e3o Jos\u00e9 dos Campos e tamb\u00e9m em Ca\u00e7apava, com a\u00e7\u00f5es preventivas e repressivas contra crimes contra a vida e o patrim\u00f4nio. Foram realizadas abordagens, buscas por criminosos e bloqueios para fiscaliza\u00e7\u00e3o de ve\u00edculos em desacordo com a legisla\u00e7\u00e3o de tr\u00e2nsito urbano, com apoio do Detran-SP.<\/span><\/p>\n<p><span style=\"font-weight: 400;\">Al\u00e9m disso, bares e adegas em funcionamento irregular foram fiscalizados com apoio da Atividade Delegada.<\/span><\/p>\n<p><span class=\"intertitulo\">Saldo da Opera\u00e7\u00e3o<\/span><\/p>\n<ul>&#13;<\/p>\n<li style=\"font-weight: 400;\" aria-level=\"1\">2 pessoas presas<span style=\"font-weight: 400;\"> por recepta\u00e7\u00e3o e envolvimento com jogo de azar<\/span><span style=\"font-weight: 400;\"\/><\/li>\n<p>&#13;<\/p>\n<li style=\"font-weight: 400;\" aria-level=\"1\">5 m\u00e1quinas ca\u00e7a-n\u00edqueis<span style=\"font-weight: 400;\"> apreendidas<\/span><span style=\"font-weight: 400;\"\/><\/li>\n<p>&#13;<\/p>\n<li style=\"font-weight: 400;\" aria-level=\"1\">457 pessoas abordadas<\/li>\n<p>&#13;<\/p>\n<li style=\"font-weight: 400;\" aria-level=\"1\">424 ve\u00edculos fiscalizados<\/li>\n<p>&#13;<\/p>\n<li style=\"font-weight: 400;\" aria-level=\"1\">131 autos de infra\u00e7\u00e3o de tr\u00e2nsito<span style=\"font-weight: 400;\"> lavrados<\/span><span style=\"font-weight: 400;\"\/><\/li>\n<p>&#13;<\/p>\n<li style=\"font-weight: 400;\" aria-level=\"1\">48 carros<span style=\"font-weight: 400;\"> removidos ao p\u00e1tio<\/span><span style=\"font-weight: 400;\"\/><\/li>\n<p>&#13;<\/p>\n<li style=\"font-weight: 400;\" aria-level=\"1\">20 motos<span style=\"font-weight: 400;\"> removidas ao p\u00e1tio<\/span><span style=\"font-weight: 400;\"\/><\/li>\n<p>&#13;<\/p>\n<li style=\"font-weight: 400;\" aria-level=\"1\">1 moto furtada<span style=\"font-weight: 400;\"> recuperada<\/span><span style=\"font-weight: 400;\"\/><\/li>\n<p>&#13;<\/p>\n<li style=\"font-weight: 400;\" aria-level=\"1\">1 adolescente apreendido<span style=\"font-weight: 400;\"> pelo crime de homic\u00eddio<\/span><span style=\"font-weight: 400;\"\/><\/li>\n<p>&#13;<\/p>\n<li style=\"font-weight: 400;\" aria-level=\"1\">5 adegas<span style=\"font-weight: 400;\"> autuadas por irregularidades<\/span><span style=\"font-weight: 400;\"\/><\/li>\n<p>&#13;<\/p>\n<li style=\"font-weight: 400;\" aria-level=\"1\">2 adegas<span style=\"font-weight: 400;\"> interditadas<\/span><span style=\"font-weight: 400;\"\/><\/li>\n<p>&#13;\n<\/ul>\n<p><span style=\"font-weight: 400;\">A Opera\u00e7\u00e3o Impacto Integrada refor\u00e7a o compromisso das For\u00e7as de Seguran\u00e7a e da\u00a0 Prefeitura de S\u00e3o Jos\u00e9 dos Campos em proteger a popula\u00e7\u00e3o e garantir a ordem p\u00fablica com a\u00e7\u00f5es coordenadas, presen\u00e7a firme nas ruas e resultados concretos.\u00a0<\/span><\/p>\n<p>&#13;<br \/>\n                        <strong>MAIS NOT\u00cdCIAS<\/strong><br \/>&#13;<br \/>\n                        Secretaria de Prote\u00e7\u00e3o ao Cidad\u00e3o&#13;\n                    <\/p>\n<\/p><\/div>\n","protected":false},"excerpt":{"rendered":"<p>Paula Paz&#13; &#13; Secretaria de Prote\u00e7\u00e3o ao Cidad\u00e3o As for\u00e7as de seguran\u00e7a do programa S\u00e3o Jos\u00e9 Unida, coordenado pela Prefeitura de S\u00e3o Jos\u00e9 dos Campos, realizaram nesta quarta-feira (30) mais uma Opera\u00e7\u00e3o Impacto Integrada, planejada e conduzida pela Pol\u00edcia Militar, por meio do 46\u00ba Batalh\u00e3o. Durante a a\u00e7\u00e3o, duas pessoas foram presas pelos crimes de [&hellip;]<\/p>\n","protected":false},"author":1,"featured_media":0,"comment_status":"","ping_status":"","sticky":false,"template":"","format":"standard","meta":{"footnotes":""},"categories":[1],"tags":[],"class_list":["post-36422","post","type-post","status-publish","format-standard","hentry","category-noticias"],"amp_enabled":true,"_links":{"self":[{"href":"https:\/\/novasdodia.com.br\/index.php\/wp-json\/wp\/v2\/posts\/36422","targetHints":{"allow":["GET"]}}],"collection":[{"href":"https:\/\/novasdodia.com.br\/index.php\/wp-json\/wp\/v2\/posts"}],"about":[{"href":"https:\/\/novasdodia.com.br\/index.php\/wp-json\/wp\/v2\/types\/post"}],"author":[{"embeddable":true,"href":"https:\/\/novasdodia.com.br\/index.php\/wp-json\/wp\/v2\/users\/1"}],"replies":[{"embeddable":true,"href":"https:\/\/novasdodia.com.br\/index.php\/wp-json\/wp\/v2\/comments?post=36422"}],"version-history":[{"count":0,"href":"https:\/\/novasdodia.com.br\/index.php\/wp-json\/wp\/v2\/posts\/36422\/revisions"}],"wp:attachment":[{"href":"https:\/\/novasdodia.com.br\/index.php\/wp-json\/wp\/v2\/media?parent=36422"}],"wp:term":[{"taxonomy":"category","embeddable":true,"href":"https:\/\/novasdodia.com.br\/index.php\/wp-json\/wp\/v2\/categories?post=36422"},{"taxonomy":"post_tag","embeddable":true,"href":"https:\/\/novasdodia.com.br\/index.php\/wp-json\/wp\/v2\/tags?post=36422"}],"curies":[{"name":"wp","href":"https:\/\/api.w.org\/{rel}","templated":true}]}}