{"id":36827,"date":"2025-05-12T11:40:37","date_gmt":"2025-05-12T14:40:37","guid":{"rendered":"https:\/\/novasdodia.com.br\/index.php\/2025\/05\/12\/aviso-de-licitacao-pregao-eletronico-no-12-2025-contratacao-de-empresa-especializada-para-instalacao-e-configuracao-de-servicos-de-internet-via-fibra-optica-incluindo-cabeamento-estru"},"modified":"2025-05-12T11:40:37","modified_gmt":"2025-05-12T14:40:37","slug":"aviso-de-licitacao-pregao-eletronico-no-12-2025-contratacao-de-empresa-especializada-para-instalacao-e-configuracao-de-servicos-de-internet-via-fibra-optica-incluindo-cabeamento-estruturado-e-forn","status":"publish","type":"post","link":"https:\/\/novasdodia.com.br\/index.php\/2025\/05\/12\/aviso-de-licitacao-pregao-eletronico-no-12-2025-contratacao-de-empresa-especializada-para-instalacao-e-configuracao-de-servicos-de-internet-via-fibra-optica-incluindo-cabeamento-estruturado-e-forn\/","title":{"rendered":"AVISO DE LICITA\u00c7\u00c3O PREG\u00c3O ELETR\u00d4NICO N\u00ba. 12\/2025 &#8211; Contrata\u00e7\u00e3o de empresa especializada para instala\u00e7\u00e3o e configura\u00e7\u00e3o de servi\u00e7os de internet via fibra \u00f3ptica, incluindo cabeamento estruturado e fornecimento de equipamentos em regime de comodato. A solu\u00e7\u00e3o prev\u00ea a implementa\u00e7\u00e3o de estruturas individuais para cada pr\u00e9dio p\u00fablico municipal, garantindo comunica\u00e7\u00e3o eficiente e segura entre os \u00f3rg\u00e3os. O ponto principal da rede ser\u00e1 localizado no pr\u00e9dio da administra\u00e7\u00e3o, e a conex\u00e3o com os demais atendimentos do munic\u00edpio ser\u00e1 realizada por meio de estrutura ponto a ponto, eliminando a necessidade de comunica\u00e7\u00e3o via VPN. Al\u00e9m disso, ser\u00e1 realizada a instala\u00e7\u00e3o e gest\u00e3o da rede interna de cada ponto, garantindo seguran\u00e7a, controle de acesso e filtragem de conte\u00fado inapropriado. &#8211; Prefeitura Municipal de Bonito"},"content":{"rendered":"<p><\/p>\n<div data-td-block-uid=\"tdi_60\">\n<div class=\"tdb-block-inner td-fix-index\">\n<h3 class=\"wp-block-heading\">O MUNIC\u00cdPIO DE BONITO\/MS, atrav\u00e9s da Secretaria Municipal de Administra\u00e7\u00e3o e Finan\u00e7as, torna p\u00fablico a abertura da Licita\u00e7\u00e3o, na Modalidade Preg\u00e3o Eletr\u00f4nico, que ser\u00e1 regida pela Lei Federal n\u00ba. 14.133, de 01 de abril de 2021, pelo Decreto Municipal n\u00ba. 77\/2025 e pela Lei Complementar n\u00ba. 123\/2006 e suas altera\u00e7\u00f5es, conforme adiante especificada:<\/h3>\n<p><strong>OBJETO:<\/strong> Contrata\u00e7\u00e3o de empresa especializada para instala\u00e7\u00e3o e configura\u00e7\u00e3o de servi\u00e7os de internet via fibra \u00f3ptica, incluindo cabeamento estruturado e fornecimento de equipamentos em regime de comodato. A solu\u00e7\u00e3o prev\u00ea a implementa\u00e7\u00e3o de estruturas individuais para cada pr\u00e9dio p\u00fablico municipal, garantindo comunica\u00e7\u00e3o eficiente e segura entre os \u00f3rg\u00e3os. O ponto principal da rede ser\u00e1 localizado no pr\u00e9dio da administra\u00e7\u00e3o, e a conex\u00e3o com os demais atendimentos do munic\u00edpio ser\u00e1 realizada por meio de estrutura ponto a ponto, eliminando a necessidade de comunica\u00e7\u00e3o via VPN. Al\u00e9m disso, ser\u00e1 realizada a instala\u00e7\u00e3o e gest\u00e3o da rede interna de cada ponto, garantindo seguran\u00e7a, controle de acesso e filtragem de conte\u00fado inapropriado.<\/p>\n<h3 class=\"wp-block-heading\">\u00a0<\/h3>\n<h3 class=\"wp-block-heading\">C\u00f3digo Registro Informa\u00e7\u00e3o \u2013 D3CFF9980C244948858BB3514B3380914FD572AA<\/h3>\n<p><strong>ABERTURA DA SESS\u00c3O:<\/strong> 26 de abril de 2025.<\/p>\n<p><strong>HORAS: <\/strong>09h00min.(Hor\u00e1rio de Bras\u00edlia).<\/p>\n<h3 class=\"wp-block-heading\">LOCAL: Plataforma BLL, por meio do site www.bll.org.br<\/h3>\n<h3 class=\"wp-block-heading\">RETIRADA DO EDITAL: O edital com os dados completos encontra-se dispon\u00edvel aos interessados no endere\u00e7o acima especificado e no site da Prefeitura Municipal www.bonito.ms.gov.br, gratuitamente.<\/h3>\n<h3 class=\"wp-block-heading\">\u00a0<\/h3>\n<p>Bonito\/MS, 09 de maio de 2025.<\/p>\n<p>Assinado na Autoriza\u00e7\u00e3o<\/p>\n<p>Edilberto Cruz Gon\u00e7alves<\/p>\n<p>Secret\u00e1rio Municipal de Administra\u00e7\u00e3o e Finan\u00e7as.<\/p>\n<\/div>\n<\/div>\n","protected":false},"excerpt":{"rendered":"<p>O MUNIC\u00cdPIO DE BONITO\/MS, atrav\u00e9s da Secretaria Municipal de Administra\u00e7\u00e3o e Finan\u00e7as, torna p\u00fablico a abertura da Licita\u00e7\u00e3o, na Modalidade Preg\u00e3o Eletr\u00f4nico, que ser\u00e1 regida pela Lei Federal n\u00ba. 14.133, de 01 de abril de 2021, pelo Decreto Municipal n\u00ba. 77\/2025 e pela Lei Complementar n\u00ba. 123\/2006 e suas altera\u00e7\u00f5es, conforme adiante especificada: OBJETO: Contrata\u00e7\u00e3o [&hellip;]<\/p>\n","protected":false},"author":1,"featured_media":0,"comment_status":"","ping_status":"","sticky":false,"template":"","format":"standard","meta":{"footnotes":""},"categories":[],"tags":[],"class_list":["post-36827","post","type-post","status-publish","format-standard","hentry"],"amp_enabled":true,"_links":{"self":[{"href":"https:\/\/novasdodia.com.br\/index.php\/wp-json\/wp\/v2\/posts\/36827","targetHints":{"allow":["GET"]}}],"collection":[{"href":"https:\/\/novasdodia.com.br\/index.php\/wp-json\/wp\/v2\/posts"}],"about":[{"href":"https:\/\/novasdodia.com.br\/index.php\/wp-json\/wp\/v2\/types\/post"}],"author":[{"embeddable":true,"href":"https:\/\/novasdodia.com.br\/index.php\/wp-json\/wp\/v2\/users\/1"}],"replies":[{"embeddable":true,"href":"https:\/\/novasdodia.com.br\/index.php\/wp-json\/wp\/v2\/comments?post=36827"}],"version-history":[{"count":0,"href":"https:\/\/novasdodia.com.br\/index.php\/wp-json\/wp\/v2\/posts\/36827\/revisions"}],"wp:attachment":[{"href":"https:\/\/novasdodia.com.br\/index.php\/wp-json\/wp\/v2\/media?parent=36827"}],"wp:term":[{"taxonomy":"category","embeddable":true,"href":"https:\/\/novasdodia.com.br\/index.php\/wp-json\/wp\/v2\/categories?post=36827"},{"taxonomy":"post_tag","embeddable":true,"href":"https:\/\/novasdodia.com.br\/index.php\/wp-json\/wp\/v2\/tags?post=36827"}],"curies":[{"name":"wp","href":"https:\/\/api.w.org\/{rel}","templated":true}]}}