{"id":36994,"date":"2025-05-15T13:18:03","date_gmt":"2025-05-15T16:18:03","guid":{"rendered":"https:\/\/novasdodia.com.br\/index.php\/2025\/05\/15\/jardim-recebe-obras-de-esgoto-da-sanesul-e-amplia-cobertura-com-foco-na-universalizacao-agencia-de-noticias-do-governo-de-mato-grosso-do-sul\/"},"modified":"2025-05-15T13:18:03","modified_gmt":"2025-05-15T16:18:03","slug":"jardim-recebe-obras-de-esgoto-da-sanesul-e-amplia-cobertura-com-foco-na-universalizacao-agencia-de-noticias-do-governo-de-mato-grosso-do-sul","status":"publish","type":"post","link":"https:\/\/novasdodia.com.br\/index.php\/2025\/05\/15\/jardim-recebe-obras-de-esgoto-da-sanesul-e-amplia-cobertura-com-foco-na-universalizacao-agencia-de-noticias-do-governo-de-mato-grosso-do-sul\/","title":{"rendered":"Jardim recebe obras de esgoto da Sanesul e amplia cobertura com foco na universaliza\u00e7\u00e3o \u2013 Ag\u00eancia de Noticias do Governo de Mato Grosso do Sul"},"content":{"rendered":"<p><\/p>\n<div>\n<p style=\"text-align: center;\"><em>Os investimentos ultrapassam R$ 5,3 milh\u00f5es, sendo R$ 5.196.865,28 em infraestrutura e mais R$ 204.030,09 na adequa\u00e7\u00e3o do laborat\u00f3rio<\/em><\/p>\n<p>O munic\u00edpio de Jardim, que comemora seus 79 anos de emancipa\u00e7\u00e3o, ser\u00e1 contemplado neste s\u00e1bado (17) com a entrega de obras importantes para o avan\u00e7o da qualidade de vida da popula\u00e7\u00e3o. Como parte da programa\u00e7\u00e3o alusiva \u00e0 data, o governo do Estado, por meio da Sanesul (Empresa de Saneamento de Mato Grosso do Sul), vai entregar uma s\u00e9rie de investimentos em esgotamento sanit\u00e1rio, refor\u00e7ando o compromisso da gest\u00e3o municipalista do governador Eduardo Riedel com o desenvolvimento das cidades do interior.<\/p>\n<p>As obras a serem entregues incluem 11.343 metros de rede coletora de esgoto, 1.005 novas liga\u00e7\u00f5es domiciliares e melhorias nas esta\u00e7\u00f5es elevat\u00f3rias de esgoto bruto C e Major Costa.<\/p>\n<p>Tamb\u00e9m foram executadas obras complementares e a reabilita\u00e7\u00e3o do Laborat\u00f3rio de Ensaio e Controle. Os investimentos ultrapassam R$ 5,3 milh\u00f5es, sendo R$ 5.196.865,28 em infraestrutura e mais R$ 204.030,09 na adequa\u00e7\u00e3o do laborat\u00f3rio.<\/p>\n<p>A gest\u00e3o de Eduardo Riedel tem priorizado o municipalismo como estrat\u00e9gia central, apostando na articula\u00e7\u00e3o com as prefeituras para garantir que os investimentos do Estado resultem em melhorias concretas na ponta.<\/p>\n<p>O objetivo \u00e9 assegurar que as demandas locais sejam atendidas com mais agilidade e que os recursos cheguem diretamente \u00e0 popula\u00e7\u00e3o.<\/p>\n<p>Com os novos sistemas, Jardim passar\u00e1 a contar com 54,25% de \u00e1rea de cobertura de esgoto no munic\u00edpio, um avan\u00e7o relevante que alinha a cidade \u00e0 meta nacional de universaliza\u00e7\u00e3o dos servi\u00e7os prevista no novo marco legal do saneamento b\u00e1sico, que estabelece o prazo de 2033.<\/p>\n<p>A meta do governo de Mato Grosso do Sul e da Sanesul \u00e9 antecipar essa meta em dois anos, mirando sua concretiza\u00e7\u00e3o at\u00e9 2031.<\/p>\n<p>Para a Sanesul, o avan\u00e7o nos servi\u00e7os de saneamento b\u00e1sico \u00e9 uma prioridade estrat\u00e9gica, por garantir mais sa\u00fade e dignidade \u00e0 popula\u00e7\u00e3o, al\u00e9m de contribuir para o desenvolvimento sustent\u00e1vel dos munic\u00edpios.<\/p>\n<p>Esse tamb\u00e9m \u00e9 o modelo de gest\u00e3o defendido pela empresa, incluindo a parceria institucional com as prefeituras, investimentos planejados e foco na entrega de resultados concretos \u00e0 sociedade.<\/p>\n<p><strong>Ato solene<\/strong><\/p>\n<p>A cerim\u00f4nia de entrega deve contar com a presen\u00e7a de autoridades locais e estaduais, incluindo o prefeito Juliano da Cunha Miranda, vereadores, secret\u00e1rios municipais e estaduais, al\u00e9m de parlamentares. O diretor de Engenharia e Meio Ambiente da Sanesul, Leopoldo Godoy do Esp\u00edrito Santo, representar\u00e1 o diretor-presidente da empresa, Renato Marc\u00edlio.<\/p>\n<p>A parceria com a prefeitura de Jardim tem sido fundamental para a execu\u00e7\u00e3o das obras, que integram o Programa Avan\u00e7ar Cidades, voltado ao financiamento e implementa\u00e7\u00e3o de projetos de infraestrutura urbana com foco em saneamento b\u00e1sico.<\/p>\n<p>A regi\u00e3o de Jardim tem papel estrat\u00e9gico no contexto socioecon\u00f4mico de Mato Grosso do Sul, com destaque para os setores tur\u00edstico, agr\u00edcola e de servi\u00e7os, o que torna ainda mais relevante o fortalecimento da infraestrutura local.<\/p>\n<p>A Sanesul acredita que com planejamento, investimento e coopera\u00e7\u00e3o entre os entes federativos, Jardim d\u00e1 mais um passo rumo \u00e0 universaliza\u00e7\u00e3o do saneamento \u2014 meta que o governo do Estado pretende alcan\u00e7ar tamb\u00e9m nos outros 67 munic\u00edpios onde a Sanesul det\u00e9m a concess\u00e3o dos servi\u00e7os p\u00fablicos.<\/p>\n<p><em>Comunica\u00e7\u00e3o Sanesul<\/em><\/p>\n<\/div>\n","protected":false},"excerpt":{"rendered":"<p>Os investimentos ultrapassam R$ 5,3 milh\u00f5es, sendo R$ 5.196.865,28 em infraestrutura e mais R$ 204.030,09 na adequa\u00e7\u00e3o do laborat\u00f3rio O munic\u00edpio de Jardim, que comemora seus 79 anos de emancipa\u00e7\u00e3o, ser\u00e1 contemplado neste s\u00e1bado (17) com a entrega de obras importantes para o avan\u00e7o da qualidade de vida da popula\u00e7\u00e3o. Como parte da programa\u00e7\u00e3o alusiva [&hellip;]<\/p>\n","protected":false},"author":1,"featured_media":0,"comment_status":"","ping_status":"","sticky":false,"template":"","format":"standard","meta":{"footnotes":""},"categories":[1],"tags":[],"class_list":["post-36994","post","type-post","status-publish","format-standard","hentry","category-noticias"],"amp_enabled":true,"_links":{"self":[{"href":"https:\/\/novasdodia.com.br\/index.php\/wp-json\/wp\/v2\/posts\/36994","targetHints":{"allow":["GET"]}}],"collection":[{"href":"https:\/\/novasdodia.com.br\/index.php\/wp-json\/wp\/v2\/posts"}],"about":[{"href":"https:\/\/novasdodia.com.br\/index.php\/wp-json\/wp\/v2\/types\/post"}],"author":[{"embeddable":true,"href":"https:\/\/novasdodia.com.br\/index.php\/wp-json\/wp\/v2\/users\/1"}],"replies":[{"embeddable":true,"href":"https:\/\/novasdodia.com.br\/index.php\/wp-json\/wp\/v2\/comments?post=36994"}],"version-history":[{"count":0,"href":"https:\/\/novasdodia.com.br\/index.php\/wp-json\/wp\/v2\/posts\/36994\/revisions"}],"wp:attachment":[{"href":"https:\/\/novasdodia.com.br\/index.php\/wp-json\/wp\/v2\/media?parent=36994"}],"wp:term":[{"taxonomy":"category","embeddable":true,"href":"https:\/\/novasdodia.com.br\/index.php\/wp-json\/wp\/v2\/categories?post=36994"},{"taxonomy":"post_tag","embeddable":true,"href":"https:\/\/novasdodia.com.br\/index.php\/wp-json\/wp\/v2\/tags?post=36994"}],"curies":[{"name":"wp","href":"https:\/\/api.w.org\/{rel}","templated":true}]}}